{"id":9518,"date":"2025-03-30T15:09:21","date_gmt":"2025-03-30T19:09:21","guid":{"rendered":"https:\/\/lagrandeecoledesaffaires.com\/?p=9518"},"modified":"2025-04-01T10:51:49","modified_gmt":"2025-04-01T14:51:49","slug":"le-negociateur-est-un-ouvreur-dhuitre-transformez-les-defis-en-opportunites","status":"publish","type":"post","link":"https:\/\/lagrandeecoledesaffaires.com\/index.php\/le-negociateur-est-un-ouvreur-dhuitre-transformez-les-defis-en-opportunites\/","title":{"rendered":"Le n\u00e9gociateur est un ouvreur d&rsquo;hu\u00eetre. Transformez les D\u00e9fis en Opportunit\u00e9s! s&rsquo;adapter avec courage"},"content":{"rendered":"<div class=\"vc_row wpb_row vc_row-fluid\">\n<p><img loading=\"lazy\" decoding=\"async\" class=\"wp-image-9507 alignleft\" src=\"https:\/\/lagrandeecoledesaffaires.com\/wp-content\/uploads\/2025\/03\/huitre-avec-perle-300x200.jpeg\" alt=\"\" width=\"389\" height=\"259\" srcset=\"https:\/\/lagrandeecoledesaffaires.com\/wp-content\/uploads\/2025\/03\/huitre-avec-perle-300x200.jpeg 300w, https:\/\/lagrandeecoledesaffaires.com\/wp-content\/uploads\/2025\/03\/huitre-avec-perle-768x512.jpeg 768w, https:\/\/lagrandeecoledesaffaires.com\/wp-content\/uploads\/2025\/03\/huitre-avec-perle-272x182.jpeg 272w, https:\/\/lagrandeecoledesaffaires.com\/wp-content\/uploads\/2025\/03\/huitre-avec-perle.jpeg 960w\" sizes=\"auto, (max-width: 389px) 100vw, 389px\" \/><\/p>\n<h1 data-pm-slice=\"1 1 []\"><span style=\"color: #333399;\"><strong><span style=\"color: #000000;\">\u00a0 \u00a0 \u00a0EN ENTREPRISE &amp; GRAND PUBLIC<\/span>\u00a0\u00a0<\/strong><\/span><\/h1>\n<h1 data-pm-slice=\"1 1 []\"><span style=\"color: #000000;\">Adaptez Vos Strat\u00e9gies de N\u00e9gociation : \u00a0\u00bb <\/span><\/h1>\n<h2 data-pm-slice=\"1 1 []\"><span style=\"color: #000000;\">Formation en N\u00e9gociation Strat\u00e9gique : <strong>Maximisez la Performance de vos Cadres<\/strong><\/span><\/h2>\n<h3><span style=\"color: #000000;\"><strong>Dans un contexte en constante \u00e9volution, il est essentiel d&rsquo;ajuster ses strat\u00e9gies pour rester performant.<\/strong><\/span><\/h3>\n<p>&nbsp;<\/p>\n<p><span style=\"color: #000000;\"><em><strong>Le n\u00e9gociateur est un ouvreur d&rsquo;hu\u00eetre. Il sait comment cr\u00e9er un sentiment de confiance qui cr\u00e9e le d\u00e9sir de collaborer et de s&rsquo;investir.<\/strong><\/em><\/span><\/p>\n<h2><strong>POURQUOI CETTE FORMATION ?<\/strong><\/h2>\n<h2><strong>Objectifs:<\/strong><\/h2>\n<\/div>\n<div class=\"vc_row wpb_row vc_row-fluid\">\n<ul data-spread=\"false\">\n<li><strong>Ma\u00eetriser l&rsquo;Art de la n\u00e9gociation strat\u00e9gique<\/strong> pour <strong>optimiser<\/strong> les relations et <strong>maximiser <\/strong>les revenus.<\/li>\n<li><strong>S&rsquo;adapter aux nouvelles r\u00e8gles du jeu<\/strong> et <strong>savoir saisir <\/strong>les opportunit\u00e9s actuelles.<\/li>\n<li><strong>Surprendre par des strat\u00e9gies cr\u00e9atives<\/strong> et <strong>efficaces<\/strong>.<\/li>\n<\/ul>\n<div>\n<hr \/>\n<\/div>\n<h2 class=\"wpb_column vc_column_container vc_col-sm-12\"><strong>\u00a0<\/strong><\/h2>\n<h2 class=\"wpb_column vc_column_container vc_col-sm-12\"><strong> \u00a0 \u00a0 \u00a0 <img loading=\"lazy\" decoding=\"async\" class=\"alignnone wp-image-9478\" src=\"https:\/\/lagrandeecoledesaffaires.com\/wp-content\/uploads\/2025\/03\/Negociation-3-avril-2024-1-300x160.webp\" alt=\"\" width=\"413\" height=\"220\" srcset=\"https:\/\/lagrandeecoledesaffaires.com\/wp-content\/uploads\/2025\/03\/Negociation-3-avril-2024-1-300x160.webp 300w, https:\/\/lagrandeecoledesaffaires.com\/wp-content\/uploads\/2025\/03\/Negociation-3-avril-2024-1-1024x546.webp 1024w, https:\/\/lagrandeecoledesaffaires.com\/wp-content\/uploads\/2025\/03\/Negociation-3-avril-2024-1-768x410.webp 768w, https:\/\/lagrandeecoledesaffaires.com\/wp-content\/uploads\/2025\/03\/Negociation-3-avril-2024-1-1320x704.webp 1320w, https:\/\/lagrandeecoledesaffaires.com\/wp-content\/uploads\/2025\/03\/Negociation-3-avril-2024-1.webp 1350w\" sizes=\"auto, (max-width: 413px) 100vw, 413px\" \/>\u00a0 \u00a0 \u00a0 \u00a0 \u00a0 \u00a0 \u00a0 \u00a0 \u00a0 \u00a0 \u00a0 \u00a0 \u00a0 \u00a0 \u00a0 \u00a0 \u00a0 \u00a0 \u00a0 \u00a0 \u00a0 \u00a0 \u00a0 \u00a0 \u00a0 \u00a0 \u00a0 \u00a0\u00a0<\/strong><\/h2>\n<h2 class=\"wpb_column vc_column_container vc_col-sm-12\"><strong>\u00a0<\/strong><strong>Contenu de la Formation<\/strong><strong>\u00a0 \u00a0 \u00a0 \u00a0 \u00a0 \u00a0 \u00a0 \u00a0 \u00a0 \u00a0 \u00a0 \u00a0 \u00a0 \u00a0 \u00a0 \u00a0 \u00a0 \u00a0 \u00a0 \u00a0 \u00a0 \u00a0 \u00a0 \u00a0 \u00a0 \u00a0\u00a0<\/strong><\/h2>\n<ul data-spread=\"false\">\n<li>Pr\u00e9paration et analyse strat\u00e9gique<\/li>\n<li>Attitudes gagnantes en n\u00e9gociation<\/li>\n<li>D\u00e9veloppement d&rsquo;un relationnel subtil et efficace<\/li>\n<li>Ma\u00eetrise du silence et \u00e9coute active<\/li>\n<li>Gestion des \u00e9motions et des man\u0153uvres d\u00e9loyales<\/li>\n<li>Adaptation aux contextes multi-ethniques et interg\u00e9n\u00e9rationnels<\/li>\n<li>Comp\u00e9tence \u00e0 n\u00e9gocier des solutions plut\u00f4t que des positions<\/li>\n<li>Lecture du langage corporel et gestion du regard<\/li>\n<\/ul>\n<div>\n<hr \/>\n<\/div>\n<h2><strong>Modalit\u00e9s de la Formation<\/strong><\/h2>\n<h3><strong>Formats Disponibles : <span style=\"color: #333399;\">Dans votre organisation en pr\u00e9sentiel ou en grand public\u00a0<\/span><\/strong><\/h3>\n<ul data-spread=\"false\">\n<li><strong>Formation en pr\u00e9sentiel<\/strong> : Adapt\u00e9e \u00e0 votre entreprise dur\u00e9e\u00a0 2 jours cons\u00e9cutifs pour absorption maximale . <em>Peut \u00eatre un vendredi et samedi pour plus de flexibilit\u00e9.<\/em><\/li>\n<li><strong>Webinaire interactif<\/strong> : Sessions dynamiques et engageantes<\/li>\n<\/ul>\n<h2><strong><span style=\"color: #333399;\">Dates des Prochaines Sessions en Webinaire<\/span> :<\/strong><\/h2>\n<ul data-spread=\"false\">\n<li><strong>Art de N\u00e9gocier 1<\/strong> : 4 &amp; 5 juin, 8 &amp; 9 sept 2025 (9h-11h30 &amp; 13h-15h30)<\/li>\n<li><strong>Art de N\u00e9gocier 2<\/strong> : 17 &amp; 18 juin, 27 &amp; 28 2025 (9h-11h30 &amp; 13h-15h30)<\/li>\n<li><strong>Ma\u00eetrise du silence<\/strong> : 3 juin, 15 sept. 2025 (9h-11h30 &amp; 13h-15h30)<\/li>\n<li><strong>Gestion du temps<\/strong> : 6 mai 2025<\/li>\n<li><strong>Adjointe de direction<\/strong> : 22 avril, 19 juin 2025<\/li>\n<\/ul>\n<h2><span style=\"color: #333399;\"><strong>Formation possible le vendredi et samedi, le soir et la nuit pour ne pas perturber vos op\u00e9rations. Partout au Qu\u00e9bec et grand nord.<\/strong><\/span><\/h2>\n<div>\n<hr \/>\n<\/div>\n<h2><strong>Pourquoi Choisir Cette Formation<\/strong> ?<\/h2>\n<ul data-spread=\"false\">\n<li><strong>Exp\u00e9rience reconnue<\/strong> : 32 ans d&rsquo;expertise<\/li>\n<li><strong>Nos clients <\/strong>: Pomerleau, WSP, Agri march\u00e9, Rio Tinto, Syscomax, Bourassa Transport, Le Groupe Renfort, Evol, Le Groupe Laverdure construction etc.<\/li>\n<li><strong>Communaut\u00e9 engag\u00e9e<\/strong> : 30 000 abonn\u00e9s LinkedIn, 44 000 abonn\u00e9s \u00e0 notre infolettre La Grande \u00c9cole des Affaires<\/li>\n<li><strong>Certification en N\u00e9gociation Strat\u00e9gique<\/strong> reconnue par Emploi Qu\u00e9bec et les Ordres professionnels<\/li>\n<li><strong>Possibilit\u00e9 de subvention<\/strong> jusqu&rsquo;\u00e0 50% du co\u00fbt de la formation et salaire des participants via Emploi Qu\u00e9bec<\/li>\n<\/ul>\n<div>\n<hr \/>\n<\/div>\n<h2><span style=\"color: #333399;\"><strong>Inscriptions &amp; Contact<\/strong><\/span><\/h2>\n<p>Pour vous inscrire, visitez l&rsquo;onglet <strong>CALENDRIER<\/strong> sur notre site ou contactez nous pour une formation sur mesure dans votre entreprise.<\/p>\n<p>\u2728 <strong>Investissez en vous : demain, c&rsquo;est aujourd&rsquo;hui !<\/strong><\/p>\n<p>\u25b6 <a href=\"https:\/\/lagrandeecoledesaffaires.com\"><strong>www.lagrandeecoledesaffaires.com<\/strong><\/a><br \/>\n\u25b6 <a href=\"http:\/\/www.aidenegociation.com\"><strong>www.aidenegociation.com<\/strong><\/a><\/p>\n<h3><span style=\"color: #000000;\"><strong>Formation combin\u00e9 <em>Leadership de gestion et Courage manag\u00e9rial<\/em> dans votre organisation en groupe de 15 \u00e0 20 personnes les vendredis et samedi. Tr\u00e8s efficace et populaire. Nos clients qui choisissent cette formation sont des leaders des plus performants dans leur cr\u00e9neau d&rsquo;activit\u00e9 et ils veuillent le rester.<\/strong><\/span><\/h3>\n<h3><strong><span style=\"color: #000080;\">Subvention d&rsquo;Emploi Qu\u00e9bec jusqu&rsquo;\u00e0 50% du co\u00fbt de la formation et du salaire des participants!<\/span><\/strong><\/h3>\n<h2><\/h2>\n<h2><\/h2>\n<h2><\/h2>\n<h2><\/h2>\n<h2><\/h2>\n<h2><\/h2>\n<h2><\/h2>\n<\/div>\n<ul>\n<li><\/li>\n<\/ul>\n<div class=\"vc_row wpb_row vc_row-fluid\">\n<h2><\/h2>\n<\/div>\n<div class=\"vc_row wpb_row vc_row-fluid\">\n<div class=\"wpb_column vc_column_container vc_col-sm-8\">\n<div class=\"vc_column-inner \">\n<div class=\"wpb_wrapper\">\n<div class=\"wpb_text_column wpb_content_element \">\n<div class=\"wpb_wrapper\">\n<p>&nbsp;<\/p>\n<p>____________________________________________________________________________________________________<\/p>\n<p>&nbsp;<\/p>\n<p>&nbsp;<\/p>\n<p>&nbsp;<\/p>\n<\/div>\n<\/div>\n<\/div>\n<\/div>\n<\/div>\n<\/div>\n","protected":false},"excerpt":{"rendered":"<p>\u00a0 \u00a0 \u00a0EN ENTREPRISE &amp; GRAND PUBLIC\u00a0\u00a0 Adaptez Vos Strat\u00e9gies de N\u00e9gociation : \u00a0\u00bb Formation en N\u00e9gociation Strat\u00e9gique : Maximisez la Performance de vos Cadres Dans un contexte en constante \u00e9volution, il est essentiel d&rsquo;ajuster ses strat\u00e9gies pour rester performant. &nbsp; Le n\u00e9gociateur est un ouvreur d&rsquo;hu\u00eetre. Il sait comment cr\u00e9er un sentiment de confiance&hellip;&nbsp;<\/p>\n","protected":false},"author":2,"featured_media":9479,"comment_status":"open","ping_status":"open","sticky":false,"template":"","format":"standard","meta":{"neve_meta_sidebar":"","neve_meta_container":"","neve_meta_enable_content_width":"","neve_meta_content_width":0,"neve_meta_title_alignment":"","neve_meta_author_avatar":"","neve_post_elements_order":"","neve_meta_disable_header":"","neve_meta_disable_footer":"","neve_meta_disable_title":"","footnotes":""},"categories":[30],"tags":[],"class_list":["post-9518","post","type-post","status-publish","format-standard","has-post-thumbnail","hentry","category-infolettre"],"_links":{"self":[{"href":"https:\/\/lagrandeecoledesaffaires.com\/index.php\/wp-json\/wp\/v2\/posts\/9518","targetHints":{"allow":["GET"]}}],"collection":[{"href":"https:\/\/lagrandeecoledesaffaires.com\/index.php\/wp-json\/wp\/v2\/posts"}],"about":[{"href":"https:\/\/lagrandeecoledesaffaires.com\/index.php\/wp-json\/wp\/v2\/types\/post"}],"author":[{"embeddable":true,"href":"https:\/\/lagrandeecoledesaffaires.com\/index.php\/wp-json\/wp\/v2\/users\/2"}],"replies":[{"embeddable":true,"href":"https:\/\/lagrandeecoledesaffaires.com\/index.php\/wp-json\/wp\/v2\/comments?post=9518"}],"version-history":[{"count":3,"href":"https:\/\/lagrandeecoledesaffaires.com\/index.php\/wp-json\/wp\/v2\/posts\/9518\/revisions"}],"predecessor-version":[{"id":9522,"href":"https:\/\/lagrandeecoledesaffaires.com\/index.php\/wp-json\/wp\/v2\/posts\/9518\/revisions\/9522"}],"wp:featuredmedia":[{"embeddable":true,"href":"https:\/\/lagrandeecoledesaffaires.com\/index.php\/wp-json\/wp\/v2\/media\/9479"}],"wp:attachment":[{"href":"https:\/\/lagrandeecoledesaffaires.com\/index.php\/wp-json\/wp\/v2\/media?parent=9518"}],"wp:term":[{"taxonomy":"category","embeddable":true,"href":"https:\/\/lagrandeecoledesaffaires.com\/index.php\/wp-json\/wp\/v2\/categories?post=9518"},{"taxonomy":"post_tag","embeddable":true,"href":"https:\/\/lagrandeecoledesaffaires.com\/index.php\/wp-json\/wp\/v2\/tags?post=9518"}],"curies":[{"name":"wp","href":"https:\/\/api.w.org\/{rel}","templated":true}]}}