{"id":9062,"date":"2024-11-18T09:06:04","date_gmt":"2024-11-18T14:06:04","guid":{"rendered":"https:\/\/lagrandeecoledesaffaires.com\/?p=9062"},"modified":"2024-11-18T20:20:46","modified_gmt":"2024-11-19T01:20:46","slug":"developper-utiliser-le-courage-managerial-au-sein-de-votre-equipe-tout-comme-daniel-craig","status":"publish","type":"post","link":"https:\/\/lagrandeecoledesaffaires.com\/index.php\/developper-utiliser-le-courage-managerial-au-sein-de-votre-equipe-tout-comme-daniel-craig\/","title":{"rendered":"D\u00e9veloppez vos comp\u00e9tences cl\u00e9s pour une gestion audacieuse et strat\u00e9gique"},"content":{"rendered":"<div class=\"vc_row wpb_row vc_row-fluid\">\n<div class=\"wpb_column vc_column_container vc_col-sm-12\">\n<div class=\"vc_column-inner \">\n<div class=\"wpb_wrapper\">\n<div class=\"wpb_text_column wpb_content_element \">\n<p><img loading=\"lazy\" decoding=\"async\" class=\"wp-image-9054 alignleft\" src=\"https:\/\/lagrandeecoledesaffaires.com\/wp-content\/uploads\/2024\/05\/Courage-leaders-300x170.jpg\" alt=\"\" width=\"536\" height=\"304\" srcset=\"https:\/\/lagrandeecoledesaffaires.com\/wp-content\/uploads\/2024\/05\/Courage-leaders-300x170.jpg 300w, https:\/\/lagrandeecoledesaffaires.com\/wp-content\/uploads\/2024\/05\/Courage-leaders.jpg 512w\" sizes=\"auto, (max-width: 536px) 100vw, 536px\" \/><\/p>\n<h2><span style=\"color: #000000;\">Dans un environnement professionnel en constante \u00e9volution, le <strong>Courage Manag\u00e9rial<\/strong> devient un atout incontournable pour \u00e9quilibrer savoir-\u00eatre et savoir-faire. Cette formation vous permettra de renforcer vos comp\u00e9tences de gestionnaire, d\u2019affirmer vos d\u00e9cisions avec strat\u00e9gie, finesse et diplomatie, tout en mettant en lumi\u00e8re votre leadership.<\/span><\/h2>\n<h3><strong>LE COURAGE<\/strong> est la cl\u00e9 de la r\u00e9ussite : il permet de prendre des d\u00e9cisions audacieuses, de r\u00e9duire les co\u00fbts op\u00e9rationnels, de stimuler les revenus et de b\u00e2tir un avenir solide pour votre \u00e9quipe. C&rsquo;est ce courage qui vous distingue sur le march\u00e9 de l&#8217;emploi et au sein de votre organisation. La connaissance, c\u2019est le pouvoir, et cette formation vous aidera \u00e0 en tirer le meilleur pour atteindre vos objectifs plus rapidement et efficacement.<\/h3>\n<\/div>\n<p><strong>LA GRANDE \u00c9COLE DES AFFAIRES<\/strong> vous propose une formation concr\u00e8te et \u00e9prouv\u00e9e, en une journ\u00e9e, pour renforcer la culture du <strong>JE<\/strong> et du <strong>NOUS+<\/strong> au sein de votre organisation. Gr\u00e2ce \u00e0 des outils pratiques, vous apprendrez \u00e0 d\u00e9velopper une cr\u00e9ativit\u00e9 stimul\u00e9e, une croissance accrue, et une meilleure r\u00e9tention des talents, faisant ainsi de votre organisation un lieu plus humain, plus innovant et plus performant. Vision, strat\u00e9gie, ambition, motivation, esprit d\u2019\u00e9quipe et coaching collaboratif seront au c\u0153ur de cette formation.<\/p>\n<p><strong>\u00c0\u00a0 QUI S&rsquo;ADRESSE CETTE FORMATION\u00a0 \u00a0 \u00a0<img loading=\"lazy\" decoding=\"async\" class=\" wp-image-7267 alignright\" src=\"https:\/\/lagrandeecoledesaffaires.com\/wp-content\/uploads\/2023\/01\/Leaders-homme-et-femme-300x199.webp\" alt=\"\" width=\"393\" height=\"261\" srcset=\"https:\/\/lagrandeecoledesaffaires.com\/wp-content\/uploads\/2023\/01\/Leaders-homme-et-femme-300x199.webp 300w, https:\/\/lagrandeecoledesaffaires.com\/wp-content\/uploads\/2023\/01\/Leaders-homme-et-femme-272x182.webp 272w, https:\/\/lagrandeecoledesaffaires.com\/wp-content\/uploads\/2023\/01\/Leaders-homme-et-femme.webp 450w\" sizes=\"auto, (max-width: 393px) 100vw, 393px\" \/> \u00a0 \u00a0 \u00a0 \u00a0 \u00a0\u00a0<\/strong><\/p>\n<p>Cette formation est destin\u00e9e <strong>\u00e0 tous les responsables, managers et dirigeants<\/strong> qui souhaitent acqu\u00e9rir une compr\u00e9hension approfondie des d\u00e9fis quotidiens li\u00e9s \u00e0 la gestion d\u2019\u00e9quipes et \u00e0 la prise de d\u00e9cision. Le courage manag\u00e9rial est essentiel pour r\u00e9soudre les probl\u00e8mes interpersonnels et am\u00e9liorer l\u2019efficacit\u00e9 collective.<\/p>\n<p><strong>POURQUOI LE COURAGE EST-IL CRUCIAL?<\/strong><\/p>\n<p>Lorsqu\u2019on a demand\u00e9 \u00e0 <strong>Daniel Craig<\/strong> quel \u00e9tait l&rsquo;\u00e9l\u00e9ment cl\u00e9 pour incarner le personnage de <strong>James Bond<\/strong>, sa r\u00e9ponse fut : \u00ab Le courage \u00bb. C\u2019est ce courage qui permet de se surpasser et de prendre des d\u00e9cisions audacieuses, m\u00eame dans les moments difficiles.<\/p>\n<p><strong>CE QUE VOUS APPRENDREZ LORS DE CETTE FORMATION :<\/strong><\/p>\n<div class=\"wpb_text_column wpb_content_element \">\n<ul>\n<li><strong>Utiliser les 4 leviers du courage<\/strong> pour renforcer votre leadership<\/li>\n<li><strong>Dire non<\/strong> : savoir poser des limites et pr\u00e9server l\u2019\u00e9quilibre<\/li>\n<li><strong>Responsabiliser vos \u00e9quipes<\/strong> : v\u00e9hiculer et assumer la responsabilit\u00e9 des actions sous votre supervision<\/li>\n<li><strong>Faire face \u00e0 la pression<\/strong> et d\u00e9velopper une tol\u00e9rance au stress<\/li>\n<li><strong>Favoriser la r\u00e9ussite collective<\/strong> \u00e0 travers un leadership courageux<\/li>\n<li><strong>Cultiver l&rsquo;esprit d&rsquo;\u00e9quipe<\/strong> et la coh\u00e9sion en p\u00e9riode de crise<\/li>\n<\/ul>\n<p><strong>B\u00c9NIFICES DE LA FORMATION<\/strong><\/p>\n<ul>\n<li><strong>Cr\u00e9ation d\u2019une culture d\u2019entreprise forte<\/strong> et plus innovante<\/li>\n<li><strong>Renfor<span style=\"color: #000000;\">cement de la prise de d\u00e9cision strat\u00e9gique<\/span><\/strong><span style=\"color: #000000;\"> et du leadership<\/span><\/li>\n<li><span style=\"color: #000000;\"><strong>Am\u00e9lioration de la r\u00e9tention des talents<\/strong> et de la performance globale de l\u2019\u00e9quipe<\/span><\/li>\n<li><span style=\"color: #000000;\"><strong>D\u00e9veloppement d\u2019un environnement collaboratif<\/strong> et motivant<\/span><\/li>\n<li><span style=\"color: #000000;\"><strong>Effet boomerang du \u00ab\u00a0JE\u00a0\u00bb au \u00ab\u00a0NOUS\u00a0\u00bb<\/strong> : de l\u2019individualisme \u00e0 la r\u00e9ussite collective<\/span><\/li>\n<\/ul>\n<p><span style=\"color: #000000;\"><strong>MODALIT\u00c9S DE LA FORMATION<\/strong><\/span><\/p>\n<p><span style=\"color: #000000;\">Cet<\/span>te formation est disponible en <strong>webinaire interactif<\/strong> ou <strong>en pr\u00e9sentiel dans votre organisation<\/strong>, selon<strong> vos pr\u00e9f\u00e9rences et disponibilit\u00e9s<\/strong>. La version en ligne, tr\u00e8s dynamique et engageante, permet aux participants d&rsquo;oublier qu&rsquo;ils sont \u00e0 distance.<\/p>\n<p><strong>PROCHAINES SESSIONS WEB<\/strong><\/p>\n<ul>\n<li>16 d\u00e9cembre 2024, de 9 h \u00e0 11 h 30 et de 13 h \u00e0 15 h 30<\/li>\n<li>29 janv<span style=\"color: #000080;\">ier 2025, de 9 h \u00e0 11 h 30 et de 13 h \u00e0 15 h 30<\/span><\/li>\n<\/ul>\n<p><span style=\"color: #000000;\"><strong>POURQUOI CHOISIR LA GRANDE \u00c9COLE DES AFFAIRES?<\/strong><\/span><\/p>\n<p><span style=\"color: #000080;\"><strong>Depuis 32 ans<\/strong>, nous accompagnons les entreprises dans le d\u00e9veloppement des comp\u00e9tences manag\u00e9riales avec des <strong>formations de qualit\u00e9<\/strong> reconnues par <strong>Emploi Qu\u00e9bec<\/strong> et les <strong>Ordres professionnels<\/strong> pour l\u2019obtention d&rsquo;unit\u00e9s de formation continue (UFC). \u00c0 la fin de chaque session, une <strong>attestation d\u2019\u00e9tudes<\/strong> vous sera remise.<\/span><\/p>\n<p><span style=\"color: #000080;\"><strong>INSCRIVEZ-VOUS MAINTENANT :<\/strong><\/span><\/p>\n<ul>\n<li>Contactez-nous \u00e0 <strong>Info@lagrandeecoledesaffaires.com\u00a0 \u00a0 ALLEZ \u00c0 CALENDRIER SUR LE SITE WEB<\/strong><\/li>\n<li>Nous acceptons <strong>Visa, MasterCard, American Express<\/strong> et <strong>Discover<\/strong><\/li>\n<\/ul>\n<h2>Le <strong>savoir<\/strong> est un levier puissant pour renforcer la comp\u00e9titivit\u00e9 de votre organisation. <strong>La Grande \u00c9cole des Affaires<\/strong> est \u00e0 vos c\u00f4t\u00e9s pour vous aider \u00e0 relever vos d\u00e9fis avec audace et efficacit\u00e9.<\/h2>\n<p>&nbsp;<\/p>\n<\/div>\n<\/div>\n<\/div>\n<\/div>\n<\/div>\n<div class=\"vc_row wpb_row vc_row-fluid\">\n<div class=\"wpb_column vc_column_container vc_col-sm-8\">\n<div class=\"vc_column-inner \">\n<div class=\"wpb_wrapper\">\n<div class=\"wpb_text_column wpb_content_element \">\n<div class=\"wpb_wrapper\">\n<p>&nbsp;<\/p>\n<p><strong>\u00a0<\/strong><\/p>\n<p>&nbsp;<\/p>\n<p>&nbsp;<\/p>\n<p>&nbsp;<\/p>\n<\/div>\n<\/div>\n<\/div>\n<\/div>\n<\/div>\n<\/div>\n","protected":false},"excerpt":{"rendered":"<p>Dans un environnement professionnel en constante \u00e9volution, le Courage Manag\u00e9rial devient un atout incontournable pour \u00e9quilibrer savoir-\u00eatre et savoir-faire. Cette formation vous permettra de renforcer vos comp\u00e9tences de gestionnaire, d\u2019affirmer vos d\u00e9cisions avec strat\u00e9gie, finesse et diplomatie, tout en mettant en lumi\u00e8re votre leadership. LE COURAGE est la cl\u00e9 de la r\u00e9ussite : il permet&hellip;&nbsp;<\/p>\n","protected":false},"author":2,"featured_media":3051,"comment_status":"open","ping_status":"open","sticky":false,"template":"","format":"standard","meta":{"neve_meta_sidebar":"","neve_meta_container":"","neve_meta_enable_content_width":"","neve_meta_content_width":0,"neve_meta_title_alignment":"","neve_meta_author_avatar":"","neve_post_elements_order":"","neve_meta_disable_header":"","neve_meta_disable_footer":"","neve_meta_disable_title":"","footnotes":""},"categories":[30,32],"tags":[],"class_list":["post-9062","post","type-post","status-publish","format-standard","has-post-thumbnail","hentry","category-infolettre","category-vedette"],"_links":{"self":[{"href":"https:\/\/lagrandeecoledesaffaires.com\/index.php\/wp-json\/wp\/v2\/posts\/9062","targetHints":{"allow":["GET"]}}],"collection":[{"href":"https:\/\/lagrandeecoledesaffaires.com\/index.php\/wp-json\/wp\/v2\/posts"}],"about":[{"href":"https:\/\/lagrandeecoledesaffaires.com\/index.php\/wp-json\/wp\/v2\/types\/post"}],"author":[{"embeddable":true,"href":"https:\/\/lagrandeecoledesaffaires.com\/index.php\/wp-json\/wp\/v2\/users\/2"}],"replies":[{"embeddable":true,"href":"https:\/\/lagrandeecoledesaffaires.com\/index.php\/wp-json\/wp\/v2\/comments?post=9062"}],"version-history":[{"count":5,"href":"https:\/\/lagrandeecoledesaffaires.com\/index.php\/wp-json\/wp\/v2\/posts\/9062\/revisions"}],"predecessor-version":[{"id":9068,"href":"https:\/\/lagrandeecoledesaffaires.com\/index.php\/wp-json\/wp\/v2\/posts\/9062\/revisions\/9068"}],"wp:featuredmedia":[{"embeddable":true,"href":"https:\/\/lagrandeecoledesaffaires.com\/index.php\/wp-json\/wp\/v2\/media\/3051"}],"wp:attachment":[{"href":"https:\/\/lagrandeecoledesaffaires.com\/index.php\/wp-json\/wp\/v2\/media?parent=9062"}],"wp:term":[{"taxonomy":"category","embeddable":true,"href":"https:\/\/lagrandeecoledesaffaires.com\/index.php\/wp-json\/wp\/v2\/categories?post=9062"},{"taxonomy":"post_tag","embeddable":true,"href":"https:\/\/lagrandeecoledesaffaires.com\/index.php\/wp-json\/wp\/v2\/tags?post=9062"}],"curies":[{"name":"wp","href":"https:\/\/api.w.org\/{rel}","templated":true}]}}