{"id":7901,"date":"2023-10-02T08:45:00","date_gmt":"2023-10-02T12:45:00","guid":{"rendered":"https:\/\/lagrandeecoledesaffaires.com\/?p=7901"},"modified":"2023-10-02T08:45:00","modified_gmt":"2023-10-02T12:45:00","slug":"8-erreurs-a-eviter-en-negociation-maintenez-vos-marges-et-reduire-vos-couts-voir-video","status":"publish","type":"post","link":"https:\/\/lagrandeecoledesaffaires.com\/index.php\/8-erreurs-a-eviter-en-negociation-maintenez-vos-marges-et-reduire-vos-couts-voir-video\/","title":{"rendered":"8 erreurs \u00e0 \u00e9viter en n\u00e9gociation. Maintenez vos marges et r\u00e9duire vos co\u00fbts. Voir vid\u00e9o"},"content":{"rendered":"<div class=\"vc_row wpb_row vc_row-fluid\">\n<div class=\"wpb_column vc_column_container vc_col-sm-12\">\n<h2><img loading=\"lazy\" decoding=\"async\" class=\"size-full wp-image-7421 alignright\" src=\"https:\/\/lagrandeecoledesaffaires.com\/wp-content\/uploads\/2022\/06\/mentors-300x300-1.jpg\" alt=\"\" width=\"300\" height=\"300\" srcset=\"https:\/\/lagrandeecoledesaffaires.com\/wp-content\/uploads\/2022\/06\/mentors-300x300-1.jpg 300w, https:\/\/lagrandeecoledesaffaires.com\/wp-content\/uploads\/2022\/06\/mentors-300x300-1-150x150.jpg 150w\" sizes=\"auto, (max-width: 300px) 100vw, 300px\" \/><\/h2>\n<p>Le d\u00e9veloppement de techniques de n\u00e9gociation permet de mieux analyser une situation, ses impacts et le besoin. Cette formation permet de devenir un n\u00e9gociateur strat\u00e9gique des plus efficaces dans toute circonstance. Demain, c&rsquo;est aujourd&rsquo;hui.<\/p>\n<p>Formation adapt\u00e9e dans votre organisation (rendement maximal) ou en grand public.<\/p>\n<p><strong><em><span style=\"color: #0000ff;\"><span style=\"color: #000080;\">Je suis responsable pour mon organisation qui grandit rapidement\u00a0 en 2023, de l&rsquo;acquisition de concurrents. Je suis dans le domaine m\u00e9dical depuis 16 ans avec beaucoup d&rsquo;exp\u00e9rience et de tr\u00e8s bons r\u00e9sultats. J&rsquo;ai suivi la formation en N\u00e9gociation Strat\u00e9gique en 2023 et cela m&rsquo;a permis\u00a0 d&rsquo;\u00e9changer avec les autres \u00e9tudiants (de calibre), de modifier mes tactiques et strat\u00e9gies. Un investissement des plus rentable pour moi et mon organisation. Je crois dans la strat\u00e9gie plus que dans la chance<\/span><\/span><span style=\"color: #0000ff;\">.<\/span>\u00a0 <span style=\"color: #ff0000;\">Julie<\/span><\/em><\/strong><\/p>\n<p><strong><span style=\"color: #000080;\">Je suis jeune et responsable des immobilisations pour un tr\u00e8s gros organisme gouvernemental avec des succursales partout au Qu\u00e9bec. J&rsquo;ai suivi en 2023 la formation N\u00e9gociation Strat\u00e9gique avec ma coll\u00e8gue. J&rsquo;adh\u00e8re \u00e0 <\/span><span style=\"color: #ff0000;\">Julie<\/span> <span style=\"color: #0000ff;\"><span style=\"color: #333399;\">qui \u00e9tait dans la m\u00eame classe que moi<\/span>.<\/span><span style=\"color: #ff0000;\"> Jean<\/span><\/strong><\/p>\n<h2 class=\"vc_column-inner \"><span style=\"color: #0000ff;\"><strong><em><span style=\"font-family: Dosis;\"><span style=\"color: #333399;\">FORMATION EN N\u00c9GOCIATION STRAT\u00c9GIQUE\u00a0\u00a0<\/span><\/span><\/em><\/strong><\/span><\/h2>\n<div class=\"wpb_wrapper\">\n<div class=\"wpb_text_column wpb_content_element \">\n<div class=\"wpb_wrapper\">\n<h3><span style=\"color: #333399;\">En n\u00e9gociation, la strat\u00e9gie est un essentiel. Dans notre pr\u00e9paration nous devons d\u00e9finir tous les \u00e9l\u00e9ments qui sont pr\u00e9sents ou sous pr\u00e9sents. La strat\u00e9gie avant tout est de bien analyser la situation, de pr\u00e9voir, planifier le questionnement et de s&rsquo;adapter. Nous utilisons la m\u00e9thode Harvard par rapport \u00e0 Yale.<\/span><\/h3>\n<h3><span style=\"color: #333399;\"> Le contr\u00f4le de soi et une pr\u00e9paration sans faille nous permettent de rester en plein contr\u00f4le de nous-m\u00eames. \u00c9vitez d\u2019\u00eatre votre propre ennemi en cas de conflit.<\/span><\/h3>\n<\/div>\n<\/div>\n<\/div>\n<p><img loading=\"lazy\" decoding=\"async\" class=\"alignnone wp-image-7425\" src=\"https:\/\/lagrandeecoledesaffaires.com\/wp-content\/uploads\/2022\/06\/instinct-ou-logique-1024x598.jpg\" alt=\"\" width=\"395\" height=\"231\" \/><\/p>\n<h2><strong><span style=\"color: #333399;\">\u00caTES-VOUS UN N\u00c9GOCIATEUR STRAT\u00c9GIQUE OU INSTINCTIF?\u00a0 \u00a0 \u00a0 \u00a0 \u00a0 \u00a0 \u00a0 \u00a0 \u00a0 \u00a0 \u00a0 \u00a0 \u00a0<\/span><\/strong><\/h2>\n<ul>\n<li>Les relations d&rsquo;affaire et individuelles sont de plus en plus coriaces actuellement<\/li>\n<li>Une adaptation de vos m\u00e9thodes de n\u00e9gociation m\u00e9rite-elle une mise \u00e0 niveau ?<\/li>\n<li>La gestion en silo m\u00e9rite-t-elle une approche diff\u00e9rente ?<\/li>\n<li>Trouver des terrains d&rsquo;entente plut\u00f4t que des proc\u00e9dures l\u00e9gales.<\/li>\n<li>Surplus inventaire, manque de demande, p\u00e9nuries, coordinations difficiles sont-elles au rendez-vous ?.<\/li>\n<\/ul>\n<\/div>\n<p><strong><span style=\"color: #333399;\"><em>Le n\u00e9gociateur instinctif:\u00a0 \u00a0 \u00a0 \u00a0 \u00a0 \u00a0 \u00a0 \u00a0 \u00a0 \u00a0 \u00a0 \u00a0 \u00a0 \u00a0 \u00a0 \u00a0 \u00a0 \u00a0 \u00a0 \u00a0 \u00a0 \u00a0 \u00a0 \u00a0 \u00a0 \u00a0 \u00a0 \u00a0 \u00a0 \u00a0 \u00a0 \u00a0 \u00a0 \u00a0 \u00a0 \u00a0 \u00a0 \u00a0 \u00a0 \u00a0 \u00a0 \u00a0 \u00a0 \u00a0 \u00a0 \u00a0 \u00a0 \u00a0 \u00a0 \u00a0 \u00a0 \u00a0 \u00a0 \u00a0 \u00a0 \u00a0 \u00a0 \u00a0 \u00a0 \u00a0 \u00a0 \u00a0 \u00a0 \u00a0 \u00a0 <\/em><\/span><\/strong><\/p>\n<ul>\n<li>Les \u00e9motions dominent<\/li>\n<li>La pr\u00e9paration manque de strat\u00e9gie et de recherche<\/li>\n<li>Attaques personnelles, manque d&rsquo;\u00e9coute et de transparence<\/li>\n<li>Sous estimation de l&rsquo;autre, donc surestimation de soi<\/li>\n<li>Le but est de gagner \u00e0 tout prix au risque de perdre de vue des aspects cruciaux\u00a0 \u00a0 \u00a0 \u00a0 \u00a0 \u00a0 \u00a0 \u00a0 \u00a0 <img loading=\"lazy\" decoding=\"async\" class=\"wp-image-7278 alignright\" src=\"https:\/\/lagrandeecoledesaffaires.com\/wp-content\/uploads\/2023\/01\/negociation-23-1.jpg\" alt=\"\" width=\"438\" height=\"292\" srcset=\"https:\/\/lagrandeecoledesaffaires.com\/wp-content\/uploads\/2023\/01\/negociation-23-1.jpg 849w, https:\/\/lagrandeecoledesaffaires.com\/wp-content\/uploads\/2023\/01\/negociation-23-1-300x200.jpg 300w, https:\/\/lagrandeecoledesaffaires.com\/wp-content\/uploads\/2023\/01\/negociation-23-1-768x512.jpg 768w, https:\/\/lagrandeecoledesaffaires.com\/wp-content\/uploads\/2023\/01\/negociation-23-1-272x182.jpg 272w\" sizes=\"auto, (max-width: 438px) 100vw, 438px\" \/><\/li>\n<li>Manque de coordination entre le cerveau droit et gauche<\/li>\n<li>L&rsquo;aspect transactionnel oublie l&rsquo;humain qui est \u00e0 la base du processus<\/li>\n<li>Oublie le futur<\/li>\n<\/ul>\n<\/div>\n<p><strong><span style=\"color: #333399;\">Le n\u00e9gociateur strat\u00e9gique<\/span><\/strong><\/p>\n<ul>\n<li>La pr\u00e9paration est capitale<\/li>\n<li>Connaissance des autres n\u00e9gociateurs (individus)<\/li>\n<li>Connaissance des int\u00e9r\u00eats, besoins, valeurs\u00a0 de l&rsquo;autre partie<\/li>\n<li>D\u00e9velopper des Attitudes propices \u00e0 la cr\u00e9ation d&rsquo;un climat de confiance<\/li>\n<li>Ma\u00eetriser le temps et l&rsquo;espace<\/li>\n<li>Toujours \u00eatre respectueux malgr\u00e9 le contexte<\/li>\n<li>Ne rien prendre personnellement<\/li>\n<li>G\u00e9rer ses \u00e9motions habilement<\/li>\n<li>Ne jamais couper la parole<\/li>\n<li>Poser des questions strat\u00e9giques de situation, impact et besoin<\/li>\n<li>Avoir la ma\u00eetrise du silence. Le silence est la parole<\/li>\n<li>S&rsquo;adapter \u00e0 la personnalit\u00e9 des autres intervenants et leurs sens cognitifs<\/li>\n<li>Conna\u00eetre le langage du corps<\/li>\n<li>Garder le contr\u00f4le en tout temps<\/li>\n<li>Penser \u00e0 l&rsquo;avenir<\/li>\n<li><strong>Formation en\u00a0 webinaire\u00a0 ou en pr\u00e9sentiel de 2 jours<\/strong><\/li>\n<\/ul>\n<p><span style=\"color: #333399;\"><span style=\"font-size: 18px;\">La Grande \u00c9cole des Affaires \u00e0 25,000 \u00e9tudiants en n\u00e9gociation depuis 30 ans. <\/span><span style=\"font-size: 18px;\"><strong>Accr\u00e9dit\u00e9e par Emploi Qu\u00e9bec et reconnue\u00a0 par la majorit\u00e9 des Ordres professionnels <\/strong>pour l&rsquo;obtention de UFC.<\/span><\/span><\/p>\n<p><span style=\"color: #333399;\"><span style=\"font-size: 18px;\">ART DE N\u00c9GOCIER 1 ET 2 SONT 2 FORMATIONS DIFF\u00c9RENTES ET PEUVENT \u00caTRE SUIVIES SANS ORDRE.<\/span><\/span><\/p>\n<div class=\"vc_row wpb_row vc_row-fluid\">\n<div class=\"wpb_column vc_column_container vc_col-sm-12\">\n<h2><span style=\"color: #c40606;\"><b><span style=\"color: #333399;\">En webinaire Art de N\u00e9gocier 1<\/span> <span style=\"color: #d41111;\">: Les 7 &amp; 8 novembre<\/span><\/b><span style=\"color: #d41111;\"><b>\u00a0de 9 h \u00e0 11 h 30 et 13h \u00e0 15 h 30\u00a0<\/b><\/span><\/span><\/h2>\n<h2><strong><span style=\"color: #333399;\">En webinaire Art de n\u00e9gocier 2<\/span><\/strong>: <strong><span style=\"color: #d41111;\">Les 16 et 17 novembre<\/span><\/strong><\/h2>\n<h2><strong><span style=\"color: #000080;\">En pr\u00e9sentiel Art de N\u00e9gocier 2<\/span><\/strong> : <strong><span style=\"color: #d41111;\">Les 21 et 22 novembre\u00a0 Au Best Western St-J\u00e9r\u00f4me<\/span><\/strong><\/h2>\n<h2><em><b style=\"color: #333399;\"><span style=\"color: #333399;\">Ou dans votre organisation adapt\u00e9e \u00e0 votre situation<\/span>, sp\u00e9cifique pour vos cadres afin de <\/b><span style=\"color: #333399;\"><b>b\u00e2tir<\/b><\/span><b style=\"color: #333399;\"> un <\/b><span style=\"color: #333399;\"><b>consensus<\/b><\/span><b style=\"color: #333399;\"> dans <\/b><span style=\"color: #333399;\"><b>l&rsquo;approche<\/b><\/span><b style=\"color: #333399;\">. <\/b><span style=\"color: #333399;\"><b>Agilit\u00e9<\/b><\/span><b style=\"color: #333399;\">, innovation, <\/b><span style=\"color: #333399;\"><b>rentabilit\u00e9<\/b><\/span><b style=\"color: #333399;\"> au rendez-vous. Nous utilisons des \u00e9tudes de cas qui sont sp\u00e9cifiques \u00e0 votre champ d&rsquo;activit\u00e9.<\/b><\/em><\/h2>\n<\/div>\n<div class=\"wpb_column vc_column_container vc_col-sm-12\">\n<h2><em><span style=\"color: #c40606;\"><span style=\"color: #0000ff;\">Pour le contenu de la formation, voir le site web <strong>www.lagrandeecoledesaffaires.com \u00e0 formation<\/strong><\/span><\/span><\/em><\/h2>\n<div class=\"wpb_wrapper\">\n<div class=\"wpb_text_column wpb_content_element \">\n<div class=\"wpb_wrapper\">\n<h3><span style=\"font-weight: inherit;\">Conflits, associations, n\u00e9gociation environnementale et commerciale sont pour moi une partie de plaisir. Je ne prends jamais un dossier que je ne suis pas s\u00fbr de r\u00e9gler en faveur de mon client. Votre professeur <\/span><span style=\"color: #0000ff;\"><strong><em>Raymond Guy Pare<\/em><\/strong><\/span><\/h3>\n<p><em><b>La Grande \u00c9cole des Affaires\u00a0a form\u00e9 l\u2019ensemble du personnel de l\u2019h\u00f4pital de Hawkesbury,\u00a0 incluant m\u00e9decins et haute direction en Attitude patient\/coll\u00e8gues et les gestionnaires en N\u00e9gociation Strat\u00e9gique et Leadership de Gestion.<\/b><\/em><\/p>\n<p><a class=\"button\" href=\"https:\/\/lagrandeecoledesaffaires.com\/index.php\/la-grande-ecole-des-affaires-a-forme-en-attitude-patient-collegue-lensemble-du-personnel-de-lhopital-de-hawkesbury\/\">Voir l\u2019article<\/a><\/p>\n<p><span style=\"color: #000000;\"><em>Nos \u00e9tudiants<\/em><span style=\"font-weight: inherit;\"> sont des g\u00e9rants de projet, gestionnaires, administrateurs, acheteurs, directeurs de comptes, comptables, avocats, informaticiens, surintendants, ing\u00e9nieurs, architectes, ressources humaines, service client\u00e8le, vice-pr\u00e9sidents, pr\u00e9sidents et autres, int\u00e9ressant!<\/span><\/span><\/p>\n<h2><em><strong>Demain c\u2019est aujourd\u2019hui.<\/strong><\/em><\/h2>\n<h3><strong style=\"font-size: 18px;\"><span style=\"color: #000080;\">cours en n\u00e9gociation strat\u00e9gique a \u00e9t\u00e9 mis \u00e0 niveau pour 2023<\/span><\/strong><strong><img loading=\"lazy\" decoding=\"async\" class=\"alignnone size-full wp-image-1221\" src=\"https:\/\/lagrandeecoledesaffaires.com\/wp-content\/uploads\/2017\/01\/logo-emploiqc.png\" alt=\"\" width=\"169\" height=\"79\" \/><img loading=\"lazy\" decoding=\"async\" class=\"alignnone size-full wp-image-1220\" src=\"https:\/\/lagrandeecoledesaffaires.com\/wp-content\/uploads\/2017\/01\/logo-barreau.png\" alt=\"\" width=\"157\" height=\"79\" \/><\/strong><\/h3>\n<p><em><b>Raymond Guy Par\u00e9 votre formateur est\u00a0 membre fondateur de la Fondation Paul\u00a0 Henri-L\u00e9vesque de la Facult\u00e9 de psychologie de l\u2019Universit\u00e9 Laval et membre fondateur de CORPIC,\u00a0 la plus importante association de propri\u00e9taires immobiliers au Qu\u00e9bec. et de Florida First \u00e0 Boca Raton en Floride Il a \u00e9t\u00e9 aussi membre du comit\u00e9 consultatif sur le comit\u00e9 d\u2019analyse du d\u00e9veloppent des r\u00e9sidences pour personnes autonomes et semi-autonomes pour le gouvernement f\u00e9d\u00e9ral. Il est consultant pour plusieurs organisations et agences gouvernementales et paragouvernementales, municipales, industrielles et commerciales en 2023<\/b><\/em><\/p>\n<p><span style=\"font-weight: inherit;\">Ce cours en n\u00e9gociation est offert grand public, en webinaire ou adapt\u00e9 <\/span><em style=\"font-weight: inherit;\"><strong>dans votre entreprise ou organisation.<\/strong><\/em><\/p>\n<\/div>\n<\/div>\n<\/div>\n<\/div>\n<\/div>\n<div class=\"vc_row wpb_row vc_row-fluid\">\n<div class=\"wpb_column vc_column_container vc_col-sm-8\">\n<div class=\"vc_column-inner \">\n<div class=\"wpb_wrapper\">\n<div class=\"wpb_text_column wpb_content_element \">\n<div class=\"wpb_wrapper\">\n<h2><span style=\"color: #d41111;\"><em><strong>www.lagrandeecoledesaffaires.com pour contenu Art de N\u00e9gocier 2<\/strong><\/em><\/span><\/h2>\n<p><span style=\"color: #000080;\"><strong>Suivez Art de N\u00e9gocier 1 + Art de n\u00e9gocier 2 + une mini th\u00e8se et obtenez un Certificat en N\u00e9gociation Strat\u00e9gique reconnu par la majorit\u00e9 des Ordres professionnels.<\/strong><\/span><\/p>\n<p>____________________________________________________________________________________________________<\/p>\n<p>&nbsp;<\/p>\n<p>&nbsp;<\/p>\n<p>&nbsp;<\/p>\n<\/div>\n<\/div>\n<\/div>\n<\/div>\n<\/div>\n<\/div>\n","protected":false},"excerpt":{"rendered":"<p>Le d\u00e9veloppement de techniques de n\u00e9gociation permet de mieux analyser une situation, ses impacts et le besoin. Cette formation permet de devenir un n\u00e9gociateur strat\u00e9gique des plus efficaces dans toute circonstance. Demain, c&rsquo;est aujourd&rsquo;hui. Formation adapt\u00e9e dans votre organisation (rendement maximal) ou en grand public. Je suis responsable pour mon organisation qui grandit rapidement\u00a0 en&hellip;&nbsp;<\/p>\n","protected":false},"author":2,"featured_media":0,"comment_status":"open","ping_status":"open","sticky":false,"template":"","format":"standard","meta":{"neve_meta_sidebar":"","neve_meta_container":"","neve_meta_enable_content_width":"","neve_meta_content_width":0,"neve_meta_title_alignment":"","neve_meta_author_avatar":"","neve_post_elements_order":"","neve_meta_disable_header":"","neve_meta_disable_footer":"","neve_meta_disable_title":"","footnotes":""},"categories":[30],"tags":[],"class_list":["post-7901","post","type-post","status-publish","format-standard","hentry","category-infolettre"],"_links":{"self":[{"href":"https:\/\/lagrandeecoledesaffaires.com\/index.php\/wp-json\/wp\/v2\/posts\/7901","targetHints":{"allow":["GET"]}}],"collection":[{"href":"https:\/\/lagrandeecoledesaffaires.com\/index.php\/wp-json\/wp\/v2\/posts"}],"about":[{"href":"https:\/\/lagrandeecoledesaffaires.com\/index.php\/wp-json\/wp\/v2\/types\/post"}],"author":[{"embeddable":true,"href":"https:\/\/lagrandeecoledesaffaires.com\/index.php\/wp-json\/wp\/v2\/users\/2"}],"replies":[{"embeddable":true,"href":"https:\/\/lagrandeecoledesaffaires.com\/index.php\/wp-json\/wp\/v2\/comments?post=7901"}],"version-history":[{"count":4,"href":"https:\/\/lagrandeecoledesaffaires.com\/index.php\/wp-json\/wp\/v2\/posts\/7901\/revisions"}],"predecessor-version":[{"id":7906,"href":"https:\/\/lagrandeecoledesaffaires.com\/index.php\/wp-json\/wp\/v2\/posts\/7901\/revisions\/7906"}],"wp:attachment":[{"href":"https:\/\/lagrandeecoledesaffaires.com\/index.php\/wp-json\/wp\/v2\/media?parent=7901"}],"wp:term":[{"taxonomy":"category","embeddable":true,"href":"https:\/\/lagrandeecoledesaffaires.com\/index.php\/wp-json\/wp\/v2\/categories?post=7901"},{"taxonomy":"post_tag","embeddable":true,"href":"https:\/\/lagrandeecoledesaffaires.com\/index.php\/wp-json\/wp\/v2\/tags?post=7901"}],"curies":[{"name":"wp","href":"https:\/\/api.w.org\/{rel}","templated":true}]}}