{"id":7837,"date":"2023-09-10T11:41:51","date_gmt":"2023-09-10T15:41:51","guid":{"rendered":"https:\/\/lagrandeecoledesaffaires.com\/?p=7837"},"modified":"2024-04-11T16:54:43","modified_gmt":"2024-04-11T20:54:43","slug":"la-maitrise-du-silence-un-outil-de-communication-percutant-et-durable-soyez-respecte-par-votre-capacite-decoute","status":"publish","type":"post","link":"https:\/\/lagrandeecoledesaffaires.com\/index.php\/la-maitrise-du-silence-un-outil-de-communication-percutant-et-durable-soyez-respecte-par-votre-capacite-decoute\/","title":{"rendered":"LE SILENCE C&rsquo;EST LA PAROLE, un outil de communication PERCUTANT. Soyez respect\u00e9 + parce que c&rsquo;est d\u00e9terminant en com."},"content":{"rendered":"<h2>Qui ma\u00eetrise le silence reste en contr\u00f4le et incite les autres \u00e0 parler et \u00e0 se confier.<\/h2>\n<p><i>Ma capacit\u00e9 d\u2019\u00e9coute\u00a0 me permet d\u2019aller<\/i><i> chercher l&rsquo;information essentielle \u00e0 ma <\/i><i>compr\u00e9hension des avanc\u00e9es de mon\u00a0<\/i><i>interlocuteur et\u00a0ce<\/i> <i>en<\/i> <i>toute<\/i> <i>simplicit\u00e9.<\/i><\/p>\n<p><b><i>Cette<\/i><\/b> <b><i>formation<\/i><\/b>\u00a0 unique <b><i>vous<\/i><\/b> <b><i>permettra <\/i><\/b><b><i>de grandir et \u00eatre respect\u00e9 plus rapidement dans votre organisation<\/i><\/b><b><i>\u00a0et vie personnelle.<\/i><\/b><\/p>\n<p>Qui <strong>parle<\/strong> donne de l&rsquo;information. Qui <strong>\u00e9coute<\/strong> re\u00e7oit ces informations.<\/p>\n<p>La Grande \u00c9cole des Affaires travaille avec des organisations depuis 32 ans. En 2024\u00a0 cette nouvelle formation vous permettra d&rsquo;aller plus loin, incorpor\u00e9 dans vos outils de communication actuels.<\/p>\n<h2><\/h2>\n<h2><img loading=\"lazy\" decoding=\"async\" class=\"alignnone wp-image-7813\" src=\"https:\/\/lagrandeecoledesaffaires.com\/wp-content\/uploads\/2023\/08\/Maitrise-silence-21-aout-23.jpg\" alt=\"\" width=\"610\" height=\"407\" srcset=\"https:\/\/lagrandeecoledesaffaires.com\/wp-content\/uploads\/2023\/08\/Maitrise-silence-21-aout-23.jpg 1024w, https:\/\/lagrandeecoledesaffaires.com\/wp-content\/uploads\/2023\/08\/Maitrise-silence-21-aout-23-300x200.jpg 300w, https:\/\/lagrandeecoledesaffaires.com\/wp-content\/uploads\/2023\/08\/Maitrise-silence-21-aout-23-768x512.jpg 768w, https:\/\/lagrandeecoledesaffaires.com\/wp-content\/uploads\/2023\/08\/Maitrise-silence-21-aout-23-272x182.jpg 272w\" sizes=\"auto, (max-width: 610px) 100vw, 610px\" \/><\/h2>\n<h2><span style=\"color: #333399;\"><em><strong>Pourquoi la ma\u00eetrise du silence ?<\/strong><\/em><\/span><\/h2>\n<ul>\n<li><strong><em>Changez votre m\u00e9thode d&rsquo;\u00e9coute.<\/em> <\/strong><\/li>\n<li><strong><em>Savoir \u00eatre un communicateur d&rsquo;exception<\/em><\/strong><\/li>\n<li><strong><em>D\u00e9couvrir les \u00e9motions en pr\u00e9sence<\/em><\/strong><\/li>\n<li><strong><em>Avoir de la r\u00e9ciprocit\u00e9.<\/em><\/strong><\/li>\n<li><strong><em>Permets de cerner les enjeux et<\/em><\/strong><strong><em>\u00a0d&rsquo;avoir une communication fluide<\/em><\/strong><\/li>\n<li><strong><em>Aide \u00e0 la ma\u00eetrise de soi<\/em><\/strong><\/li>\n<li><strong><em> Savoir parler. c&rsquo;est aussi savoir se taire.<\/em><\/strong><\/li>\n<li><em><strong>Le silence c&rsquo;est la parole<\/strong><\/em><\/li>\n<\/ul>\n<p><strong><em>Avez- vous constat\u00e9 que les gens que vous respectez le plus ont une capacit\u00e9 d&rsquo;\u00e9coute.<\/em><\/strong><\/p>\n<h2><span style=\"color: #333399;\"><strong>Formation web le 17 juin de 9H \u00e0 11 h 30 et 13h \u00e0 15h30. <em>Investissez en vous cette ann\u00e9e!<\/em><\/strong><\/span><\/h2>\n<h2>Cette nouvelle formation peut \u00eatre donn\u00e9e dans votre organisation et adapt\u00e9 a votre contexte.<\/h2>\n<h2>Un rapport investissement rendement exceptionnelle.<\/h2>\n<p>&nbsp;<\/p>\n<p>&nbsp;<\/p>\n<h2><span style=\"color: #bf0a0a;\"><strong>Places limit\u00e9es<\/strong><\/span><\/h2>\n<h2><span style=\"color: #333399;\"><b>Cette formation vous permettra de d\u00e9velopper vos talents d&rsquo;\u00e9coute de fa\u00e7on durable:<\/b><\/span><\/h2>\n<ul>\n<li>Apprivoiser le silence<\/li>\n<li>Le silence peut devenir un alli\u00e9 strat\u00e9gique lors de n\u00e9gociation ou interrelation<\/li>\n<li>Perfectionner vos comp\u00e9tences d&rsquo;\u00e9coute<\/li>\n<li>D\u00e9montrez un int\u00e9r\u00eat r\u00e9el aux propos de votre vis-\u00e0-vis.<\/li>\n<li>Questionnez de fa\u00e7on active, mais non monochrome sur les sujets qui semblent \u00eatre d&rsquo;un grand int\u00e9r\u00eat chez l&rsquo;autre.<\/li>\n<li>Surveillez votre verbal, para verbal et non verbal. Ils seront per\u00e7us par votre interlocuteur soit positivement, neutre ou n\u00e9gativement.<\/li>\n<li>Adaptez-vous \u00e0 votre interlocuteur et au contexte ambiant ou \u00e9motionnel.<\/li>\n<li>Garder le contr\u00f4le des \u00e9motions. Utilisez votre cerveau gauche ( rationnel) pour vous aider en cas d&rsquo;une pr\u00e9vision de d\u00e9rapage.<\/li>\n<li>Comprendre que l&rsquo;autre ou les autres ont une vision ou perception diff\u00e9rente de la v\u00f4tre. Acceptez que les gens ont des id\u00e9es, ne veut pas dire d&rsquo;y adh\u00e9rez.<\/li>\n<li>\u00c9couter sans interrompre, questionner r\u00e9guli\u00e8rement, reformuler et confirmer ma compr\u00e9hension.<\/li>\n<\/ul>\n<p><em><strong>Les gens que nous respectons le plus sont ceux qui nous \u00e9coutent.<\/strong><\/em><\/p>\n<p>Soyez pr\u00e9par\u00e9 \u00e0 cette rencontre ou discussion.<\/p>\n<h2>Voir sur<strong>\u00a0 \u00a0<span style=\"color: #0000ff;\">www.lagrandeecoledes affaires.com<\/span>\u00a0 \u00a0 La ma\u00eetrise du silence (<\/strong>version janvier 2024)<\/h2>\n<h2><strong>\u00a0 \u00a0 \u00a0 \u00a0 \u00a0 \u00a0 \u00a0 \u00a0 \u00a0<span style=\"color: #0000ff;\">www,aidenegociation.com<\/span><\/strong><\/h2>\n<p>&nbsp;<\/p>\n<p>&nbsp;<\/p>\n","protected":false},"excerpt":{"rendered":"<p>Qui ma\u00eetrise le silence reste en contr\u00f4le et incite les autres \u00e0 parler et \u00e0 se confier. Ma capacit\u00e9 d\u2019\u00e9coute\u00a0 me permet d\u2019aller chercher l&rsquo;information essentielle \u00e0 ma compr\u00e9hension des avanc\u00e9es de mon\u00a0interlocuteur et\u00a0ce en toute simplicit\u00e9. Cette formation\u00a0 unique vous permettra de grandir et \u00eatre respect\u00e9 plus rapidement dans votre organisation\u00a0et vie personnelle. Qui&hellip;&nbsp;<\/p>\n","protected":false},"author":2,"featured_media":7212,"comment_status":"open","ping_status":"open","sticky":false,"template":"","format":"standard","meta":{"neve_meta_sidebar":"","neve_meta_container":"","neve_meta_enable_content_width":"","neve_meta_content_width":0,"neve_meta_title_alignment":"","neve_meta_author_avatar":"","neve_post_elements_order":"","neve_meta_disable_header":"","neve_meta_disable_footer":"","neve_meta_disable_title":"","footnotes":""},"categories":[30,1],"tags":[],"class_list":["post-7837","post","type-post","status-publish","format-standard","has-post-thumbnail","hentry","category-infolettre","category-non-classe"],"_links":{"self":[{"href":"https:\/\/lagrandeecoledesaffaires.com\/index.php\/wp-json\/wp\/v2\/posts\/7837","targetHints":{"allow":["GET"]}}],"collection":[{"href":"https:\/\/lagrandeecoledesaffaires.com\/index.php\/wp-json\/wp\/v2\/posts"}],"about":[{"href":"https:\/\/lagrandeecoledesaffaires.com\/index.php\/wp-json\/wp\/v2\/types\/post"}],"author":[{"embeddable":true,"href":"https:\/\/lagrandeecoledesaffaires.com\/index.php\/wp-json\/wp\/v2\/users\/2"}],"replies":[{"embeddable":true,"href":"https:\/\/lagrandeecoledesaffaires.com\/index.php\/wp-json\/wp\/v2\/comments?post=7837"}],"version-history":[{"count":9,"href":"https:\/\/lagrandeecoledesaffaires.com\/index.php\/wp-json\/wp\/v2\/posts\/7837\/revisions"}],"predecessor-version":[{"id":8509,"href":"https:\/\/lagrandeecoledesaffaires.com\/index.php\/wp-json\/wp\/v2\/posts\/7837\/revisions\/8509"}],"wp:featuredmedia":[{"embeddable":true,"href":"https:\/\/lagrandeecoledesaffaires.com\/index.php\/wp-json\/wp\/v2\/media\/7212"}],"wp:attachment":[{"href":"https:\/\/lagrandeecoledesaffaires.com\/index.php\/wp-json\/wp\/v2\/media?parent=7837"}],"wp:term":[{"taxonomy":"category","embeddable":true,"href":"https:\/\/lagrandeecoledesaffaires.com\/index.php\/wp-json\/wp\/v2\/categories?post=7837"},{"taxonomy":"post_tag","embeddable":true,"href":"https:\/\/lagrandeecoledesaffaires.com\/index.php\/wp-json\/wp\/v2\/tags?post=7837"}],"curies":[{"name":"wp","href":"https:\/\/api.w.org\/{rel}","templated":true}]}}