{"id":7794,"date":"2023-08-14T10:30:59","date_gmt":"2023-08-14T14:30:59","guid":{"rendered":"https:\/\/lagrandeecoledesaffaires.com\/?p=7794"},"modified":"2026-01-27T15:48:42","modified_gmt":"2026-01-27T20:48:42","slug":"votre-equipe-est-elle-aguerrie-en-analyse-contextes-solutions-et-impacts-dans-ses-negociations-en-ce-moment-2","status":"publish","type":"post","link":"https:\/\/lagrandeecoledesaffaires.com\/index.php\/votre-equipe-est-elle-aguerrie-en-analyse-contextes-solutions-et-impacts-dans-ses-negociations-en-ce-moment-2\/","title":{"rendered":"Votre \u00e9quipe est-elle aguerrie en analyse, contextes, solutions et impacts dans ses n\u00e9gociations en ce moment?"},"content":{"rendered":"<h2><\/h2>\n<div class=\"vc_row wpb_row vc_row-fluid\">\n<div class=\"wpb_column vc_column_container vc_col-sm-12\">\n<h2><img loading=\"lazy\" decoding=\"async\" class=\"size-full wp-image-7737 alignright\" src=\"https:\/\/lagrandeecoledesaffaires.com\/wp-content\/uploads\/2023\/06\/NEGOCIATION-9.jpg\" alt=\"\" width=\"474\" height=\"248\" srcset=\"https:\/\/lagrandeecoledesaffaires.com\/wp-content\/uploads\/2023\/06\/NEGOCIATION-9.jpg 474w, https:\/\/lagrandeecoledesaffaires.com\/wp-content\/uploads\/2023\/06\/NEGOCIATION-9-300x157.jpg 300w\" sizes=\"auto, (max-width: 474px) 100vw, 474px\" \/><\/h2>\n<h2>Toute personne qui prend des d\u00e9cisions dans votre organisation a-t-elle la formation, la mise \u00e0 niveau de cette formation au contexte que nous vivons et que nous allons vivre? La n\u00e9gociation strat\u00e9gique un outil de gestion.<\/h2>\n<p><strong><em>Nous enseignons la n\u00e9gociation strat\u00e9gique depuis 31 ans, nous <\/em><\/strong><span style=\"font-weight: inherit;\"><strong><em>avons une biblioth\u00e8que de formations types avec une jurisprudence des r\u00e9sultats.<\/em><\/strong> Le temps passe et les situations se ressemblent avec le temps. L&rsquo;adaptation aux changements est un essentiel en n\u00e9gociation.<\/span><\/p>\n<p>Nous avons form\u00e9s de DG,PDG, RH, hauts fonctionnaires, ing\u00e9nieurs, chirurgiens, comptabilit\u00e9, fiscalit\u00e9, finances, acheteurs, vendeurs, chercheurs, juges, courtiers, policiers, enqu\u00eateurs, g\u00e9rants, directeurs.<\/p>\n<p>Cette formation de 2 jours, regroupe de 6 \u00e0 20 personnes de d\u00e9partements diff\u00e9rents <strong>d<\/strong><em><strong>ans votre organisation<\/strong>.<\/em> Elle donne les <em><strong>avantages et b\u00e9n\u00e9fices suivants<\/strong><\/em><\/p>\n<p><strong>Ou en grand publique<\/strong>.<strong> W\u00e9binaire<\/strong> les 11 &amp; 12 septembre 2023<\/p>\n<p><strong>Pr\u00e9sentiel<\/strong> les 25 &amp; 26 septembre 2023 au Best Western a St-J\u00e9r\u00f4me<\/p>\n<h2><strong>Avantages:<\/strong><\/h2>\n<p>Conna\u00eetre les r\u00e8gles, la structure et la dynamique d&rsquo;une n\u00e9gociation en 2023<\/p>\n<p>Bien cerner la situation v\u00e9cue, ses impacts et les besoins \u00e0 combler<\/p>\n<p>\u00c9change d&rsquo;information pertinente sans d\u00e9tour et <strong>cr\u00e9ation de valeur<\/strong><\/p>\n<p>Gain de temps appr\u00e9ciable et mesurable<\/p>\n<p>Meilleure communication entre les diff\u00e9rents d\u00e9partements et succursales<\/p>\n<p>Prises de d\u00e9cisions r\u00e9fl\u00e9chies et rapidement<\/p>\n<h2><strong>B\u00e9n\u00e9fices:<\/strong><\/h2>\n<p>Une analyse du processus diminue les co\u00fbts<\/p>\n<p>La n\u00e9gociation permet une avanc\u00e9e et une cr\u00e9ation de valeur ajout\u00e9<\/p>\n<p>N\u00e9gociation structur\u00e9e et ad\u00e9quate<\/p>\n<p>Augmentation de la profitabilit\u00e9 de fa\u00e7on tr\u00e8s appr\u00e9ciable<\/p>\n<p>Stabilit\u00e9 de l&rsquo;image de l&rsquo;organisation et am\u00e8ne une stabilit\u00e9 du personnel<\/p>\n<h3 class=\"paragraph textModule textModule--type-paragraph \"><em><strong>D\u00e8s le lendemain de la formation, le n\u00e9gociateur qui aura acquis les techniques et les comp\u00e9tences pr\u00e9sent\u00e9es lors de cette formation interactive sera capable de n\u00e9gocier avec succ\u00e8s, des accords concluant et d\u00e9terminant sur son avenir et son organisation<\/strong><\/em><strong><em>.<\/em><\/strong><\/h3>\n<p>______________________________________________________________<\/p>\n<p><strong>L&rsquo;objection la plus courante: Nous n&rsquo;avons pas le temps<\/strong><\/p>\n<p>Le temps imparti a tous les humains est le m\u00eame. Ce que nous souhaitons r\u00e9aliser au cours de ce temps d\u00e9pend de <em><strong>la fa\u00e7on de planifier, organiser, d\u00e9cider et contr\u00f4ler la fa\u00e7on dont nous utilisons ce temps. <\/strong>La gestion du temps est une discipline.<\/em><\/p>\n<p>Une formation de 2 jours qui rapporte gros. Vous r\u00e9cup\u00e9rez votre investissement en quelques semaines et par la suite cela sera du profit net. Apr\u00e8s 31 ans nous avons eu le temps de le constater. Rio Tinto nous a dit qu&rsquo;en 3 jours, il a r\u00e9cup\u00e9r\u00e9 son investissement et LKQ\u00a0 en 1 semaine.<\/p>\n<p>______________________________________________________________<\/p>\n<p><strong style=\"color: #333399; font-family: Dosis;\">8 erreurs \u00e0 \u00e9viter<\/strong><\/p>\n<\/div>\n<\/div>\n<div class=\"vc_row wpb_row vc_row-fluid\">\n<div class=\"wpb_column vc_column_container vc_col-sm-12\">\n<h1><span style=\"color: #0000ff;\"><strong><img loading=\"lazy\" decoding=\"async\" class=\"alignnone\" src=\"https:\/\/aurelienbamde.com\/wp-content\/uploads\/2017\/02\/illustration1.jpg\" alt=\"La r\u00e9forme de la liste des conditions de validit\u00e9 du contrat \u2013 A. Bamd\u00e9 &amp; J. Bourdoiseau\" width=\"162\" height=\"122\" \/><\/strong><\/span><\/h1>\n<ul>\n<li>\n<h3><span style=\"color: #000000;\"><strong>Manque de pr\u00e9paration et de recherche\u00a0 \u00a0 \u00a0 \u00a0 \u00a0 \u00a0 \u00a0 \u00a0 \u00a0 \u00a0 \u00a0 \u00a0 \u00a0 \u00a0 \u00a0 \u00a0 \u00a0 \u00a0 \u00a0 \u00a0 \u00a0 \u00a0 \u00a0 \u00a0 \u00a0 \u00a0\u00a0<\/strong><\/span><\/h3>\n<\/li>\n<li><span style=\"color: #000000;\"><em><strong>Ne pas jamais couper la parole<\/strong><\/em><\/span><\/li>\n<li>\n<h3><span style=\"color: #000000;\"><strong>Difficult\u00e9 \u00e0 g\u00e9rer ses \u00e9motions et manque d&#8217;empathie<\/strong><\/span><\/h3>\n<\/li>\n<li>\n<h3><span style=\"color: #000000;\"><strong>Laisser l&rsquo;agressivit\u00e9 prendre le dessus<\/strong><\/span><\/h3>\n<\/li>\n<li>\n<h3><span style=\"color: #000000;\"><strong>Manquer d&rsquo;\u00e9coute active et de parole active<\/strong><\/span><\/h3>\n<\/li>\n<li>\n<h3><span style=\"color: #000000;\"><strong>Focusser seulement sur un \u00e9l\u00e9ment<\/strong><\/span><\/h3>\n<\/li>\n<li><span style=\"color: #000000;\"><strong>Se surestimer et pr\u00e9cipiter<\/strong><\/span><\/li>\n<li>\n<h3><span style=\"color: #000000;\"><strong>Ne pas r\u00e9fl\u00e9chir sur le long terme\u00a0<\/strong><\/span><\/h3>\n<\/li>\n<li>\n<h2><span style=\"color: #333399;\"><strong>+ + + + + + + + + + + + + + + +\u00a0<\/strong><\/span><\/h2>\n<\/li>\n<\/ul>\n<p>La Grande \u00c9cole des Affaires \u00e0 25,000 \u00e9tudiants en n\u00e9gociation depuis 31 ans. <span style=\"color: #333399;\"><strong>Accr\u00e9dit\u00e9e par Emploi Qu\u00e9bec et reconnue\u00a0 par la majorit\u00e9 des Ordres professionnels <\/strong>pour l&rsquo;obtention de UFC.<\/span><\/p>\n<p><strong>Formations compl\u00e9mentaires: Leadership de gestion web le 24 octobre et Courage Manag\u00e9rial web le 21 septembre 2023<\/strong><\/p>\n<\/div>\n<p><span style=\"color: #800000;\">Contactez nous au<\/span>: <strong>info@lagrandeecoledesaffaires.com<\/strong><\/p>\n<p>www.lagrandeecoledesaffaires.com<\/p>\n<p>www.aidenegociation.com<\/p>\n<div class=\"wpb_column vc_column_container vc_col-sm-12\"><\/div>\n<div class=\"wpb_wrapper\">\n<div class=\"wpb_text_column wpb_content_element \">\n<div class=\"wpb_wrapper\">\n<div class=\"vc_row wpb_row vc_row-fluid\">\n<div class=\"wpb_column vc_column_container vc_col-sm-8\">\n<div class=\"vc_column-inner \">\n<div class=\"wpb_wrapper\">\n<div class=\"wpb_text_column wpb_content_element \">\n<div class=\"wpb_wrapper\">\n<p><strong style=\"font-family: Dosis;\"><img loading=\"lazy\" decoding=\"async\" class=\"alignnone size-full wp-image-1221\" src=\"https:\/\/lagrandeecoledesaffaires.com\/wp-content\/uploads\/2017\/01\/logo-emploiqc.png\" alt=\"\" width=\"169\" height=\"79\" \/><img loading=\"lazy\" decoding=\"async\" class=\"alignnone size-full wp-image-1220\" src=\"https:\/\/lagrandeecoledesaffaires.com\/wp-content\/uploads\/2017\/01\/logo-barreau.png\" alt=\"\" width=\"157\" height=\"79\" \/><\/strong><\/p>\n<\/div>\n<\/div>\n<\/div>\n<\/div>\n<\/div>\n<\/div>\n<h3><\/h3>\n<\/div>\n<\/div>\n<\/div>\n<\/div>\n<div class=\"vc_row wpb_row vc_row-fluid\">\n<div class=\"wpb_column vc_column_container vc_col-sm-8\">\n<div class=\"vc_column-inner \">\n<div class=\"wpb_wrapper\">\n<div class=\"wpb_text_column wpb_content_element \">\n<div class=\"wpb_wrapper\">\n<p>&nbsp;<\/p>\n<p>____________________________________________________________________________________________________<\/p>\n<p>&nbsp;<\/p>\n<p>&nbsp;<\/p>\n<p>&nbsp;<\/p>\n<\/div>\n<\/div>\n<\/div>\n<\/div>\n<\/div>\n<\/div>\n","protected":false},"excerpt":{"rendered":"<p>Toute personne qui prend des d\u00e9cisions dans votre organisation a-t-elle la formation, la mise \u00e0 niveau de cette formation au contexte que nous vivons et que nous allons vivre? La n\u00e9gociation strat\u00e9gique un outil de gestion. Nous enseignons la n\u00e9gociation strat\u00e9gique depuis 31 ans, nous avons une biblioth\u00e8que de formations types avec une jurisprudence des&hellip;&nbsp;<\/p>\n","protected":false},"author":2,"featured_media":7560,"comment_status":"open","ping_status":"open","sticky":false,"template":"","format":"standard","meta":{"neve_meta_sidebar":"","neve_meta_container":"","neve_meta_enable_content_width":"","neve_meta_content_width":0,"neve_meta_title_alignment":"","neve_meta_author_avatar":"","neve_post_elements_order":"","neve_meta_disable_header":"","neve_meta_disable_footer":"","neve_meta_disable_title":"","footnotes":""},"categories":[30,1],"tags":[],"class_list":["post-7794","post","type-post","status-publish","format-standard","has-post-thumbnail","hentry","category-infolettre","category-non-classe"],"_links":{"self":[{"href":"https:\/\/lagrandeecoledesaffaires.com\/index.php\/wp-json\/wp\/v2\/posts\/7794","targetHints":{"allow":["GET"]}}],"collection":[{"href":"https:\/\/lagrandeecoledesaffaires.com\/index.php\/wp-json\/wp\/v2\/posts"}],"about":[{"href":"https:\/\/lagrandeecoledesaffaires.com\/index.php\/wp-json\/wp\/v2\/types\/post"}],"author":[{"embeddable":true,"href":"https:\/\/lagrandeecoledesaffaires.com\/index.php\/wp-json\/wp\/v2\/users\/2"}],"replies":[{"embeddable":true,"href":"https:\/\/lagrandeecoledesaffaires.com\/index.php\/wp-json\/wp\/v2\/comments?post=7794"}],"version-history":[{"count":1,"href":"https:\/\/lagrandeecoledesaffaires.com\/index.php\/wp-json\/wp\/v2\/posts\/7794\/revisions"}],"predecessor-version":[{"id":7795,"href":"https:\/\/lagrandeecoledesaffaires.com\/index.php\/wp-json\/wp\/v2\/posts\/7794\/revisions\/7795"}],"wp:featuredmedia":[{"embeddable":true,"href":"https:\/\/lagrandeecoledesaffaires.com\/index.php\/wp-json\/wp\/v2\/media\/7560"}],"wp:attachment":[{"href":"https:\/\/lagrandeecoledesaffaires.com\/index.php\/wp-json\/wp\/v2\/media?parent=7794"}],"wp:term":[{"taxonomy":"category","embeddable":true,"href":"https:\/\/lagrandeecoledesaffaires.com\/index.php\/wp-json\/wp\/v2\/categories?post=7794"},{"taxonomy":"post_tag","embeddable":true,"href":"https:\/\/lagrandeecoledesaffaires.com\/index.php\/wp-json\/wp\/v2\/tags?post=7794"}],"curies":[{"name":"wp","href":"https:\/\/api.w.org\/{rel}","templated":true}]}}