{"id":7709,"date":"2023-06-19T09:24:21","date_gmt":"2023-06-19T13:24:21","guid":{"rendered":"https:\/\/lagrandeecoledesaffaires.com\/?p=7709"},"modified":"2023-07-06T20:22:04","modified_gmt":"2023-07-07T00:22:04","slug":"investir-dans-son-adjointe-dadministration-et-direction-cest-investir-dans-votre-propre-carriere","status":"publish","type":"post","link":"https:\/\/lagrandeecoledesaffaires.com\/index.php\/investir-dans-son-adjointe-dadministration-et-direction-cest-investir-dans-votre-propre-carriere\/","title":{"rendered":"Investir dans son adjointe d&rsquo;administration et direction, c&rsquo;est assur\u00e9ment gagnant. Mieux que la loterie ?"},"content":{"rendered":"<h1><em>Investir dans son adjointe d&rsquo;administration et direction, c&rsquo;est investir dans votre propre carri\u00e8re.<\/em><\/h1>\n<h1>Notre formation vedette, enrichissante et actuelle<\/h1>\n<h1>Cr\u00e9ativit\u00e9, Initiative, Confiance, Adaptation, Comp\u00e9tence<\/h1>\n<h1><span style=\"color: #c20606;\"><span style=\"color: #c20606;\"><b>Formation web le 15 ao\u00fbt ou\u00a0 14 septembre ou\u00a0 7 d\u00e9cembre de<\/b><\/span><\/span><\/h1>\n<h1><strong><span style=\"color: #c20606;\"> 9 h \u00e0 11 h 30 et 13 h \u00e0 15 h 30. Un investissement judicieux!<\/span><\/strong><\/h1>\n<p>R\u00e9servez maintenant, attestation d&rsquo;\u00e9tude<\/p>\n<p style=\"text-align: left;\"><img loading=\"lazy\" decoding=\"async\" class=\"size-full wp-image-6793 alignright\" src=\"https:\/\/lagrandeecoledesaffaires.com\/wp-content\/uploads\/2022\/10\/Adjointe-2-femmes.webp\" alt=\"\" width=\"600\" height=\"387\" srcset=\"https:\/\/lagrandeecoledesaffaires.com\/wp-content\/uploads\/2022\/10\/Adjointe-2-femmes.webp 600w, https:\/\/lagrandeecoledesaffaires.com\/wp-content\/uploads\/2022\/10\/Adjointe-2-femmes-300x194.webp 300w\" sizes=\"auto, (max-width: 600px) 100vw, 600px\" \/><\/p>\n<h2><strong><span style=\"color: #333399;\"><em>L&rsquo;Adjointe est au fait de beaucoup d&rsquo;information qui peut \u00eatre strat\u00e9gique dans vos prises de d\u00e9cision. N&rsquo;h\u00e9sitez pas \u00e0 la consulter.<\/em><\/span><\/strong><\/h2>\n<h2><strong><span style=\"color: #333399;\">L&rsquo;Adjoint\/e d&rsquo;administration et de direction : Le bras droit et gauche de son patron. C&rsquo;est un travail d&rsquo;\u00e9quipe, de collaboration durable et des \u00e9l\u00e9ments cl\u00e9s dans l&rsquo;organisation! <\/span><\/strong><\/h2>\n<h3><\/h3>\n<h3><em>Le plan de cours de cette formation a \u00e9t\u00e9 b\u00e2ti par une adjointe d\u2019un premier ministre du Qu\u00e9bec. Savoir-\u00eatre et savoir-faire. <\/em><em>Une occasion d\u2019apprendre rapidement ce que la vie nous enseigne en plusieurs ann\u00e9es. Vous gagnerez du temps.<\/em><\/h3>\n<h3><em><strong>Communication, diplomatie,\u00a0 leadership, respect, enthousiasme, ouverture, organisation, motivation et cr\u00e9ativit\u00e9 sont des aspects et attitudes qui donnent \u00e0 l\u2019adjointe d\u2019administration et de direction les \u00e9l\u00e9ments cl\u00e9s afin de bien assumer son r\u00f4le cl\u00e9 dans l\u2019\u00e9quipe de cadres ou direction.<\/strong><\/em><\/h3>\n<h3>Certains cadres suivent la formation avec leur adjointe = collaboration et travail d&rsquo;\u00e9quipe +++++++++<\/h3>\n<h3><em><strong>La prise en charge de certains volets de la gestion pour lib\u00e9rer les d\u00e9cideurs de pr\u00e9occupations quotidiennes, les laissant ainsi se consacrer \u00e0 des processus de plus en plus complexes et exigeants, dict\u00e9s par les fluctuations \u00e9conomiques, la comp\u00e9titivit\u00e9 et les nouvelles r\u00e8gles de plus en plus astreignantes et complexes.<\/strong><\/em><\/h3>\n<h2><strong><em>&lsquo;<\/em><\/strong><span style=\"color: #0000ff;\"><span style=\"color: #008080;\"><em><span style=\"color: #008080;\">Dans la vie, l&rsquo;on\u00a0obtient que ce que nous sommes pr\u00eats \u00e0 investir de soi-m\u00eame pour r\u00e9ussir ses r\u00eaves et ambitions. Tout ne d\u00e9pend que de moi et ma capacit\u00e9 de convaincre.<\/span><\/em><\/span><\/span><\/h2>\n<p><img loading=\"lazy\" decoding=\"async\" class=\"alignnone wp-image-6792\" src=\"https:\/\/lagrandeecoledesaffaires.com\/wp-content\/uploads\/2022\/10\/adjointe-superviseur-1024x683.jpg\" alt=\"\" width=\"550\" height=\"367\" srcset=\"https:\/\/lagrandeecoledesaffaires.com\/wp-content\/uploads\/2022\/10\/adjointe-superviseur-1024x683.jpg 1024w, https:\/\/lagrandeecoledesaffaires.com\/wp-content\/uploads\/2022\/10\/adjointe-superviseur-300x200.jpg 300w, https:\/\/lagrandeecoledesaffaires.com\/wp-content\/uploads\/2022\/10\/adjointe-superviseur-768x512.jpg 768w, https:\/\/lagrandeecoledesaffaires.com\/wp-content\/uploads\/2022\/10\/adjointe-superviseur-1536x1025.jpg 1536w, https:\/\/lagrandeecoledesaffaires.com\/wp-content\/uploads\/2022\/10\/adjointe-superviseur-1320x880.jpg 1320w, https:\/\/lagrandeecoledesaffaires.com\/wp-content\/uploads\/2022\/10\/adjointe-superviseur-272x182.jpg 272w, https:\/\/lagrandeecoledesaffaires.com\/wp-content\/uploads\/2022\/10\/adjointe-superviseur.jpg 2000w\" sizes=\"auto, (max-width: 550px) 100vw, 550px\" \/><\/p>\n<p><strong>LA STRAT\u00c9GIE \u00c0 APPLIQUER<\/strong>\u00a0:<\/p>\n<ul>\n<li>Planifier, organiser, d\u00e9cider et vous \u00eates un rouage important de l\u2019organisation<\/li>\n<li>Repr\u00e9senter et positionner : communiquer la recherche d\u2019excellence en exer\u00e7ant un leadership<\/li>\n<li>Planification r\u00e9aliste et vision claire des objectifs \u00e0 atteindre<\/li>\n<li>\u00c9tablir des liens essentiels avec les personnes cl\u00e9s<\/li>\n<li>Interagir de mani\u00e8re strat\u00e9gique<\/li>\n<li>Participer au processus d\u2019\u00e9volution des affaires<\/li>\n<li>Maximiser l\u2019efficacit\u00e9 (\u00eatre un agent de changement)<\/li>\n<li>G\u00e9rer l\u2019information strat\u00e9gique sous toutes ses formes<\/li>\n<li>D\u00e9finition claire du mandat et des attentes du sup\u00e9rieur imm\u00e9diat<\/li>\n<li>Qu&rsquo;est-ce que le stress professionnel, les impacts et solutions<\/li>\n<li>Pour quel type de leader travaillez-vous?<\/li>\n<li>Test de personnalit\u00e9, sens cognitif, influence et communication confidentielle .<\/li>\n<li>Processus de communication<\/li>\n<li>Les d\u00e9fis, priorit\u00e9s et objectifs des d\u00e9cideurs<\/li>\n<li>Mise en place des changements<\/li>\n<\/ul>\n<p>Cette journ\u00e9e de formation en grand public ou dans votre entreprise vise \u00e0 transmettre des principes de gestion qui permettra aux adjointes de mieux seconder le processus d\u00e9cisionnel et de devenir ainsi la plus pr\u00e9cieuse collaboratrice de son sup\u00e9rieur. Un travail d\u2019\u00e9quipe dans un climat de respect mutuel.<\/p>\n<p>Cette formation fonctionne tr\u00e8s bien pour une client\u00e8le europ\u00e9enne qui s&rsquo;int\u00e9resse au march\u00e9 Qu\u00e9b\u00e9cois francophone.<\/p>\n<h3><span style=\"color: #333399;\"><em><b style=\"color: #333399;\">Venez avec votre coll\u00e8gue ou votre sup\u00e9rieur hi\u00e9rarchique. Savoir <\/b><span style=\"color: #333399;\"><b>b\u00e2tir<\/b><\/span><b style=\"color: #333399;\"> une \u00e9quipe solide et\u00a0 performante.<\/b><\/em><\/span><\/h3>\n<h2><strong><em>Jai d\u00e9cid\u00e9 que je n&rsquo;accepterais jamais d&rsquo;\u00eatre moins que ce que\u00a0 je pourrais \u00eatre.<\/em> Sachez que ce sont vos d\u00e9cisions et non les circonstances qui d\u00e9terminent votre avenir. (Source: <span style=\"color: #ff6600;\">Anthony Robbins<span style=\"color: #000000;\">).<\/span><\/span><\/strong><\/h2>\n<h3><strong><span style=\"color: #333399;\">www.lagrandeecoledesaffaires.com<\/span><\/strong><\/h3>\n<h3><strong><span style=\"color: #333399;\">www.aidenegociation.com<\/span><\/strong><\/h3>\n<p>info@lagrandeecoledesaffaires.com<\/p>\n<p>&nbsp;<\/p>\n<p>_______________________________________________________________________<\/p>\n<p>&nbsp;<\/p>\n<header class=\"entry-header\"><\/header>\n<div class=\"entry-content\">\n<div class=\"vc_row wpb_row vc_row-fluid\">\n<div class=\"wpb_column vc_column_container vc_col-sm-8\">\n<div class=\"vc_column-inner \">\n<div class=\"wpb_wrapper\">\n<div class=\"wpb_text_column wpb_content_element \">\n<div class=\"wpb_wrapper\">\n<p>&nbsp;<\/p>\n<p>&nbsp;<\/p>\n<\/div>\n<\/div>\n<\/div>\n<\/div>\n<\/div>\n<\/div>\n<\/div>\n<div class=\"entry-content\">\n<div class=\"vc_row wpb_row vc_row-fluid\">\n<div class=\"wpb_column vc_column_container vc_col-sm-8\">\n<div class=\"vc_column-inner \">\n<div class=\"wpb_wrapper\">\n<div class=\"wpb_text_column wpb_content_element \">\n<div class=\"wpb_wrapper\">\n<p>&nbsp;<\/p>\n<p>&nbsp;<\/p>\n<p>&nbsp;<\/p>\n<\/div>\n<\/div>\n<\/div>\n<\/div>\n<\/div>\n<\/div>\n<\/div>\n","protected":false},"excerpt":{"rendered":"<p>Investir dans son adjointe d&rsquo;administration et direction, c&rsquo;est investir dans votre propre carri\u00e8re. Notre formation vedette, enrichissante et actuelle Cr\u00e9ativit\u00e9, Initiative, Confiance, Adaptation, Comp\u00e9tence Formation web le 15 ao\u00fbt ou\u00a0 14 septembre ou\u00a0 7 d\u00e9cembre de 9 h \u00e0 11 h 30 et 13 h \u00e0 15 h 30. Un investissement judicieux! R\u00e9servez maintenant, attestation&hellip;&nbsp;<\/p>\n","protected":false},"author":2,"featured_media":7708,"comment_status":"open","ping_status":"open","sticky":false,"template":"","format":"standard","meta":{"neve_meta_sidebar":"","neve_meta_container":"","neve_meta_enable_content_width":"","neve_meta_content_width":0,"neve_meta_title_alignment":"","neve_meta_author_avatar":"","neve_post_elements_order":"","neve_meta_disable_header":"","neve_meta_disable_footer":"","neve_meta_disable_title":"","footnotes":""},"categories":[30],"tags":[],"class_list":["post-7709","post","type-post","status-publish","format-standard","has-post-thumbnail","hentry","category-infolettre"],"_links":{"self":[{"href":"https:\/\/lagrandeecoledesaffaires.com\/index.php\/wp-json\/wp\/v2\/posts\/7709","targetHints":{"allow":["GET"]}}],"collection":[{"href":"https:\/\/lagrandeecoledesaffaires.com\/index.php\/wp-json\/wp\/v2\/posts"}],"about":[{"href":"https:\/\/lagrandeecoledesaffaires.com\/index.php\/wp-json\/wp\/v2\/types\/post"}],"author":[{"embeddable":true,"href":"https:\/\/lagrandeecoledesaffaires.com\/index.php\/wp-json\/wp\/v2\/users\/2"}],"replies":[{"embeddable":true,"href":"https:\/\/lagrandeecoledesaffaires.com\/index.php\/wp-json\/wp\/v2\/comments?post=7709"}],"version-history":[{"count":5,"href":"https:\/\/lagrandeecoledesaffaires.com\/index.php\/wp-json\/wp\/v2\/posts\/7709\/revisions"}],"predecessor-version":[{"id":7732,"href":"https:\/\/lagrandeecoledesaffaires.com\/index.php\/wp-json\/wp\/v2\/posts\/7709\/revisions\/7732"}],"wp:featuredmedia":[{"embeddable":true,"href":"https:\/\/lagrandeecoledesaffaires.com\/index.php\/wp-json\/wp\/v2\/media\/7708"}],"wp:attachment":[{"href":"https:\/\/lagrandeecoledesaffaires.com\/index.php\/wp-json\/wp\/v2\/media?parent=7709"}],"wp:term":[{"taxonomy":"category","embeddable":true,"href":"https:\/\/lagrandeecoledesaffaires.com\/index.php\/wp-json\/wp\/v2\/categories?post=7709"},{"taxonomy":"post_tag","embeddable":true,"href":"https:\/\/lagrandeecoledesaffaires.com\/index.php\/wp-json\/wp\/v2\/tags?post=7709"}],"curies":[{"name":"wp","href":"https:\/\/api.w.org\/{rel}","templated":true}]}}