{"id":7449,"date":"2023-03-13T09:59:54","date_gmt":"2023-03-13T13:59:54","guid":{"rendered":"https:\/\/lagrandeecoledesaffaires.com\/?p=7449"},"modified":"2023-03-14T10:43:03","modified_gmt":"2023-03-14T14:43:03","slug":"la-maitrise-du-silence-un-outil-de-communication-percutant-et-durable","status":"publish","type":"post","link":"https:\/\/lagrandeecoledesaffaires.com\/index.php\/la-maitrise-du-silence-un-outil-de-communication-percutant-et-durable\/","title":{"rendered":"LA MA\u00ceTRISE DU SILENCE, un outil de communication percutant et durable."},"content":{"rendered":"<h2><img loading=\"lazy\" decoding=\"async\" class=\"alignnone wp-image-7208\" src=\"https:\/\/lagrandeecoledesaffaires.com\/wp-content\/uploads\/2023\/01\/Maitrise-silence.png\" alt=\"\" width=\"339\" height=\"254\" \/><\/h2>\n<h2><strong>Comment me permettre et \u00e0 mon interlocuteur de faciliter une communication fluide.<\/strong><\/h2>\n<h2>La ma\u00eetrise du silence vous permet\u00a0 de cr\u00e9er un climat de confiance.<\/h2>\n<p>Le silence c&rsquo;est la parole active. Une approche en communication qui m\u00e9rite toute votre attention et une analyse de votre type de communication actuel.<\/p>\n<p>Cette technique vous permettra de sauver du temps par une meilleure compr\u00e9hension des enjeux communs et de d\u00e9velopper l&rsquo;art de la conversation.<\/p>\n<h2><span style=\"color: #800000;\"><em>Pensez \u00e0 ceux que vous respectez le plus.<\/em><\/span><\/h2>\n<p>Nouvelle formation 2023<\/p>\n<h2><span style=\"color: #0000ff;\"><span style=\"color: #0000ff;\"><b>Cette formation vous permettra de d\u00e9velopper vos talents d&rsquo;\u00e9coute de fa\u00e7on durable:<\/b><\/span><\/span><\/h2>\n<ul>\n<li>Apprivoiser le silence<\/li>\n<li>Le silence peut devenir un alli\u00e9 strat\u00e9gique.<\/li>\n<li>Perfectionner vos comp\u00e9tences d&rsquo;\u00e9coute.<\/li>\n<li>D\u00e9montrez un int\u00e9r\u00eat r\u00e9el aux propos de votre vis \u00e0 vis.<\/li>\n<li>Questionnez de fa\u00e7on active, mais non monochrome sur les sujets qui semblent d&rsquo;\u00eatre d&rsquo;un grand int\u00e9r\u00eat chez l&rsquo;autre.<\/li>\n<li>Surveillez votre verbal, para verbal et non verbal. Ils seront per\u00e7us par votre interlocuteur soit positivement, neutre ou n\u00e9gativement.<\/li>\n<li>Adaptez-vous \u00e0 votre interlocuteur et au contexte ambiant ou \u00e9motionnel.<\/li>\n<li>Garder le contr\u00f4le des \u00e9motions. Utilisez votre cerveau gauche ( rationnel) pour vous aider en cas d&rsquo;une pr\u00e9vision de d\u00e9rapage.<\/li>\n<li>Comprendre que l&rsquo;autre ou les autres ont une vision ou perception diff\u00e9rente de la v\u00f4tre. Acceptez que les gens ont des id\u00e9es, ne veut pas dire d&rsquo;y adh\u00e9rez.<\/li>\n<li>\u00c9couter sans interrompre, questionner r\u00e9guli\u00e8rement, reformuler et confirmer ma compr\u00e9hension.<\/li>\n<\/ul>\n<p><em><strong>Les gens que nous respectons le plus sont ceux qui nous \u00e9coutent.<\/strong><\/em><\/p>\n<p>Soyez pr\u00e9par\u00e9 \u00e0 cette rencontre ou discussion.<\/p>\n<h2><span style=\"color: #0000ff;\"><b>F<\/b><span style=\"color: #0000ff;\"><b><span style=\"color: #0000ff;\">o<\/span>rmation Ma\u00eetrise du silence web le\u00a0 20 avril de 9H \u00e0 11 h 30 et 13h \u00e0 15 h 30. <\/b><\/span><em style=\"color: #0000ff; font-weight: bold;\">Investissez en vous cette ann\u00e9e!<\/em><\/span><\/h2>\n<h2><strong>Cette formation se donne aussi en entreprise. Elle est adapt\u00e9e selon vos besoins et couleurs de votre organisation!<\/strong><\/h2>\n<h2><strong><em>Le silence c&rsquo;est la parole!<\/em><\/strong><\/h2>\n<h2>Voir sur<strong>\u00a0 \u00a0www.lagrandeecoledes affaires.com\u00a0 \u00a0 La ma\u00eetrise du silence\u00a0<\/strong><\/h2>\n<p>Nouveau site b\u00e2tit par la firme CIMA\u00a0 \u00a0 \u00a0www,aidenegociation.com<\/p>\n<p><span style=\"color: #0000ff;\">Formations compl\u00e9mentaires : Le Courage Manag\u00e9rial et Leadership de Gestion.<\/span><\/p>\n<p>&nbsp;<\/p>\n<p>&nbsp;<\/p>\n","protected":false},"excerpt":{"rendered":"<p>Comment me permettre et \u00e0 mon interlocuteur de faciliter une communication fluide. La ma\u00eetrise du silence vous permet\u00a0 de cr\u00e9er un climat de confiance. Le silence c&rsquo;est la parole active. Une approche en communication qui m\u00e9rite toute votre attention et une analyse de votre type de communication actuel. Cette technique vous permettra de sauver du&hellip;&nbsp;<\/p>\n","protected":false},"author":2,"featured_media":7447,"comment_status":"open","ping_status":"open","sticky":false,"template":"","format":"standard","meta":{"neve_meta_sidebar":"","neve_meta_container":"","neve_meta_enable_content_width":"","neve_meta_content_width":0,"neve_meta_title_alignment":"","neve_meta_author_avatar":"","neve_post_elements_order":"","neve_meta_disable_header":"","neve_meta_disable_footer":"","neve_meta_disable_title":"","footnotes":""},"categories":[30,1],"tags":[],"class_list":["post-7449","post","type-post","status-publish","format-standard","has-post-thumbnail","hentry","category-infolettre","category-non-classe"],"_links":{"self":[{"href":"https:\/\/lagrandeecoledesaffaires.com\/index.php\/wp-json\/wp\/v2\/posts\/7449","targetHints":{"allow":["GET"]}}],"collection":[{"href":"https:\/\/lagrandeecoledesaffaires.com\/index.php\/wp-json\/wp\/v2\/posts"}],"about":[{"href":"https:\/\/lagrandeecoledesaffaires.com\/index.php\/wp-json\/wp\/v2\/types\/post"}],"author":[{"embeddable":true,"href":"https:\/\/lagrandeecoledesaffaires.com\/index.php\/wp-json\/wp\/v2\/users\/2"}],"replies":[{"embeddable":true,"href":"https:\/\/lagrandeecoledesaffaires.com\/index.php\/wp-json\/wp\/v2\/comments?post=7449"}],"version-history":[{"count":1,"href":"https:\/\/lagrandeecoledesaffaires.com\/index.php\/wp-json\/wp\/v2\/posts\/7449\/revisions"}],"predecessor-version":[{"id":7450,"href":"https:\/\/lagrandeecoledesaffaires.com\/index.php\/wp-json\/wp\/v2\/posts\/7449\/revisions\/7450"}],"wp:featuredmedia":[{"embeddable":true,"href":"https:\/\/lagrandeecoledesaffaires.com\/index.php\/wp-json\/wp\/v2\/media\/7447"}],"wp:attachment":[{"href":"https:\/\/lagrandeecoledesaffaires.com\/index.php\/wp-json\/wp\/v2\/media?parent=7449"}],"wp:term":[{"taxonomy":"category","embeddable":true,"href":"https:\/\/lagrandeecoledesaffaires.com\/index.php\/wp-json\/wp\/v2\/categories?post=7449"},{"taxonomy":"post_tag","embeddable":true,"href":"https:\/\/lagrandeecoledesaffaires.com\/index.php\/wp-json\/wp\/v2\/tags?post=7449"}],"curies":[{"name":"wp","href":"https:\/\/api.w.org\/{rel}","templated":true}]}}