{"id":6586,"date":"2022-09-18T18:50:07","date_gmt":"2022-09-18T22:50:07","guid":{"rendered":"https:\/\/lagrandeecoledesaffaires.com\/?p=6586"},"modified":"2023-04-11T07:49:44","modified_gmt":"2023-04-11T11:49:44","slug":"votre-organisation-fonctionne-elle-en-silos-en-2022-comment-decloisonner-pour-obtenir-une-gestion-cooperative-des-plus-efficace","status":"publish","type":"post","link":"https:\/\/lagrandeecoledesaffaires.com\/index.php\/votre-organisation-fonctionne-elle-en-silos-en-2022-comment-decloisonner-pour-obtenir-une-gestion-cooperative-des-plus-efficace\/","title":{"rendered":"\u00c9voluer de la gestion en silos vers la Gestion Coop\u00e9rative &#038; Esprit d&rsquo;\u00e9quipe. Tr\u00e8s int\u00e9ressant a lire. RG"},"content":{"rendered":"<h2><img loading=\"lazy\" decoding=\"async\" class=\"alignnone wp-image-7368\" src=\"https:\/\/lagrandeecoledesaffaires.com\/wp-content\/uploads\/2023\/02\/Casser-la-gestion-en-silo-23.jpg\" alt=\"\" width=\"497\" height=\"391\" \/><\/h2>\n<h2><strong><span style=\"color: #333399;\">EN CETTE P\u00c9RIODE, \u00c9VOLUER\u00a0 DE GESTION EN SILO VERS UNE GESTION COOP\u00c9RATIVE &amp; \u00c9SPRIT D&rsquo;\u00c9QUIPE PREND TOUT SON SENS.<\/span><\/strong><\/h2>\n<h2><span style=\"color: #000080;\">La collaboration et l&rsquo;esprit d&rsquo;\u00e9quipe entre tous les d\u00e9partements de l&rsquo;organisation permettent une maximisation des r\u00e9sultats et des \u00e9conomies de fonctionnement.<\/span><\/h2>\n<p><em><strong>&#8211;<span style=\"color: #ff0000;\">MOIMS de blocages, jeux de pouvoirs, et co\u00fbts d&rsquo;op\u00e9rations.<\/span><\/strong><\/em><\/p>\n<p><span style=\"color: #ff0000;\"><em><strong>+PLUS de coop\u00e9ration, de fid\u00e9lit\u00e9, \u00e9changes, cr\u00e9ativit\u00e9 et de PROFITS.<\/strong><\/em><\/span><\/p>\n<p><img loading=\"lazy\" decoding=\"async\" class=\"wp-image-3736 alignright\" src=\"https:\/\/lagrandeecoledesaffaires.com\/wp-content\/uploads\/2020\/02\/SILO-5.jpg\" alt=\"\" width=\"400\" height=\"266\" srcset=\"https:\/\/lagrandeecoledesaffaires.com\/wp-content\/uploads\/2020\/02\/SILO-5.jpg 275w, https:\/\/lagrandeecoledesaffaires.com\/wp-content\/uploads\/2020\/02\/SILO-5-272x182.jpg 272w\" sizes=\"auto, (max-width: 400px) 100vw, 400px\" \/><\/p>\n<p><strong>La gestion en silo cr\u00e9e des entit\u00e9s distinctes au sein d&rsquo;une m\u00eame organisation.<\/strong> L&rsquo;\u00e9change d&rsquo;information est limit\u00e9 aux silos et les autres intervenants doivent g\u00e9rer dans l&rsquo;ignorance des actions prises par les autres silos.<\/p>\n<p><strong>Cette pratique co\u00fbte cher \u00e0 l&rsquo;organisation<\/strong> tant en perte de temps, stress, manque de perspective face \u00e0 l&rsquo;objectif, gestion des priorit\u00e9s limitantes et sans vision globale, l&rsquo;attitude, le respect, la stagnation de la connaissance, cr\u00e9ativit\u00e9, profitabilit\u00e9.<\/p>\n<p><em><strong>Dans une gestion en silos, on oublie les angles morts.<\/strong><\/em><\/p>\n<p>&nbsp;<\/p>\n<p><img loading=\"lazy\" decoding=\"async\" class=\"\" src=\"https:\/\/lagrandeecoledesaffaires.com\/wp-content\/uploads\/2020\/02\/angles-morts-1024x527.jpg\" width=\"713\" height=\"367\" \/><\/p>\n<p>Cette pratique s&rsquo;installe tranquillement et <strong>chaque entit\u00e9 devient un territoire priv\u00e9 et auto suffisante.<\/strong> Il se cr\u00e9e une ind\u00e9pendance face aux autres d\u00e9partements et un sentiment de sup\u00e9riorit\u00e9 dans l&rsquo;importance que chaque entit\u00e9 se donne comme \u00e9l\u00e9ment essentiel au fonctionnement de l&rsquo;organisation.<\/p>\n<p><strong><em>Mon d\u00e9partement est plus important que le tien, nous sommes essentiels \u00e0 la survie de l&rsquo;organisation. Ne viens pas jouer dans ma cours.<\/em><\/strong><\/p>\n<h3><strong>Objectifs<\/strong><\/h3>\n<ul>\n<li>D\u00e9finir l\u2019utilit\u00e9 des r\u00e9seaux de communication et d\u2019organisation du travail (en silo et collaboratif) afin de savoir comment et quand les utiliser<\/li>\n<li>D\u00e9velopper une structure de travail en \u00e9quipe collaborative et une organisation de la t\u00e2che efficace<\/li>\n<li>Favoriser le d\u00e9veloppement et le maintien de la coh\u00e9sion d\u2019une \u00e9quipe collaborative<\/li>\n<li>Distinguer le pouvoir de l\u2019influence et d\u00e9velopper une intelligence \u00e9motionnelle pour la mise en place d\u2019un leadership collaboratif<\/li>\n<li>Utiliser des mod\u00e8les de gestion d\u2019\u00e9quipe de travail pour agir et prendre en charge le d\u00e9veloppement de la dynamique d\u2019une \u00e9quipe collaborative<\/li>\n<li>D\u00e9finir des objectifs de changement pouvant am\u00e9liorer la dynamique et l\u2019efficacit\u00e9 d\u2019une \u00e9quipe qui se veut collaborative<\/li>\n<\/ul>\n<h3><span style=\"color: #000080;\">Principaux \u00e9l\u00e9ments du contenu<\/span><\/h3>\n<ul>\n<li>Les r\u00e9seaux de communication et d\u2019organisation du travail : en silo (centralis\u00e9s) et en collaboration (d\u00e9centralis\u00e9)<\/li>\n<li>D\u00e9cristallisation, recristallisation,\u00a0 reconnaissance du pass\u00e9 et vision face a l&rsquo;avenir<\/li>\n<li>Comment s\u2019organiser pour travailler en r\u00e9seau collaboratif (d\u00e9centralis\u00e9)<\/li>\n<li>Comment d\u00e9velopper une coh\u00e9sion d\u2019\u00e9quipe n\u00e9cessaire au travail collaboratif<\/li>\n<li>Comment d\u00e9velopper un leadership collaboratif durable<\/li>\n<li>Comment g\u00e9rer les phases de d\u00e9veloppement d\u2019une \u00e9quipe collaborative<\/li>\n<\/ul>\n<p>La Grande \u00c9cole des Affaires enseigne en N\u00e9gociation strat\u00e9gique, Gestion du changement, Attitude client&amp; coll\u00e8gue, Gestion temps, stress et priorit\u00e9, Leadership et Courage manag\u00e9rial depuis 30 ans. <em><strong>Nous constatons que la gestion en silo est de plus en plus fr\u00e9quente et nuit \u00e0 la bonne marche de l&rsquo;organisation.<\/strong><\/em><\/p>\n<p>Nous impliquons les individus dans une conscientisation de l&rsquo;impact d&rsquo;une gestion collaborative et le d\u00e9veloppement de l&rsquo;esprit d&rsquo;\u00e9quipe. <em><strong>Les intervenants doivent voir par eux-m\u00eames les gains qui vont se d\u00e9gager d&rsquo;une gestion hors silos ou silos collaborateurs.<\/strong><\/em><\/p>\n<p>Profitez de notre expertise pour am\u00e9liorer la qualit\u00e9 de la gestion et la performance de votre organisation.<\/p>\n<h1><span style=\"color: #800000;\">Du travail en silo vers le travail collaboratif en \u00e9quipe<\/span><\/h1>\n<figure id=\"attachment_3737\" aria-describedby=\"caption-attachment-3737\" style=\"width: 525px\" class=\"wp-caption aligncenter\"><img loading=\"lazy\" decoding=\"async\" class=\"size-full wp-image-3737\" src=\"https:\/\/lagrandeecoledesaffaires.com\/wp-content\/uploads\/2020\/02\/Silo-fonctionnement.jpg\" alt=\"\" width=\"525\" height=\"188\" srcset=\"https:\/\/lagrandeecoledesaffaires.com\/wp-content\/uploads\/2020\/02\/Silo-fonctionnement.jpg 525w, https:\/\/lagrandeecoledesaffaires.com\/wp-content\/uploads\/2020\/02\/Silo-fonctionnement-300x107.jpg 300w\" sizes=\"auto, (max-width: 525px) 100vw, 525px\" \/><figcaption id=\"caption-attachment-3737\" class=\"wp-caption-text\"><span style=\"font-size: 18px; font-weight: inherit;\">La complexit\u00e9 et les exigences croissantes des milieux de travail n\u00e9cessitent de plus en plus l\u2019utilisation du travail en \u00e9quipe collaboratif. La volont\u00e9 de chacun ne suffit pas \u00e0 assurer un bon fonctionnement d\u2019\u00e9quipe et \u00e0 \u00e9viter de se retrouver \u00e0 travailler en silo. Pour profiter pleinement des diverses comp\u00e9tences et \u00eatre efficace. I<\/span><strong style=\"font-size: 18px;\">l faut comprendre et arriver \u00e0 mettre en place des comportements favorisant la collaboration en \u00e9quipe.<\/strong><\/figcaption><\/figure>\n<p><strong>Cette formation<\/strong> propose des <strong>exemples concrets adapt\u00e9s \u00e0 votre situation<\/strong> et utilise des mises en situations (exercices pratiques) pour favoriser la compr\u00e9hension et l\u2019application d\u2019objectifs de changement \u00e0 mettre en place afin de favoriser le d\u00e9veloppement d\u2019une \u00e9quipe se voulant collaborative.<\/p>\n<p><strong style=\"color: #0000ff;\"><span style=\"color: #000080;\">Nous travaillons en cassation en silo et gestion coop\u00e9rative avec des municipalit\u00e9s, direction de minist\u00e8res gouvernementaux,\u00a0 a\u00e9rospatiale, ing\u00e9nierie, industriel et plusieurs autres. R\u00e9sultats garantis<\/span>.<\/strong><\/p>\n<h3><span style=\"color: #ff0000;\"><b>Cette formation pr\u00e9sentielle est d&rsquo;une dur\u00e9e de 2 jours suivis d&rsquo;une journ\u00e9e deux mois plus tard afin de v\u00e9rifier la mise en application. Elle se donne dans votre entreprise et adapt\u00e9e \u00e0 vos besoins sp\u00e9cifiques. Le mat\u00e9riel didactique et les \u00e9l\u00e9ments visuels sont aux couleurs de votre organisation.<\/b><\/span><\/h3>\n<header><\/header>\n<header class=\"entry-header\"><strong><span style=\"color: #000080;\">Nous sommes reconnus par Emploi Qu\u00e9bec depuis 30 ans<\/span>.\u00a0<\/strong><strong>Nous sommes reconnus par<\/strong><strong> la majorit\u00e9 des Ordres professionnels pour l\u2019obtention d\u2019unit\u00e9s de formation continue UFC.\u00a0<\/strong><\/header>\n<header class=\"entry-header\">PowerPoint de qualit\u00e9 professionnelle lors de la formation.<\/header>\n<header><\/header>\n<header><\/header>\n<header class=\"entry-header\">Nous acceptons Visa, MasterCard, American Express et Discover.<\/header>\n<header class=\"entry-header\"><\/header>\n<header class=\"entry-header\"><u>Apprenez rapidement ce que la vie enseigne en plusieurs ann\u00e9es avec <\/u><u>lagrandeecoledesaffaires.com<\/u><\/header>\n<header class=\"entry-header\">Contactez nous:\u00a0<span style=\"color: #0000ff;\"><strong>I<span style=\"color: #000080;\">nfo@lagrandeecoledesaffaires.com<\/span><\/strong><\/span><\/header>\n<header><\/header>\n<header><\/header>\n<header><\/header>\n<header><\/header>\n<header><\/header>\n<header><\/header>\n<header><\/header>\n<header><em><strong><span style=\"color: #ff0000;\">Formations disponibles, voir contenu sur notre site et inscription en ligne.<\/span><\/strong><\/em><\/header>\n<p><strong>La Grande \u00c9cole des Affaires pour une \u00e9volution de gestion coop\u00e9rative &amp; esprit d&rsquo;\u00e9quipe.<\/strong><\/p>\n<p><span style=\"color: #000080;\">www.lagrandeecoledesaffaires.com<\/span><\/p>\n<p><span style=\"color: #000080;\">www.aidenegociation.com<\/span><\/p>\n<p><span style=\"color: #000080;\">info@lagrandeecoledesaffaires.com<\/span><\/p>\n<p>Linken : 30,000 abonn\u00e9s sous Raymond Guy Pare<\/p>\n<p>La Grande \u00c9cole: 40,000 abonn\u00e9s<\/p>\n<div id=\"main-wrapper\" class=\"container\">\n<div class=\"container\" role=\"main\">\n<div class=\"row column-content-wrapper\">\n<div id=\"content\" class=\"span12 article-container tc-gallery-style\">\n<article id=\"page-612\" class=\"row-fluid post-612 page type-page status-publish has-post-thumbnail hentry hover\">\n<header class=\"entry-header\">\n<h1 class=\"entry-title \"><span style=\"color: #000080;\"><strong>Autre Formation : Le courage manag\u00e9rial<\/strong><\/span><\/h1>\n<hr class=\"featurette-divider __before_content\" \/>\n<\/header>\n<div class=\"entry-content\">\n<div class=\"vc_row wpb_row vc_row-fluid\">\n<div class=\"wpb_column vc_column_container vc_col-sm-12\">\n<div class=\"vc_column-inner \">\n<div class=\"wpb_wrapper\">\n<div class=\"vc_btn3-container vc_btn3-inline\"><a class=\"vc_general vc_btn3 vc_btn3-size-lg vc_btn3-shape-square vc_btn3-style-custom vc_btn3-icon-left\" title=\"\" href=\"https:\/\/www.linkedin.com\/in\/raymond-guy-pare\/\"><i class=\"vc_btn3-icon fa fa-linkedin-square\"><\/i>Voir LinkedIn<\/a><\/div>\n<\/div>\n<\/div>\n<\/div>\n<\/div>\n<div class=\"vc_row wpb_row vc_row-fluid\">\n<div class=\"wpb_column vc_column_container vc_col-sm-8\">\n<div class=\"vc_column-inner \">\n<div class=\"wpb_wrapper\">\n<div class=\"wpb_text_column wpb_content_element \">\n<div class=\"wpb_wrapper\">\n<h2><img loading=\"lazy\" decoding=\"async\" class=\"wp-image-2529 alignright\" src=\"https:\/\/lagrandeecoledesaffaires.com\/wp-content\/uploads\/2018\/10\/courage-peur.png\" sizes=\"auto, (max-width: 324px) 100vw, 324px\" srcset=\"https:\/\/lagrandeecoledesaffaires.com\/wp-content\/uploads\/2018\/10\/courage-peur.png 615w, https:\/\/lagrandeecoledesaffaires.com\/wp-content\/uploads\/2018\/10\/courage-peur-300x247.png 300w, https:\/\/lagrandeecoledesaffaires.com\/wp-content\/uploads\/2018\/10\/courage-peur-600x495.png 600w\" alt=\"\" width=\"324\" height=\"267\" \/><strong><span style=\"color: #000080;\">Cette formation en Courage Manag\u00e9rial<\/span><\/strong> est un outil pour\u00a0faciliter la prise de d\u00e9cision, et ce en am\u00e9liorant vos qualit\u00e9s de gestionnaire.<\/h2>\n<p><span style=\"color: #000080;\"><strong>Le courage est-il inn\u00e9 ou il s\u2019apprend et se d\u00e9veloppe?<\/strong><\/span><\/p>\n<p>Le courage de prendre des d\u00e9cisions difficiles. Le courage d\u2019assumer ses d\u00e9cisions et \u00eatre dans l\u2019action.<\/p>\n<p>Le courage de v\u00e9hiculer la responsabilisation.<\/p>\n<p>Le courage de supporter la haute direction dans leur prise de d\u00e9cision.<\/p>\n<p>Le courage de v\u00e9hiculer d\u2019assumer les actes de ses employ\u00e9s sous sa supervision.<\/p>\n<p>Le courage de d\u00e9l\u00e9guer et de superviser cette d\u00e9l\u00e9gation.<\/p>\n<p>Le courage de poser les bonnes questions. Le courage d\u2019\u00e9couter les r\u00e9ponses en laissant son interlocuteur aller au bout de son id\u00e9e.<\/p>\n<p>Le courage d\u2019\u00eatre soi-m\u00eame, heureux et respect\u00e9. Cela augmentera votre qualit\u00e9 de vie au travail et \u00e0 la maison.<\/p>\n<p><span style=\"color: #000080;\"><strong><em>Vos employ\u00e9s ne quittent pas pour une augmentation de salaire mais une augmentation de la reconnaissance et de la valorisation.<\/em><\/strong><\/span><\/p>\n<p><b>Nous devons r\u00e9duire la bureaucratie, donner davantage\u00a0de pouvoir aux managers, acc\u00e9l\u00e9rer la prise de d\u00e9cision et r\u00e9duire nos co\u00fbts.<\/b><em> Jim Hackett PDG Ford, Journal Montr\u00e9al,\u00a0 <\/em><strong>C\u2019est cela le Courage Manag\u00e9rial.<\/strong><\/p>\n<p>La notion de respect doit \u00eatre votre priorit\u00e9. Respect que vous octroyez aux autres et respect que vous exigez d\u2019eux. \u00a0Ne rien prendre personnellement et d\u00e9velopper une strat\u00e9gie pour y arriver et ce pour votre bien-\u00eatre personnel et celui de votre \u00e9quipe.<\/p>\n<p>Le stress g\u00e9n\u00e9r\u00e9 par le\u00a0 manque de courage: Pr\u00e8s de 39% des professionnels dorment mal en raison de leur travail. \u00abLes Affaires\u00bb<\/p>\n<p>On admire un leader qui utilise les techniques d\u00e9crites, car\u00a0<strong><em>on le sait juste et responsable. <\/em><\/strong>Cette formation en Courage Manag\u00e9rial touche aussi le management, les ressources humaines, la gestion de projets, le marketing et la communication. Cela \u00a0pourrait vous \u00eatre aussi tr\u00e8s utile dans votre vie personnelle.<\/p>\n<p>\u00catre capable de dire non! et aussi oui. \u00catre capable de reconna\u00eetre les bons coups et de savoir valoriser quand la situation y est propice. G\u00e9rer ses \u00e9motions et toujours avoir l\u2019attitude appropri\u00e9e. C\u2019est le profil d\u2019un bon gestionnaire qui va chercher le meilleur et le maximum de son \u00e9quipe tout en les respectant.<\/p>\n<p><strong><em>Cette formation Courage Manag\u00e9rial se donne adapt\u00e9e dans votre organisation. Jumel\u00e9e avec la formation Leadership de Gestion et Gestion du temps vous serez surpris des r\u00e9sultats que vous obtiendrez avec votre \u00e9quipe<\/em><\/strong><\/p>\n<header class=\"entry-header\"><\/header>\n<header class=\"entry-header\">Contactez nous:\u00a0<span style=\"color: #0000ff;\"><strong>Info@lagrandeecoledesaffaires.com<\/strong><\/span><\/header>\n<header><\/header>\n<header><\/header>\n<header><\/header>\n<header><span style=\"color: #000080;\"><em><strong>Savoir se r\u00e9inventer.<\/strong><\/em><\/span><\/header>\n<header><\/header>\n<header><\/header>\n<header><\/header>\n<header><em><strong><span style=\"color: #ff0000;\">Formations disponibles, voir contenu sur notre site et inscription en ligne.<\/span><\/strong><\/em><\/header>\n<p>Cette formation est une occasion d\u2019apprendre rapidement ce que la vie nous enseigne en plusieurs ann\u00e9es. Vous gagnerez du temps et r\u00e9duirez vos co\u00fbts d\u2019op\u00e9ration.<\/p>\n<p>La formation sur Le Courage Manag\u00e9rial se donne en grand public et en entreprise partout au Qu\u00e9bec et en Ontario.<\/p>\n<\/div>\n<\/div>\n<div class=\"wpb_video_widget wpb_content_element vc_clearfix vc_video-aspect-ratio-169 vc_video-el-width-100 vc_video-align-left\">\n<div class=\"wpb_wrapper\">\n<h2 class=\"wpb_heading wpb_video_heading\">Entrevue Radio-France<\/h2>\n<div class=\"wpb_video_wrapper\"><iframe loading=\"lazy\" src=\"https:\/\/www.youtube.com\/embed\/uz_SjPhmq3k?feature=oembed\" width=\"1170\" height=\"878\" frameborder=\"0\" allowfullscreen=\"allowfullscreen\" data-mce-fragment=\"1\"><\/iframe><\/div>\n<\/div>\n<\/div>\n<\/div>\n<\/div>\n<\/div>\n<div class=\"wpb_column vc_column_container vc_col-sm-4\">\n<div class=\"vc_column-inner \">\n<div class=\"wpb_wrapper\">\n<div class=\"wpb_text_column wpb_content_element vc_custom_1542051192185\">\n<div class=\"wpb_wrapper\"><\/div>\n<\/div>\n<div class=\"wpb_widgetised_column wpb_content_element\">\n<div class=\"wpb_wrapper\">\n<aside id=\"text-4\" class=\"widget widget_text\">\n<div class=\"textwidget\">\n<p>&nbsp;<\/p>\n<\/div>\n<\/aside>\n<aside id=\"text-7\" class=\"widget widget_text\">\n<div class=\"textwidget\">\n<p><a href=\"https:\/\/lagrandeecoledesaffaires.com\/index.php\/demande-dinformation-soumission\/\">ESCOMPTE POUR INSCRIPTION MULTIPLES<\/a><\/p>\n<hr \/>\n<\/div>\n<\/aside>\n<aside id=\"text-11\" class=\"widget widget_text\">\n<div class=\"textwidget\">\n<p><a href=\"https:\/\/lagrandeecoledesaffaires.com\/index.php\/temoignages\/\">T\u00e9moignages<\/a><\/p>\n<\/div>\n<\/aside>\n<aside id=\"text-9\" class=\"widget widget_text\">\n<div class=\"textwidget\">\n<hr \/>\n<p><a href=\"https:\/\/lagrandeecoledesaffaires.com\/index.php\/profil-de-votre-formateur\/\">Profil de votre formateur<\/a><\/p>\n<hr \/>\n<\/div>\n<\/aside>\n<\/div>\n<\/div>\n<\/div>\n<\/div>\n<\/div>\n<\/div>\n<div class=\"vc_row wpb_row vc_row-fluid\">\n<div class=\"wpb_column vc_column_container vc_col-sm-12\">\n<div class=\"vc_column-inner \">\n<div class=\"wpb_wrapper\">\n<div class=\"vc_tta-container\" data-vc-action=\"collapseAll\">\n<div class=\"vc_general vc_tta vc_tta-accordion vc_tta-color-grey vc_tta-style-modern vc_tta-shape-square vc_tta-o-shape-group vc_tta-controls-align-left vc_tta-o-all-clickable\">\n<div class=\"vc_tta-panels-container\">\n<div class=\"vc_tta-panels\">\n<div id=\"1485546666725-fea12a57-a800\" class=\"vc_tta-panel\" data-vc-content=\".vc_tta-panel-body\">\n<div class=\"vc_tta-panel-heading\">\n<h4 class=\"vc_tta-panel-title vc_tta-controls-icon-position-left\"><\/h4>\n<\/div>\n<\/div>\n<\/div>\n<\/div>\n<\/div>\n<\/div>\n<\/div>\n<\/div>\n<\/div>\n<\/div>\n<\/div>\n<\/article>\n<\/div>\n<\/div>\n<\/div>\n<\/div>\n<div id=\"main-wrapper\" class=\"container\">\n<div class=\"container\" role=\"main\">\n<div class=\"row column-content-wrapper\">\n<div id=\"content\" class=\"span12 article-container tc-gallery-style\">\n<article id=\"page-761\" class=\"row-fluid post-761 page type-page status-publish has-post-thumbnail hentry hover\">\n<div class=\"entry-content\">\n<div class=\"vc_row wpb_row vc_row-fluid\">\n<div class=\"wpb_column vc_column_container vc_col-sm-12\">\n<div class=\"vc_column-inner \">\n<div class=\"wpb_wrapper\">\n<div class=\"wpb_text_column wpb_content_element \">\n<div class=\"wpb_wrapper\">\n<p>&nbsp;<\/p>\n<\/div>\n<\/div>\n<\/div>\n<\/div>\n<\/div>\n<\/div>\n<div class=\"vc_row wpb_row vc_row-fluid\">\n<div class=\"wpb_column vc_column_container vc_col-sm-4\">\n<div class=\"vc_column-inner \">\n<div class=\"wpb_wrapper\">\n<div class=\"wpb_widgetised_column wpb_content_element\">\n<div class=\"wpb_wrapper\">\n<aside id=\"text-7\" class=\"widget widget_text\">\n<div class=\"textwidget\">\n<p><a href=\"https:\/\/lagrandeecoledesaffaires.com\/index.php\/demande-dinformation-soumission\/\">ESCOMPTE POUR INSCRIPTION MULTIPLES<\/a><\/p>\n<hr \/>\n<\/div>\n<\/aside>\n<aside id=\"text-11\" class=\"widget widget_text\">\n<div class=\"textwidget\">\n<p><a href=\"https:\/\/lagrandeecoledesaffaires.com\/index.php\/temoignages\/\">T\u00e9moignages<\/a><\/p>\n<\/div>\n<\/aside>\n<aside id=\"text-9\" class=\"widget widget_text\">\n<div class=\"textwidget\">\n<hr \/>\n<p><a href=\"https:\/\/lagrandeecoledesaffaires.com\/index.php\/profil-de-votre-formateur\/\">Profil de votre formateur<\/a><\/p>\n<hr \/>\n<\/div>\n<\/aside>\n<\/div>\n<\/div>\n<\/div>\n<\/div>\n<\/div>\n<\/div>\n<\/div>\n<\/article>\n<\/div>\n<\/div>\n<\/div>\n<\/div>\n<footer id=\"footer\" class=\"\">\n<div class=\"container footer-widgets white-icons no-widget-icons\">\n<div class=\"row widget-area\" role=\"complementary\">\n<div id=\"footer_one\" class=\"span4\">\n<aside id=\"wysija-2\" class=\"widget widget_wysija\">\n<h3 class=\"widget-title\"><\/h3>\n<\/aside>\n<\/div>\n<\/div>\n<\/div>\n<\/footer>\n","protected":false},"excerpt":{"rendered":"<p>EN CETTE P\u00c9RIODE, \u00c9VOLUER\u00a0 DE GESTION EN SILO VERS UNE GESTION COOP\u00c9RATIVE &amp; \u00c9SPRIT D&rsquo;\u00c9QUIPE PREND TOUT SON SENS. La collaboration et l&rsquo;esprit d&rsquo;\u00e9quipe entre tous les d\u00e9partements de l&rsquo;organisation permettent une maximisation des r\u00e9sultats et des \u00e9conomies de fonctionnement. &#8211;MOIMS de blocages, jeux de pouvoirs, et co\u00fbts d&rsquo;op\u00e9rations. +PLUS de coop\u00e9ration, de fid\u00e9lit\u00e9, \u00e9changes,&hellip;&nbsp;<\/p>\n","protected":false},"author":2,"featured_media":0,"comment_status":"open","ping_status":"open","sticky":false,"template":"","format":"standard","meta":{"neve_meta_sidebar":"","neve_meta_container":"","neve_meta_enable_content_width":"","neve_meta_content_width":0,"neve_meta_title_alignment":"","neve_meta_author_avatar":"","neve_post_elements_order":"","neve_meta_disable_header":"","neve_meta_disable_footer":"","neve_meta_disable_title":"","footnotes":""},"categories":[30],"tags":[],"class_list":["post-6586","post","type-post","status-publish","format-standard","hentry","category-infolettre"],"_links":{"self":[{"href":"https:\/\/lagrandeecoledesaffaires.com\/index.php\/wp-json\/wp\/v2\/posts\/6586","targetHints":{"allow":["GET"]}}],"collection":[{"href":"https:\/\/lagrandeecoledesaffaires.com\/index.php\/wp-json\/wp\/v2\/posts"}],"about":[{"href":"https:\/\/lagrandeecoledesaffaires.com\/index.php\/wp-json\/wp\/v2\/types\/post"}],"author":[{"embeddable":true,"href":"https:\/\/lagrandeecoledesaffaires.com\/index.php\/wp-json\/wp\/v2\/users\/2"}],"replies":[{"embeddable":true,"href":"https:\/\/lagrandeecoledesaffaires.com\/index.php\/wp-json\/wp\/v2\/comments?post=6586"}],"version-history":[{"count":16,"href":"https:\/\/lagrandeecoledesaffaires.com\/index.php\/wp-json\/wp\/v2\/posts\/6586\/revisions"}],"predecessor-version":[{"id":7398,"href":"https:\/\/lagrandeecoledesaffaires.com\/index.php\/wp-json\/wp\/v2\/posts\/6586\/revisions\/7398"}],"wp:attachment":[{"href":"https:\/\/lagrandeecoledesaffaires.com\/index.php\/wp-json\/wp\/v2\/media?parent=6586"}],"wp:term":[{"taxonomy":"category","embeddable":true,"href":"https:\/\/lagrandeecoledesaffaires.com\/index.php\/wp-json\/wp\/v2\/categories?post=6586"},{"taxonomy":"post_tag","embeddable":true,"href":"https:\/\/lagrandeecoledesaffaires.com\/index.php\/wp-json\/wp\/v2\/tags?post=6586"}],"curies":[{"name":"wp","href":"https:\/\/api.w.org\/{rel}","templated":true}]}}