{"id":5933,"date":"2022-01-04T08:50:10","date_gmt":"2022-01-04T13:50:10","guid":{"rendered":"https:\/\/lagrandeecoledesaffaires.com\/?p=5933"},"modified":"2022-01-17T09:03:17","modified_gmt":"2022-01-17T14:03:17","slug":"subtilite-de-la-vente-ce-nest-pas-le-vendeur-qui-vend-mais-le-client-qui-achete-lhumain-comme-vecteur-de-croissance-2","status":"publish","type":"post","link":"https:\/\/lagrandeecoledesaffaires.com\/index.php\/subtilite-de-la-vente-ce-nest-pas-le-vendeur-qui-vend-mais-le-client-qui-achete-lhumain-comme-vecteur-de-croissance-2\/","title":{"rendered":"Subtilit\u00e9 de la vente   Ce n&rsquo;est pas le vendeur qui vend mais le client qui ach\u00e8te. L&rsquo;humain comme vecteur de croissance?"},"content":{"rendered":"<div class=\"vc_row wpb_row vc_row-fluid\">\n<div class=\"wpb_column vc_column_container vc_col-sm-12\">\n<div class=\"vc_column-inner \">\n<div class=\"wpb_wrapper\">\n<div class=\"wpb_text_column wpb_content_element \">\n<div class=\"wpb_wrapper\">\n<h1><span style=\"color: #ff0000;\"><strong>SUBTILIT\u00c9S DE LA VENTE\u00a0 \u00a0 \u00a0 \u00a0 \u00a0 \u00a0 \u00a0 \u00a0 \u00a0 \u00a0 \u00a0 \u00a0 \u00a0 \u00a0 \u00a0 \u00a0 \u00a0 \u00a0 \u00a0 \u00a0 \u00a0 \u00a0 \u00a0 \u00a0 \u00a0 \u00a0 \u00a0 \u00a0 \u00a0 \u00a0 \u00a0 \u00a0 \u00a0 \u00a0 <img loading=\"lazy\" decoding=\"async\" class=\"size-full wp-image-3758 alignleft\" src=\"https:\/\/lagrandeecoledesaffaires.com\/wp-content\/uploads\/2020\/02\/Client-service-clientele-problemes-clients-consommation-1.jpg\" alt=\"\" width=\"380\" height=\"280\" srcset=\"https:\/\/lagrandeecoledesaffaires.com\/wp-content\/uploads\/2020\/02\/Client-service-clientele-problemes-clients-consommation-1.jpg 380w, https:\/\/lagrandeecoledesaffaires.com\/wp-content\/uploads\/2020\/02\/Client-service-clientele-problemes-clients-consommation-1-300x221.jpg 300w\" sizes=\"auto, (max-width: 380px) 100vw, 380px\" \/><\/strong><\/span><\/h1>\n<h1><span style=\"color: #0000ff;\"><strong>Ce n&rsquo;est pas le vendeur qui vend mais le client qui ach\u00e8te<\/strong><\/span><\/h1>\n<h2>Si le client vous respecte, croit en vous, sent votre int\u00e9grit\u00e9 et qu\u2019il a confiance en vous, \u00a0il sera enclin d\u2019acheter de vous.<\/h2>\n<h2>Les gens aiment acheter. La pr\u00e9paration un \u00e9l\u00e9ment cl\u00e9.<\/h2>\n<h2>Votre \u00e9quipe de vente <em><strong>et technique<\/strong><\/em> est-elle en relation \u00e9troite avec ses clients (Attitude Client)?<\/h2>\n<h2><span style=\"color: #0000ff;\"><em>L&rsquo;humain comme vecteur de croissance?<\/em><\/span><\/h2>\n<\/div>\n<h2><span style=\"color: #ff0000;\"><strong>Cette formation en ventes vous permettra: <\/strong><\/span><em style=\"font-family: 'Open Sans'; font-size: 18px; font-weight: inherit;\"><strong><span style=\"color: #ff0000;\">Le temps et la vente ont chang\u00e9 en 2022\u00a0<\/span><\/strong><\/em><\/h2>\n<\/div>\n<ul>\n<li>Ventes\/Situations\/Impacts\/Besoins<\/li>\n<li>Les 12 Attitudes gagnantes en vente<\/li>\n<li>La pr\u00e9paration un \u00e9l\u00e9ment cl\u00e9<\/li>\n<li>L\u2019achat un partenariat<\/li>\n<li>L\u2019objectif: un outil indispensable<\/li>\n<li>La valeur per\u00e7ue par le client, prix versus valeur<\/li>\n<li>Le d\u00e9fi du temps<\/li>\n<li>Les 6 r\u00e9actions communes au rejet et \u00e0 l\u2019\u00e9chec<\/li>\n<li>L\u2019art de questionner et l\u2019\u00e9coute active<\/li>\n<li>La ma\u00eetrise du silence<\/li>\n<li>Les types de personnalit\u00e9s et d\u2019individus<\/li>\n<li>Visuels ou auditifs et comment interagir, la tournure des mots<\/li>\n<li>Le verbal, para verbal et le non verbal<\/li>\n<li>Cerveau droit, intuition ou gauche, gestion et le contr\u00f4le<\/li>\n<li>Relationnel et transactionnel<\/li>\n<li>Les 5 \u00e9tapes pour surmonter les objections<\/li>\n<li>La n\u00e9gociation de la vente<\/li>\n<li>Votre degr\u00e9 d\u2019influence<\/li>\n<li>C\u2019est le client qui ach\u00e8te et non\u00a0 le vendeur qui vend<\/li>\n<li>Les 5 \u00e9tapes pour surmonter les objections<\/li>\n<li>La n\u00e9gociation de la vente<\/li>\n<li>Votre degr\u00e9 d\u2019influence<\/li>\n<li>C\u2019est le client qui ach\u00e8te et non\u00a0 le vendeur qui vend.<\/li>\n<\/ul>\n<h3><strong><span style=\"color: #0000ff;\">Cette formation a \u00e9t\u00e9 mise a niveau en d\u00e9cembre 2021 en fonction de notre contexte social et \u00e9conomique. Investissez en vous.<\/span><\/strong><\/h3>\n<div class=\"wpb_text_column wpb_content_element \">\n<div class=\"wpb_wrapper\">\n<p><em><strong><span style=\"color: #ff0000;\">Demain, c&rsquo;est aujourd&rsquo;hui!<\/span><\/strong><\/em><\/p>\n<h2><span style=\"color: #ff0000;\"><strong>Formation web le 27 janvier 2022 pour Subtilit\u00e9s de la vente et le 28 janvier pour Marketing relationnel<\/strong><\/span><\/h2>\n<p>Ces formation peuvent \u00eatre adapt\u00e9e \u00e0 votre organisation et \u00e0 vos besoins.<\/p>\n<p><img loading=\"lazy\" decoding=\"async\" class=\"wp-image-2262 alignright\" src=\"https:\/\/lagrandeecoledesaffaires.com\/wp-content\/uploads\/2018\/05\/satisfaction-client-1024x683.jpg\" sizes=\"auto, (max-width: 741px) 100vw, 741px\" srcset=\"https:\/\/lagrandeecoledesaffaires.com\/wp-content\/uploads\/2018\/05\/satisfaction-client-1024x683.jpg 1024w, https:\/\/lagrandeecoledesaffaires.com\/wp-content\/uploads\/2018\/05\/satisfaction-client-300x200.jpg 300w, https:\/\/lagrandeecoledesaffaires.com\/wp-content\/uploads\/2018\/05\/satisfaction-client-768x512.jpg 768w, https:\/\/lagrandeecoledesaffaires.com\/wp-content\/uploads\/2018\/05\/satisfaction-client-600x400.jpg 600w, https:\/\/lagrandeecoledesaffaires.com\/wp-content\/uploads\/2018\/05\/satisfaction-client-272x182.jpg 272w, https:\/\/lagrandeecoledesaffaires.com\/wp-content\/uploads\/2018\/05\/satisfaction-client.jpg 1200w\" alt=\"\" width=\"419\" height=\"279\" \/><\/p>\n<h2>Votre habilet\u00e9 de convaincre et de vendre vos id\u00e9es est-elle adapt\u00e9e au contexte socio-\u00e9conomique actuel?<\/h2>\n<p><img loading=\"lazy\" decoding=\"async\" class=\"size-full wp-image-1221 alignleft\" src=\"https:\/\/lagrandeecoledesaffaires.com\/wp-content\/uploads\/2017\/01\/logo-emploiqc.png\" alt=\"\" width=\"169\" height=\"79\" \/>La vente est un processus complexe qui s\u2019appuie sur la capacit\u00e9 \u00e0 pr\u00e9senter un produit ou un service qui peut susciter le d\u00e9sir, mais surtout, \u00e0 n\u00e9gocier avec l\u2019acheteur afin de parvenir \u00e0 une entente gagnant\/gagnant.<\/p>\n<p><strong>C\u2019est la p\u00e9riode de remise en question et de la prise de d\u00e9cision. DEMAIN, C\u2019EST AUJOURD\u2019HUI.<\/strong><\/p>\n<h2><strong style=\"color: #0000ff; font-family: Dosis;\">Vid\u00e9o Conf\u00e9rence, Formation \u00e0 distance<\/strong><\/h2>\n<header>\n<header class=\"entry-header\">Choisissez une formation et inscrivez-vous \u00e0 celle qui vous convient. Chaque formation se donne en 2 capsules de 2.5 heures chacune soit de 9 h \u00e0 11h 30 et 13 h \u00e0 15 h 30. <strong>Vous obtenez une attestation d\u2019\u00e9tudes de 5 heures pour chaque formation. Nous sommes reconnus par Emploi Qu\u00e9bec depuis 30 ans. <\/strong><strong>Nous sommes reconnus par<\/strong><strong>\u00a0la majorit\u00e9 des Ordres professionnels pour l\u2019obtention d\u2019unit\u00e9s de formation continue UFC.\u00a0<\/strong><strong><em>Votre investissement n\u2019est que\u00a0<\/em><\/strong><strong><em>de 389. $ + taxes. <\/em><\/strong>PowerPoint de qualit\u00e9 professionnelle lors de la formation.<\/header>\n<header><\/header>\n<header class=\"entry-header\">Nous acceptons Visa, MasterCard, American Express et Discover.<\/header>\n<header><\/header>\n<header class=\"entry-header\"><\/header>\n<header class=\"entry-header\">Contactez nous:\u00a0<strong><span style=\"color: #0000ff;\">Info@lagrandeecoledesaffaires.com<\/span><\/strong><\/header>\n<h2><span style=\"color: #0000ff;\"><em><strong>Savoir se r\u00e9inventer<\/strong><\/em><\/span><\/h2>\n<header><em><strong><span style=\"color: #ff0000;\">Formations disponibles, voir contenu sur notre site et inscription en ligne,\u00a0<\/span><\/strong><\/em><em><strong><span style=\"color: #ff0000;\">N<\/span><span style=\"color: #ff0000;\">ous somme accr\u00e9dit\u00e9 par la majorit\u00e9 des ordres professionnelles.<\/span><\/strong><\/em><\/header>\n<\/header>\n<\/div>\n<\/div>\n<\/div>\n<\/div>\n<\/div>\n<\/div>\n<div class=\"vc_row wpb_row vc_row-fluid\">\n<div class=\"wpb_column vc_column_container vc_col-sm-8\">\n<div class=\"vc_column-inner \">\n<div class=\"wpb_wrapper\">\n<div class=\"wpb_text_column wpb_content_element \">\n<div class=\"wpb_wrapper\">\n<p>Afin d\u2019arriver \u00e0 cette entente, l\u2019\u00e9l\u00e9ment-cl\u00e9 consiste \u00e0 \u00e9tablir une relation de confiance bas\u00e9e sur une communication dynamique et valorisante.<\/p>\n<p>Les clients ont le choix. Votre capacit\u00e9 \u00e0 comprendre le d\u00e9sir, les attentes et les crit\u00e8res de l\u2019acheteur permet de cr\u00e9er une perception de valeur qui l\u2019am\u00e8ne \u00e0 vouloir passer \u00e0 l\u2019action. Cette formation vous offre un ensemble de techniques pour conduire avec succ\u00e8s la n\u00e9gociation menant graduellement \u00e0 une conclusion positive recherch\u00e9e par le client lui-m\u00eame.<\/p>\n<p><strong>La comp\u00e9tition sera f\u00e9roce en 2022 et votre \u00e9quipe devra s\u2019adapter \u00e0 ce nouveau contexte rapidement.\u00a0<\/strong><span style=\"color: #000000;\"><em><strong>Demain c\u2019est aujourd\u2019hui.<\/strong><\/em><\/span><\/p>\n<p><em><strong>Comprendre et ma\u00eetriser ce processus feront toute la diff\u00e9rence<\/strong><\/em>. Vous poss\u00e9derez alors des outils exclusifs et \u00e9prouv\u00e9s pour atteindre vos objectifs. Car c\u2019est d\u00e9montr\u00e9 : \u00e9tablir des liens interactifs de n\u00e9gociation avec chaque prospect abolit les obstacles et donne le coup d\u2019envoi \u00e0 une nouvelle \u00e8re de prosp\u00e9rit\u00e9.<\/p>\n<p><strong>\u00a0 \u00a0 \u00a0 \u00a0 \u00a0 \u00a0 \u00a0<img loading=\"lazy\" decoding=\"async\" class=\"alignnone wp-image-2259\" src=\"https:\/\/lagrandeecoledesaffaires.com\/wp-content\/uploads\/2018\/05\/Ouvert-changement.jpg\" sizes=\"auto, (max-width: 715px) 100vw, 715px\" srcset=\"https:\/\/lagrandeecoledesaffaires.com\/wp-content\/uploads\/2018\/05\/Ouvert-changement.jpg 960w, https:\/\/lagrandeecoledesaffaires.com\/wp-content\/uploads\/2018\/05\/Ouvert-changement-300x169.jpg 300w, https:\/\/lagrandeecoledesaffaires.com\/wp-content\/uploads\/2018\/05\/Ouvert-changement-768x432.jpg 768w, https:\/\/lagrandeecoledesaffaires.com\/wp-content\/uploads\/2018\/05\/Ouvert-changement-600x338.jpg 600w\" alt=\"\" width=\"715\" height=\"402\" \/><\/strong><\/p>\n<p><span style=\"color: #0000ff;\"><strong>KCI M\u00e9dical,\u00a0 LKQ,\u00a0 Fuji M\u00e9dical Canada, Comp\u00e9tence Immo, Canard Illimit\u00e9 ( conservation de la faune) et plusieurs autres.<\/strong><\/span><\/p>\n<p><em><strong>La r\u00e9tention du personnel de vente et de <span style=\"color: #ff0000;\">support aux ventes<\/span> demande un leadership et un courage manag\u00e9rial sans faille de la direction.<\/strong><\/em><\/p>\n<p>_____________________________________<\/p>\n<h2><span style=\"color: #ff0000;\"><strong>Le courage de d\u00e9cider<\/strong><\/span><\/h2>\n<p><strong>En crise, un leader s\u2019impose par sa capacit\u00e9 \u00e0 prendre des d\u00e9cisions.<\/strong><\/p>\n<p>Mario Dumont, Journal de Montr\u00e9al ,<\/p>\n<div class=\"vc_row wpb_row vc_row-fluid\">\n<div class=\"wpb_column vc_column_container vc_col-sm-12\">\n<div class=\"vc_column-inner \">\n<div class=\"wpb_wrapper\">\n<div class=\"wpb_text_column wpb_content_element \">\n<div class=\"wpb_wrapper\">\n<h2><span style=\"color: #ff0000;\"><strong>MARKETING: L\u2019ESSENCE DE VOTRE COMMERCIALISATION<\/strong><\/span><\/h2>\n<p><strong><img loading=\"lazy\" decoding=\"async\" class=\"size-full wp-image-1220 alignleft\" src=\"https:\/\/lagrandeecoledesaffaires.com\/wp-content\/uploads\/2017\/01\/logo-barreau.png\" alt=\"\" width=\"157\" height=\"79\" \/><img loading=\"lazy\" decoding=\"async\" class=\"size-full wp-image-1221 alignleft\" src=\"https:\/\/lagrandeecoledesaffaires.com\/wp-content\/uploads\/2017\/01\/logo-emploiqc.png\" alt=\"\" width=\"169\" height=\"79\" \/><em><span style=\"color: #0000ff;\">Formation de haut niveau exclusive\u00a0<\/span><\/em><\/strong><\/p>\n<p><strong>\u00a0<\/strong><\/p>\n<p>Dire que le marketing advient parce que le syst\u00e8me concurrentiel s\u2019intensifie est une id\u00e9e juste, car le marketing n\u2019a raison d\u2019\u00eatre qu\u2019\u00e0 partir du moment ou il faut cr\u00e9er de la pr\u00e9f\u00e9rence sur des march\u00e9s fortement concurrentiels. <em><strong><span style=\"color: #0000ff;\">Les 3 \u00e9tapes du marketing ont \u00e9t\u00e9 la fragmentation, l\u2019unification et aujourd\u2019hui la segmentation.<\/span><\/strong><\/em><\/p>\n<\/div>\n<\/div>\n<\/div>\n<\/div>\n<\/div>\n<\/div>\n<div class=\"vc_row wpb_row vc_row-fluid\">\n<div class=\"wpb_column vc_column_container vc_col-sm-8\">\n<div class=\"vc_column-inner \">\n<div class=\"wpb_wrapper\">\n<div class=\"wpb_text_column wpb_content_element \">\n<div class=\"wpb_wrapper\">\n<p><img loading=\"lazy\" decoding=\"async\" class=\"alignnone wp-image-2275\" src=\"https:\/\/lagrandeecoledesaffaires.com\/wp-content\/uploads\/2018\/05\/marketig-client.jpg\" alt=\"\" width=\"471\" height=\"341\" \/>Il ne faut jamais oublier l\u2019humain. Quand nous parlons d\u2019une relation d\u2019affaire, il y a le mot relation soit l\u2019humain et le mot affaire soit la transaction, commerciale, sociale, syndicale, professionnelle, personnelle ou autre.<\/p>\n<p>\u00c0 vrai dire il faut savoir se placer et placer le client en valeur (La valeur est \u00e0 la base de tout, nous cr\u00e9ons un \u00e9change de valeur), cr\u00e9er de l\u2019attrait de part et d\u2019autre, savoir se distinguer et se d\u00e9marquer des autres \u00eatres humains.<\/p>\n<p>Une bonne id\u00e9e ne sert \u00e0 rien, cent personnes peuvent l\u2019avoir en m\u00eame temps. Pour r\u00e9ussir la cr\u00e9ation d\u2019une entreprise, il ne faut pas se focaliser sur l\u2019id\u00e9e, mais consid\u00e9rer le projet dans sa globalit\u00e9.<\/p>\n<p><strong>C\u2019est la p\u00e9riode de remise en question et de la prise de d\u00e9cision. DEMAIN, C\u2019EST AUJOURD\u2019HUI.<\/strong><\/p>\n<h1 class=\"entry-header\"><span style=\"color: #ff0000;\"><strong>Vid\u00e9o Conf\u00e9rence, Formation \u00e0 distance le 28 janvier 2022<\/strong><\/span><\/h1>\n<header><\/header>\n<header class=\"entry-header\">Choisissez une formation et inscrivez-vous \u00e0 celle qui vous convient. Chaque formation se donne en 2 capsules de 2.5 heures chacune soit de 9 h \u00e0 11h30 et 13 h \u00e0 15h30. <strong>Vous obtenez une attestation d\u2019\u00e9tudes de 5 heures pour chaque formation. Nous sommes reconnus par Emploi Qu\u00e9bec depuis 30 ans. <\/strong><strong>Nous sommes reconnus par<\/strong><strong> la majorit\u00e9 des Ordres professionnels pour l\u2019obtention d\u2019unit\u00e9s de formation continue UFC.<\/strong>\u00a0<\/header>\n<header><\/header>\n<header class=\"entry-header\">PowerPoint de qualit\u00e9 professionnelle lors de la formation.<\/header>\n<header><\/header>\n<header><\/header>\n<header><\/header>\n<header class=\"entry-header\"><span style=\"color: #0000ff;\">Nous acceptons Visa, MasterCard, American Express et Discover.<\/span><\/header>\n<header><\/header>\n<header><\/header>\n<header class=\"entry-header\"><u>Apprenez rapidement ce que la vie enseigne en plusieurs ann\u00e9es avec :<\/u><u>\u00a0lagrandeecoledesaffaires.com<\/u><\/header>\n<header class=\"entry-header\">Contactez nous:\u00a0<strong>Info@lagrandeecoledesaffaires.com<\/strong><\/header>\n<header><\/header>\n<header><\/header>\n<header><\/header>\n<header><\/header>\n<header><\/header>\n<header><em><strong>Formations disponibles, voir contenu sur notre site et inscription en ligne<\/strong><\/em><\/header>\n<p><strong>\u00c9tude de\u00a0 RBC\u00a0 sur les pr\u00e9visions en mati\u00e8re d\u2019aptitudes recherch\u00e9es \u00e0 l\u2019\u00e9chelle des professions.\u00a0<\/strong>Parmi les 10 premi\u00e8res sur 35\u00a0: \u00c9coute active, communication sociale, esprit critique, perspicacit\u00e9 sociale, coordination, gestion temps, discernement dans prise de d\u00e9cisions, sens du service, courage et persuasion.<\/p>\n<p>Beaucoup de ces \u00e9l\u00e9ments sont dans la formation que vous visionnez pr\u00e9sentement.<\/p>\n<h2><strong><img loading=\"lazy\" decoding=\"async\" class=\"wp-image-2288 alignright\" src=\"https:\/\/lagrandeecoledesaffaires.com\/wp-content\/uploads\/2018\/05\/visuel-entreprise-magazine-1024x341.jpg\" sizes=\"auto, (max-width: 586px) 100vw, 586px\" srcset=\"https:\/\/lagrandeecoledesaffaires.com\/wp-content\/uploads\/2018\/05\/visuel-entreprise-magazine-1024x341.jpg 1024w, https:\/\/lagrandeecoledesaffaires.com\/wp-content\/uploads\/2018\/05\/visuel-entreprise-magazine-300x100.jpg 300w, https:\/\/lagrandeecoledesaffaires.com\/wp-content\/uploads\/2018\/05\/visuel-entreprise-magazine-768x256.jpg 768w, https:\/\/lagrandeecoledesaffaires.com\/wp-content\/uploads\/2018\/05\/visuel-entreprise-magazine-600x200.jpg 600w\" alt=\"\" width=\"586\" height=\"195\" \/><\/strong><strong><span style=\"color: #0000ff;\">Cette formation en marketing relationnel vous permettra:<\/span><\/strong><strong><br \/>\n<\/strong><\/h2>\n<ul>\n<li>Les conditions d\u2019\u00e9change de valeur<\/li>\n<li>Les 6 points de contact et les 6 points strat\u00e9giques du marketing<\/li>\n<li>L\u2019acheteur, l\u2019utilisateur, le prescripteur ou l\u2019influenceur<\/li>\n<li>Les dimensions cognitives, affectives et conatives<\/li>\n<li>Les sources majeures d\u2019influence<\/li>\n<li>Analyse de march\u00e9 et recherche, trouver l\u2019information et l\u2019utiliser. Stop aux id\u00e9es arr\u00eates.<\/li>\n<li>L\u2019Attitude client\/coll\u00e8gue influence de fa\u00e7on tr\u00e8s significative la r\u00e9action des clients<\/li>\n<li>Le no-cost reconnaissance<\/li>\n<li>Strat\u00e9gies de communication<\/li>\n<li>Cerveau gauche et droit<\/li>\n<li>Les b\u00eatises commises par 10 grandes soci\u00e9t\u00e9s incluant Coca-Cola, Apple, Mc Donald, Johnson&amp; Johnson, Unilever, Starbuck.<\/li>\n<li>R\u00e9diger un plan de marketing efficace<\/li>\n<li>Le packaging, la couleur (effet psychologique et philosophique)<\/li>\n<li>Marketing olfactif, cr\u00e9ation de r\u00e9flexes conditionn\u00e9es subliminaux.<\/li>\n<li>Le Web<\/li>\n<li>Place \u00e0 la cr\u00e9ativit\u00e9<\/li>\n<\/ul>\n<p>Le marketing ou l\u2019art de se promouvoir sont tr\u00e8s simple. Si les clients sont satisfaits, ils reviendront. Il est beaucoup plus exigeant humainement et financi\u00e8rement sans oublier les pertes de temps et les \u00e9motions v\u00e9cus pour reb\u00e2tir une client\u00e8le. Les entreprises perdent 15% de leur client\u00e8le annuellement par une relation d\u00e9ficience. Imaginez les efforts \u00e0 d\u00e9ployer pour augmenter son chiffre d\u2019affaire par rapport \u00e0 l\u2019ann\u00e9e pr\u00e9c\u00e9dente. L\u2019exp\u00e9rience client peut \u00eatre n\u00e9gative ou positive. C\u2019est une gestion de projet structur\u00e9 et innovante.<\/p>\n<p><span style=\"color: #0000ff;\"><strong>Chocolat Favori a suivi cette formation et l\u2019a mis en pratique avec\u00a0<\/strong><b>succ\u00e8s<\/b><\/span><\/p>\n<p><span style=\"color: #0000ff;\"><b style=\"color: #0000ff;\">KCI M\u00e9dical, LKQ, Fuji M\u00e9dical <\/b><span style=\"color: #0000ff;\"><b>Canada, Conservation<\/b><\/span><b style=\"color: #0000ff;\"> de la faune et plusieurs autres.<\/b><\/span><\/p>\n<p>L\u2019enthousiasme, l\u2019ouverture. la transparence, la collaboration, la confiance, le respect et le professionnalisme sont au rendez-vous durant ce cours en marketing.<\/p>\n<p>Ce cour de marketing est disponible en ligne, webcam. Partout au Canada et en Europe en entreprise.<\/p>\n<\/div>\n<\/div>\n<\/div>\n<\/div>\n<\/div>\n<\/div>\n<h1><span style=\"color: #ff0000;\">Le cours Subtilit\u00e9s de la vente et Marketing relationnel sont disponibles partout au Canada et en Europe adapt\u00e9 \u00e0 votre situation et contexte dans votre organisation.<\/span><\/h1>\n<\/div>\n<\/div>\n<\/div>\n<\/div>\n<\/div>\n<\/div>\n","protected":false},"excerpt":{"rendered":"<p>SUBTILIT\u00c9S DE LA VENTE\u00a0 \u00a0 \u00a0 \u00a0 \u00a0 \u00a0 \u00a0 \u00a0 \u00a0 \u00a0 \u00a0 \u00a0 \u00a0 \u00a0 \u00a0 \u00a0 \u00a0 \u00a0 \u00a0 \u00a0 \u00a0 \u00a0 \u00a0 \u00a0 \u00a0 \u00a0 \u00a0 \u00a0 \u00a0 \u00a0 \u00a0 \u00a0 \u00a0 \u00a0 Ce n&rsquo;est pas le vendeur qui vend mais le client qui ach\u00e8te Si le client vous respecte, croit&hellip;&nbsp;<\/p>\n","protected":false},"author":2,"featured_media":5710,"comment_status":"open","ping_status":"open","sticky":false,"template":"","format":"standard","meta":{"neve_meta_sidebar":"","neve_meta_container":"","neve_meta_enable_content_width":"","neve_meta_content_width":0,"neve_meta_title_alignment":"","neve_meta_author_avatar":"","neve_post_elements_order":"","neve_meta_disable_header":"","neve_meta_disable_footer":"","neve_meta_disable_title":"","footnotes":""},"categories":[30,1],"tags":[],"class_list":["post-5933","post","type-post","status-publish","format-standard","has-post-thumbnail","hentry","category-infolettre","category-non-classe"],"_links":{"self":[{"href":"https:\/\/lagrandeecoledesaffaires.com\/index.php\/wp-json\/wp\/v2\/posts\/5933","targetHints":{"allow":["GET"]}}],"collection":[{"href":"https:\/\/lagrandeecoledesaffaires.com\/index.php\/wp-json\/wp\/v2\/posts"}],"about":[{"href":"https:\/\/lagrandeecoledesaffaires.com\/index.php\/wp-json\/wp\/v2\/types\/post"}],"author":[{"embeddable":true,"href":"https:\/\/lagrandeecoledesaffaires.com\/index.php\/wp-json\/wp\/v2\/users\/2"}],"replies":[{"embeddable":true,"href":"https:\/\/lagrandeecoledesaffaires.com\/index.php\/wp-json\/wp\/v2\/comments?post=5933"}],"version-history":[{"count":1,"href":"https:\/\/lagrandeecoledesaffaires.com\/index.php\/wp-json\/wp\/v2\/posts\/5933\/revisions"}],"predecessor-version":[{"id":5934,"href":"https:\/\/lagrandeecoledesaffaires.com\/index.php\/wp-json\/wp\/v2\/posts\/5933\/revisions\/5934"}],"wp:featuredmedia":[{"embeddable":true,"href":"https:\/\/lagrandeecoledesaffaires.com\/index.php\/wp-json\/wp\/v2\/media\/5710"}],"wp:attachment":[{"href":"https:\/\/lagrandeecoledesaffaires.com\/index.php\/wp-json\/wp\/v2\/media?parent=5933"}],"wp:term":[{"taxonomy":"category","embeddable":true,"href":"https:\/\/lagrandeecoledesaffaires.com\/index.php\/wp-json\/wp\/v2\/categories?post=5933"},{"taxonomy":"post_tag","embeddable":true,"href":"https:\/\/lagrandeecoledesaffaires.com\/index.php\/wp-json\/wp\/v2\/tags?post=5933"}],"curies":[{"name":"wp","href":"https:\/\/api.w.org\/{rel}","templated":true}]}}