{"id":4838,"date":"2020-10-29T18:36:56","date_gmt":"2020-10-29T22:36:56","guid":{"rendered":"https:\/\/lagrandeecoledesaffaires.com\/?p=4838"},"modified":"2021-01-29T11:21:14","modified_gmt":"2021-01-29T16:21:14","slug":"ladjoint-e-dadministration-et-direction-deleguez-vous-suffisamment-a-votre-adjointe-ne-la-sous-estimez-pas-car-vous-pourriez-etre-surpris-de-ses-capacitee-element-cle-dans-l","status":"publish","type":"post","link":"https:\/\/lagrandeecoledesaffaires.com\/index.php\/ladjoint-e-dadministration-et-direction-deleguez-vous-suffisamment-a-votre-adjointe-ne-la-sous-estimez-pas-car-vous-pourriez-etre-surpris-de-ses-capacitee-element-cle-dans-l\/","title":{"rendered":"D\u00e9l\u00e9guez-vous suffisamment \u00e0 votre adjointe? Ne la sous estimez pas car vous pourriez \u00eatre surpris de ses capacit\u00e9e.                   \u00c9l\u00e9ment cl\u00e9 dans l&rsquo;organisation!"},"content":{"rendered":"<h2><span style=\"color: #000080;\"><b><br \/>\n<img loading=\"lazy\" decoding=\"async\" class=\"wp-image-4394 alignright\" src=\"https:\/\/lagrandeecoledesaffaires.com\/wp-content\/uploads\/2020\/06\/Adjointe-futur.png\" alt=\"\" width=\"398\" height=\"260\" \/><\/b><\/span><\/h2>\n<p><strong>L&rsquo;Adjoint\/e d&rsquo;administration et de direction Travaille d&rsquo;\u00e9quipe et \u00e9l\u00e9ment cl\u00e9 dans l&rsquo;organisation!<\/strong><\/p>\n<p>Communication, diplomatie, leadership, respect, enthousiasme, ouverture, organisation, motivation et cr\u00e9ativit\u00e9 sont des aspects et attitudes qui donnent \u00e0 l\u2019adjointe d\u2019administration et de direction les \u00e9l\u00e9ments cl\u00e9s afin de bien assumer son r\u00f4le cl\u00e9 dans l\u2019\u00e9quipe de cadres ou direction.<\/p>\n<p>La prise en charge de certains volets de la gestion pour lib\u00e9rer les d\u00e9cideurs de pr\u00e9occupations quotidiennes, les laissant ainsi se consacrer \u00e0 des processus de plus en plus complexes et exigeants, dict\u00e9s par les fluctuations \u00e9conomiques, la comp\u00e9titivit\u00e9 et les nouvelles r\u00e8gles de plus en plus astreignantes et complexes.<\/p>\n<p><span style=\"color: #339966;\"><em><strong>Les comp\u00e9tences humaines pr\u00e9vaudront sur les comp\u00e9tences purement techniques. Cr\u00e9ez un \u00e9tat d\u2019esprit qui vous permet de transformer vos d\u00e9fis en opportunit\u00e9s. L\u2019avenir est pour les esprits agiles.<\/strong><\/em><\/span><\/p>\n<p><strong>LA STRAT\u00c9GIE \u00c0 APPLIQUER<\/strong> :<\/p>\n<ul>\n<li>Planifier, organiser, d\u00e9cider et vous \u00eates un rouage important de l\u2019organisation<\/li>\n<li>Repr\u00e9senter et positionner\u00a0: communiquer la recherche d\u2019excellence en exer\u00e7ant un leadership<\/li>\n<li>Planification r\u00e9aliste et vision claire des objectifs \u00e0 atteindre<\/li>\n<li>\u00c9tablir des liens essentiels avec les personnes cl\u00e9s<\/li>\n<li>Interagir de mani\u00e8re strat\u00e9gique<\/li>\n<li><img loading=\"lazy\" decoding=\"async\" class=\"wp-image-4076 alignright\" src=\"https:\/\/lagrandeecoledesaffaires.com\/wp-content\/uploads\/2020\/04\/Adjointe-un-element-1024x756.png\" alt=\"\" width=\"393\" height=\"291\" srcset=\"https:\/\/lagrandeecoledesaffaires.com\/wp-content\/uploads\/2020\/04\/Adjointe-un-element-1024x756.png 1024w, https:\/\/lagrandeecoledesaffaires.com\/wp-content\/uploads\/2020\/04\/Adjointe-un-element-300x221.png 300w, https:\/\/lagrandeecoledesaffaires.com\/wp-content\/uploads\/2020\/04\/Adjointe-un-element-768x567.png 768w, https:\/\/lagrandeecoledesaffaires.com\/wp-content\/uploads\/2020\/04\/Adjointe-un-element-600x443.png 600w, https:\/\/lagrandeecoledesaffaires.com\/wp-content\/uploads\/2020\/04\/Adjointe-un-element.png 1484w\" sizes=\"auto, (max-width: 393px) 100vw, 393px\" \/>Participer au processus d\u2019\u00e9volution des affaires<\/li>\n<li>Maximiser l\u2019efficacit\u00e9 (\u00eatre un agent de changement)<\/li>\n<li>G\u00e9rer l\u2019information strat\u00e9gique sous toutes ses formes<\/li>\n<li>D\u00e9finition claire du mandat et des attentes du sup\u00e9rieur imm\u00e9diat<\/li>\n<li>Pour quel type de leader travaillez-vous?<\/li>\n<li>Test personnalit\u00e9, sens cognitif, influence et communication confidentielle .<\/li>\n<li>Processus de communication<\/li>\n<li>Les d\u00e9fis, priorit\u00e9s et objectifs des d\u00e9cideurs<\/li>\n<li>Mise en place des changements<\/li>\n<\/ul>\n<p>Cette journ\u00e9e de formation webinaire ou dans votre entreprise vise \u00e0 transmettre des principes de gestion qui permettra aux adjointes de mieux seconder le processus d\u00e9cisionnel et de devenir ainsi la plus pr\u00e9cieuse collaboratrice de son sup\u00e9rieur. Un travail d\u2019\u00e9quipe dans un climat de respect mutuel.<\/p>\n<p>Suivez cette formation avec votre coll\u00e8gue ou votre sup\u00e9rieur hi\u00e9rarchique.<\/p>\n<p><em><strong>D\u00e9sirer est essentiel a la motivation, mais c&rsquo;est la d\u00e9termination et l&rsquo;engagement total a atteindre son but- viser l&rsquo;excellence- qui assurent le succ\u00e8s.\u00a0 <\/strong><\/em><strong>Mario Andretti<\/strong><\/p>\n<p><span style=\"color: #000000;\">Raymond Guy Par\u00e9<\/span><\/p>\n<p>Linken 30,000 abonn\u00e9s<\/p>\n<p>La Grande \u00c9cole 40,000 abonn\u00e9s<\/p>\n<p>info@lagrandeecoledesaffaires.com<\/p>\n<p><strong>FORMATIONS SUGG\u00c9R\u00c9ES<\/strong><\/p>\n<p><strong>Adjoint\/es d\u2019administration et de direction<\/strong><\/p>\n<p>______________________________________________________________________<\/p>\n<p><strong><span style=\"color: #000000;\">\u00a0 \u00a0 \u00a0 \u00a0 \u00a0 \u00a0 \u00a0 \u00a0 \u00a0 \u00a0 \u00a0 \u00a0 \u00a0 \u00a0 \u00a0 \u00a0 \u00a0 \u00a0 \u00a0 \u00a0<\/span><\/strong><\/p>\n<h1><strong style=\"color: #0000ff;\">Le Courage &amp;\u00a0 Leadership sont-ils inn\u00e9 ou s&rsquo;apprend et se d\u00e9veloppe ?<\/strong><\/h1>\n<p><strong><span style=\"color: #0000ff;\">Leadership<\/span>:<\/strong> Un ensemble d&rsquo;aptitudes inn\u00e9es ou acquises qui conf\u00e8re un pouvoir d&rsquo;influence sur les autres. C&rsquo;est la possibilit\u00e9 d&rsquo;amener un individu ou un groupe \u00e0 agir volontairement dans le sens souhait\u00e9.<\/p>\n<p><strong>Gravir les \u00e9chelons:<\/strong> <em><span style=\"color: #3366ff;\">Le leadership et le courage manag\u00e9rial sont des atouts majeurs dans le contexte organisationnel.<\/span> <\/em>Ceux et celles qui en font preuve gravissent plus ais\u00e9ment les \u00e9chelons et parviennent \u00e0 atteindre, voire \u00e0 d\u00e9passer les objectifs qui leur sont fix\u00e9s.<\/p>\n<p><b>D\u00e9velopper son relationnel devient crucial dans un contexte de t\u00e9l\u00e9travail. Nous composons avant tout avec des \u00eatres humains. L&rsquo;ordinateur est un outil de travail. Il faut que le leader se pr\u00e9occupe beaucoup de l&rsquo;aspect relationnel dans ses contacts avec les membres de son \u00e9quipe afin de maintenir un enthousiasme, un sentiment d&rsquo;appartenance et la collaboration.<\/b><\/p>\n<p>Bien s\u00fbr, les communications internes d\u2019une entreprise ne reposent pas uniquement sur le choix des plateformes et des processus de communication. Pour cr\u00e9er un dialogue fluide \u00e0 travers une organisation \u00ab\u2009d\u00e9localis\u00e9e\u2009\u00bb, il faut savoir cr\u00e9er une proximit\u00e9 au sein des \u00e9quipes. \u00ab\u2009Les humains sont des b\u00eates sociales, rappelle Fannie Jacques, CRHA, vice-pr\u00e9sidente aux personnes et \u00e0 la culture de Telus. Ce n\u2019est pas tr\u00e8s mobilisant si on travaille des semaines durant sans jamais se voir.\u2009\u00bb<\/p>\n<p><span style=\"color: #ff0000;\"><strong>Courage<\/strong>:<\/span> Ma capacit\u00e9 et ma d\u00e9termination \u00e0 relever des d\u00e9fis, \u00e0 aller au-del\u00e0 de moi-m\u00eame.<\/p>\n<p><span style=\"color: #ff0000;\"><strong>Courage manag\u00e9rial:<\/strong><\/span> Ma capacit\u00e9 \u00e0 amener mon \u00e9quipe \u00e0 relever des d\u00e9fis, \u00e0 aller au-del\u00e0 d&rsquo;eux-m\u00eames.<\/p>\n<p><span style=\"color: #0000ff;\"><strong>Leadership<\/strong><\/span><\/p>\n<ul>\n<li>Ma capacit\u00e9 \u00e0 m&rsquo;entourer et d\u00e9l\u00e9guer ad\u00e9quatement<\/li>\n<li>L&rsquo;habilet\u00e9 \u00e0 planifier, organiser et communiquer<\/li>\n<li>La maturit\u00e9, le sens des responsabilit\u00e9s et l&rsquo;engagement<\/li>\n<li>Un des r\u00f4les d\u2019un leader est de susciter la motivation.<\/li>\n<li>Comment construire une relation de confiance<\/li>\n<li>Faire preuve de confiance en lui et l\u00e9gitimer sur les sujets d\u00e9battus.<\/li>\n<li>Capacit\u00e9 de r\u00e9inventer le quotidien de l\u2019entreprise et de la guider vers l\u2019avenir<\/li>\n<li>L&rsquo;influence du leader sur la performance<\/li>\n<li>perfectionner vos comp\u00e9tences en communication<\/li>\n<li>Le leader et le pouvoir<\/li>\n<\/ul>\n<p><span style=\"color: #ff0000;\"><strong>Courage manag\u00e9rial<\/strong><\/span><\/p>\n<ul>\n<li>Le courage de prendre des d\u00e9cisions difficiles<\/li>\n<li>Le courage d\u2019assumer ses d\u00e9cisions et \u00eatre dans l&rsquo;action<\/li>\n<li>Le courage de v\u00e9hiculer la responsabilisation<\/li>\n<li>Le courage de supporter la haute direction dans leur prise de d\u00e9cision<\/li>\n<li>Le courage de v\u00e9hiculer l\u2019assumassions des actes de ses employ\u00e9s sous sa supervision<\/li>\n<li>Le courage de d\u00e9l\u00e9guer et de superviser cette d\u00e9l\u00e9gation<\/li>\n<li>Le courage de poser les bonnes questions<\/li>\n<li>Le courage d\u2019\u00e9couter les r\u00e9ponses en laissant son interlocuteur aller au bout de son id\u00e9e<\/li>\n<li>Le courage de prendre des d\u00e9cisions qui sont importantes aussi pour la famille<\/li>\n<li>Le courage de guider ses enfants vers un avenir<\/li>\n<li>Le courage d&rsquo;\u00eatre soi-m\u00eame, heureux et respect\u00e9.<\/li>\n<\/ul>\n<p><span style=\"color: #339966;\"><em>Ajoutez du leadership et\u00a0 du courage\u00a0dans votre vie. Cela augmentera votre qualit\u00e9 de vie au travail et \u00e0 la maison.<\/em><\/span><\/p>\n<p><span style=\"color: #0000ff;\"><strong><em>La Grande \u00c9cole des Affaires se qualifie pour tous les programmes du gouvernement pour la formation de la main-d\u2019\u0153uvre depuis 30 ans et est reconnue par la majorit\u00e9 des Ordres professionnels pour l\u2019obtention d\u2019unit\u00e9s de formation continue UFC. B\u00e9n\u00e9ficiez de notre <span style=\"color: #ff0000;\">expertise<\/span>.<\/em><\/strong><\/span><\/p>\n<header>\n<h1 class=\"entry-header\"><span style=\"color: #ff0000;\"><strong>Vid\u00e9o Conf\u00e9rence, Formation \u00e0 distance<\/strong><\/span><\/h1>\n<header><\/header>\n<header class=\"entry-header\">Choisissez une formation et inscrivez-vous \u00e0 celle qui vous convient. Chaque formation se donne en 2 capsules de 2 heures chacune soit de 9h \u00e0 11h 30 et 13h00 \u00e0 15h00. <strong>Vous obtenez une attestation d\u2019\u00e9tudes de 4.5 heures pour chaque formation. <span style=\"color: #0000ff;\">Nous sommes\u00a0reconnus par Emploi Qu\u00e9bec depuis 30 ans.\u00a0<\/span><\/strong><span style=\"color: #0000ff;\"><strong>Nous sommes reconnus par<\/strong><strong> la majorit\u00e9 des Ordres professionnels pour l\u2019obtention d\u2019unit\u00e9s de formation continue UFC. <\/strong><\/span><\/header>\n<header class=\"entry-header\">\u00a0<\/header>\n<header class=\"entry-header\">PowerPoint de qualit\u00e9 professionnelle lors de la formation.<\/header>\n<header><\/header>\n<header><\/header>\n<header class=\"entry-header\">Nous acceptons Visa, MasterCard, American Express et Discover.<\/header>\n<header class=\"entry-header\"><\/header>\n<header class=\"entry-header\"><u>Apprenez rapidement ce que la vie enseigne en plusieurs ann\u00e9es avec :<\/u><u>\u00a0lagrandeecoledesaffaires.com<\/u><\/header>\n<header><\/header>\n<header class=\"entry-header\">Contactez nous:\u00a0<strong>Info@lagrandeecoledesaffaires.com<\/strong><\/header>\n<header><\/header>\n<header><\/header>\n<header><\/header>\n<header><em><strong>Savoir se r\u00e9inventer.<\/strong><\/em><\/header>\n<header><\/header>\n<header><\/header>\n<header><\/header>\n<header><\/header>\n<header><em><strong>Formations disponibles, voir contenu sur notre site et inscription en ligne.<\/strong><\/em><\/header>\n<header><\/header>\n<header><em><span style=\"color: #ff0000;\"><strong>Le Courage <\/strong><\/span><b>permet \u00e0 un gestionnaire de se mobiliser et mobiliser ses troupes et ses coll\u00e8gues\u00a0en adoptant des attitudes tels <\/b><span style=\"color: #0000ff;\">l&rsquo;ouverture, la transparence, le respect, la confiance, la cr\u00e9ativit\u00e9 et la connaissance des motivations<\/span><span style=\"color: #3366ff;\"> personnelles des membres de son \u00e9quipe<\/span><b> dans la mise en place et la r\u00e9alisation de l&rsquo;objectif commun. Le courage et la confiance en soi se d\u00e9veloppent tant dans la vie personnelle que professionnelle.<\/b><\/em><\/header>\n<header><\/header>\n<header><\/header>\n<header><\/header>\n<header><b> <\/b><em><strong><span style=\"color: #800080;\">Certains hommes r\u00eavent d&rsquo;accomplir de grandes choses. D&rsquo;autres prennent les moyens pour y parvenir<\/span><\/strong><\/em>.<strong> Churchill<\/strong><\/header>\n<header><\/header>\n<header><span style=\"color: #800080;\"><strong><em>C&rsquo;est la d\u00e9termination et l&rsquo;engagement total \u00e0 atteindre son but. Viser l&rsquo;excellence qui assure le succ\u00e8s.<\/em><\/strong> <\/span><strong><span style=\"color: #000000;\"> Mario Andretti\u00a0<\/span><\/strong><\/header>\n<header><\/header>\n<header><\/header>\n<header><span style=\"color: #993366;\"><span style=\"font-weight: inherit;\"><strong><em>La vie m&rsquo;a donn\u00e9 les outils pour surmonter les obstacles. La fa\u00e7on dont j&rsquo;ai \u00e9t\u00e9 \u00e9lev\u00e9 ainsi que ma force int\u00e9rieure et mon courage m&rsquo;ont permis de continuer mon chemin. <\/em><\/strong><\/span><span style=\"font-weight: inherit; color: #000000;\"><strong><em>C\u00e9line Dion,\u00a0<\/em><\/strong><\/span><\/span><\/header>\n<\/header>\n<p><em><b>Cette formation Courage Manag\u00e9rial se donne aussi adapt\u00e9e dans votre organisation. Jumel\u00e9e avec la formation Leadership de gestion et Gestion du temps, stress et priorit\u00e9s, vous serez surpris des r\u00e9sultats que vous obtiendrez avec votre \u00e9quipe. Nous travaillons avec des organisations qui sont tr\u00e8s performantes et qui veulent le demeurer.<\/b><\/em><\/p>\n<p><strong><em>Dates Formations Grand Public &amp; \u00e0 distance sur le site internet<\/em><\/strong><\/p>\n<p><strong><span style=\"color: #ff0000;\">Nouveau : Certificat en N\u00e9gociation Strat\u00e9gique. CNS (<\/span><\/strong><span style=\"color: #ff0000;\">voir site internet pour d\u00e9tails)<\/span><\/p>\n<p><span style=\"color: #ff0000;\">Ce certificat CNS s&rsquo;obtient en 28 heures de formation th\u00e9orique et 17 heures de travaux individuels coach\u00e9 par le formateur. Ce certificat CNS vous permettra de vous distinguer et de progresser plus rapidement tant professionnellement que financi\u00e8rement. Reconnu par la majorit\u00e9 des ordres professionnels comme partenaire en formation continue.<\/span><\/p>\n<p><strong>www.lagrandeecoledesaffaires.com<\/strong><\/p>\n<p>info@lagrandeecoledesaffaires.com<\/p>\n<p><span style=\"color: #3366ff;\">Linken: 30,000 abonn\u00e9s<\/span><\/p>\n<p><span style=\"color: #3366ff;\">La Grande \u00c9cole: 32,000 abonn\u00e9s<\/span><\/p>\n<p><span style=\"color: #3366ff;\"> Vous et vos coll\u00e8gues abonnez-vous sur le site internet www.lagrandeecoledesaffaires.com<\/span><\/p>\n<p><strong><em>Vos employ\u00e9s ne quittent pas pour une augmentation de salaire, mais une augmentation de la reconnaissance et de la valorisation.<\/em><\/strong><\/p>\n<p><strong><em>Le hasard n&rsquo;existe pas. K.O. Schmidt<\/em><\/strong><\/p>\n<p><strong><em>Demain c\u2019est aujourd\u2019hui.<\/em><\/strong><\/p>\n<p>&nbsp;<\/p>\n<header class=\"entry-header\">\n<h1 class=\"entry-title \">Formation en Gestion du temps, stress et des priorit\u00e9s<\/h1>\n<hr class=\"featurette-divider __before_content\" \/>\n<\/header>\n<div class=\"entry-content\">\n<div class=\"vc_row wpb_row vc_row-fluid\">\n<div class=\"wpb_column vc_column_container vc_col-sm-12\">\n<div class=\"vc_column-inner \">\n<div class=\"wpb_wrapper\"><\/div>\n<\/div>\n<\/div>\n<\/div>\n<div class=\"vc_row wpb_row vc_row-fluid\">\n<div class=\"wpb_column vc_column_container vc_col-sm-8\">\n<div class=\"vc_column-inner \">\n<div class=\"wpb_wrapper\">\n<div class=\"wpb_text_column wpb_content_element \">\n<div class=\"wpb_wrapper\">\n<p><img loading=\"lazy\" decoding=\"async\" class=\"wp-image-3001 alignleft\" src=\"https:\/\/lagrandeecoledesaffaires.com\/wp-content\/uploads\/2019\/05\/temps-horloge-stress-site.jpg\" alt=\"\" width=\"307\" height=\"307\" srcset=\"https:\/\/lagrandeecoledesaffaires.com\/wp-content\/uploads\/2019\/05\/temps-horloge-stress-site.jpg 250w, https:\/\/lagrandeecoledesaffaires.com\/wp-content\/uploads\/2019\/05\/temps-horloge-stress-site-150x150.jpg 150w\" sizes=\"auto, (max-width: 307px) 100vw, 307px\" \/><\/p>\n<p>Avez-vous d\u00e9j\u00e0 calcul\u00e9 combien co\u00fbtent,\u00a0 les mauvais planning de la gestion des priorit\u00e9s au travail, les retards, les erreurs, la course d\u00e9sordonn\u00e9e, le manque de recul, les priorit\u00e9s mal \u00e9tablies, les oublis et les d\u00e9l\u00e9gations rat\u00e9es? Avez-vous calculer l&rsquo;impact du stress sur le fonctionnement de l&rsquo;entreprise?<\/p>\n<p>Cette formation saura capter votre attention, \u00eatre un axe de communication et de partage d\u2019information via le r\u00e9seautage qui se cr\u00e9e parmi les participants. Une occasion d\u2019apprendre rapidement ce que la vie nous enseigne en plusieurs ann\u00e9es. Vous gagnerez du temps.<\/p>\n<p>Nos formations Grand Public ont un maximum de 21 participants.<\/p>\n<p><em><b>Cette formation vous permettra de sauver + ou \u2013\u00a0 21 minutes\u00a0par jour soit 105 minutes par semaine et\u00a0 5250 minutes par ann\u00e9e, soit 87.5 heures \u00e0 35.$ heure = 3062.$ par ann\u00e9e X 5 ans =15,312.$. Vous devez rajouter une diminution du stress et de l\u2019anxi\u00e9t\u00e9 reli\u00e9s au manque de temps et plus de cr\u00e9ativit\u00e9. Int\u00e9ressant<\/b>\u00a0<\/em>! (voir Le Travail source d\u2019insomnie, Journal de Montr\u00e9al 9 Mars 2018)\u00a0<strong>Imaginez cette formation en gestion du temps et priorit\u00e9s \u00e0 12 employ\u00e9s<\/strong><strong>, cela repr\u00e9sente une plus value de 183,750.$<\/strong>\u00a0+ une augmentation de la performance.\u00a0<em><strong>Cette formation jumel\u00e9e \u00e0 la formation Courage Manag\u00e9rial ou Adjointe de Direction ou Leadership de Gestion donne des r\u00e9sultats qui sont percutant.<\/strong><\/em><\/p>\n<p>Et c\u2019est sans compter l\u2019\u00e9nergie gaspill\u00e9e, le stress inutile, les mauvaises d\u00e9cisions et les r\u00e9actions involontaires qui emp\u00eachent une grande majorit\u00e9 de gens d\u2019atteindre leurs v\u00e9ritables objectifs et de faire valoir l\u2019ensemble de leurs comp\u00e9tences.<\/p>\n<p>Notre cr\u00e2ne est constitu\u00e9 du cerveau droit et du cerveau gauche. Ceux-ci sont compl\u00e8tement ind\u00e9pendants et ne se touchent qu\u2019\u00e0 la base dans le cortex qui lui re\u00e7oit les donn\u00e9es de chaque cerveau et r\u00e9agit soit instinctivement ou r\u00e9fl\u00e9chie selon l\u2019analyse que nous faisons des donn\u00e9es.<\/p>\n<p>Chacun de nous utilisons une partie de notre cerveau plus que l\u2019autre. Rien de grave, sinon qu\u2019en ignorant notre pr\u00e9f\u00e9rence, nous nous privons d\u2019informations cruciales sur nous m\u00eame et la fa\u00e7on de g\u00e9rer les aspects temps, stress et priorit\u00e9s. Cela va demander un changement dans les habitudes et de notre zone de confort.<\/p>\n<p><em><strong>Le savoir change tout. La comp\u00e9titivit\u00e9 de votre organisation passe par le savoir qu\u2019elle d\u00e9tient.<\/strong><\/em><\/p>\n<p><em><strong>Concr\u00e9tisez vos objectifs et montez les \u00e9chelons<\/strong><\/em><\/p>\n<p>Le stress g\u00e9n\u00e9r\u00e9 par le travail: Pr\u00e8s de 39% des professionnels dorment mal en raison de leur travail. Les Affaires 24 Mars 2018<\/p>\n<p>Devant une situation de grand stress qui perdure, celle-ci peut en venir \u00e0 compromettre notre sant\u00e9 physique et psychologique. Le stress peut engendrer de l\u2019irritabilit\u00e9, de l\u2019anxi\u00e9t\u00e9, de la col\u00e8re, de la tristesse, des maux de t\u00eate, des maux de dos et autres. \u00c0 plus long terme, de la difficult\u00e9 \u00e0 s\u2019endormir, se concentrer, de l\u2019\u00e9puisement et des troubles de l\u2019humeur.<\/p>\n<p>&nbsp;<\/p>\n<p><strong>Cette formation en Gestion du Temps, du Stress et Priorit\u00e9s vous permettra de :\u00a0 \u00a0 \u00a0 \u00a0 \u00a0 \u00a0 \u00a0 \u00a0 \u00a0 \u00a0 \u00a0 \u00a0<img loading=\"lazy\" decoding=\"async\" class=\"wp-image-2539 alignright\" src=\"https:\/\/lagrandeecoledesaffaires.com\/wp-content\/uploads\/2018\/10\/dame-temps-1024x710.png\" sizes=\"auto, (max-width: 409px) 100vw, 409px\" srcset=\"https:\/\/lagrandeecoledesaffaires.com\/wp-content\/uploads\/2018\/10\/dame-temps-1024x710.png 1024w, https:\/\/lagrandeecoledesaffaires.com\/wp-content\/uploads\/2018\/10\/dame-temps-300x208.png 300w, https:\/\/lagrandeecoledesaffaires.com\/wp-content\/uploads\/2018\/10\/dame-temps-768x532.png 768w, https:\/\/lagrandeecoledesaffaires.com\/wp-content\/uploads\/2018\/10\/dame-temps-600x416.png 600w, https:\/\/lagrandeecoledesaffaires.com\/wp-content\/uploads\/2018\/10\/dame-temps.png 1482w\" alt=\"\" width=\"409\" height=\"284\" \/><\/strong><\/p>\n<p>LES LOIS DE LA GESTION DU TEMPS ET DU STRESS<\/p>\n<p>LE STRESS EN MILIEU DE TRAVAIL ET SES CAUSES<\/p>\n<p>LES CONS\u00c9QUENCES DU STRESS<\/p>\n<p>COMMENT MIEUX G\u00c9RER SON STRESS<\/p>\n<p>LE CAPITAL TEMPS \u00c9NERGIE<\/p>\n<p>LA R\u00c9TENTION DU PERSONNEL AM\u00c9LIOR\u00c9E<\/p>\n<p>AGIR EN FONCTION DES V\u00c9RITABLES PRIORIT\u00c9S<\/p>\n<p>LA CHASSE AUX MONSTRES CHRONOPHAGES<\/p>\n<p>TEST CERVEAU DROIT OU CERVEAU GAUCHE ET UTILISATION PERSONNALIS\u00c9E<\/p>\n<p>LES ATTITUDES CHRONOPHAGES<\/p>\n<p>LES HABITUDES ET R\u00c9FLEXES RAVAGEURS<\/p>\n<p>LE GRAND D\u00c9FI: SAVOIR DIRE NON<\/p>\n<p>LE FOUILLIS: UN OBSTACLE MAJEUR \u00c0 \u00c9LIMINER<img loading=\"lazy\" decoding=\"async\" class=\"wp-image-2525 alignright\" src=\"https:\/\/lagrandeecoledesaffaires.com\/wp-content\/uploads\/2018\/10\/gestion-du-stress.jpg\" sizes=\"auto, (max-width: 398px) 100vw, 398px\" srcset=\"https:\/\/lagrandeecoledesaffaires.com\/wp-content\/uploads\/2018\/10\/gestion-du-stress.jpg 971w, https:\/\/lagrandeecoledesaffaires.com\/wp-content\/uploads\/2018\/10\/gestion-du-stress-300x183.jpg 300w, https:\/\/lagrandeecoledesaffaires.com\/wp-content\/uploads\/2018\/10\/gestion-du-stress-768x469.jpg 768w, https:\/\/lagrandeecoledesaffaires.com\/wp-content\/uploads\/2018\/10\/gestion-du-stress-600x366.jpg 600w, https:\/\/lagrandeecoledesaffaires.com\/wp-content\/uploads\/2018\/10\/gestion-du-stress-570x350.jpg 570w\" alt=\"\" width=\"398\" height=\"243\" \/><\/p>\n<p>LA R\u00c9UNIONITE, UN MAL OMNIPR\u00c9SENT<\/p>\n<p>MIEUX PLANIFIER ET ORGANISER<\/p>\n<p>CONCILIER SA PLANIFICATION AVEC SON RYTHME NATUREL<\/p>\n<p>MA\u00ceTRISER L\u2019ART DE D\u00c9L\u00c9GUER<\/p>\n<p>LES INDICATEURS DE PERFORMANCE EN GESTION DU TEMPS ET DU STRESS<\/p>\n<p><em><strong>R\u00e9sultats d\u00e9stressants assur\u00e9s<\/strong><\/em><\/p>\n<p>Cette formation propose des techniques de gestion du temps, stress et priorit\u00e9s pr\u00e9cises, applicables facilement et imm\u00e9diatement pour \u00e9conomiser du temps. Ce s\u00e9minaire en gestion du temps et du stress propose des solutions pour mieux composer avec les diff\u00e9rentes priorit\u00e9s auxquelles vous devez faire face chaque jour, ce qui vous permettra de consacrer votre temps, vos \u00e9nergies aux t\u00e2ches \u00e0 valeur ajout\u00e9e.<\/p>\n<p>Dans le contexte actuel, qui nous oblige \u00e0 am\u00e9liorer nos rendements, certaines comp\u00e9tences comme la gestion des calendriers, la ma\u00eetrise des \u00e9ch\u00e9ances, soient toutes les techniques de gestion du temps, stress et priorit\u00e9s permettant une meilleure planification, sont indispensables dans le monde actuel.<\/p>\n<p><strong>Cette formation se donne grand public ou dans votre organisation.<\/strong><\/p>\n<p>Linken 30,000 abonn\u00e9es<\/p>\n<p>La Grande \u00c9cole 40,000 abonn\u00e9es<\/p>\n<p><strong>www.lagrandeecoledesaffaires.com<\/strong><\/p>\n<table id=\"table\" class=\"widefat manage-categories\">\n<tbody>\n<tr class=\"even\">\n<td class=\"post-title page-title column-title\">\n<div class=\"row-actions\"><span class=\"edit\"><a href=\"https:\/\/lagrandeecoledesaffaires.com\/wp-admin\/admin.php?page=event_categories&amp;action=edit&amp;id=13\">Modifier\u00a0<\/a>|\u00a0<\/span><span class=\"delete\"><a class=\"submitdelete\" href=\"https:\/\/lagrandeecoledesaffaires.com\/wp-admin\/admin.php?page=event_categories&amp;action=delete_category&amp;id=13\">Supprimer<\/a><\/span><\/div>\n<\/td>\n<td>\n<div id=\"event_wrapper\">\n<div id=\"event_container_pagination\">\n<div id=\"event_content\" class=\"event_content\">\n<div id=\"event_data-169\" class=\"event_data gestion-du-temps-1486068112 event-data-display event-list-display event-display-boxes ui-widget\">\n<h3 id=\"event_title-169\" class=\"event_title ui-widget-header ui-corner-top\"><a id=\"a_event_title-169\" class=\"a_event_title\" title=\"MONTR\u00c9AL - Formation Gestion du temps et des priorit\u00e9s\" href=\"https:\/\/lagrandeecoledesaffaires.com\/index.php\/calendrier\/?ee=169\">MONTR\u00c9AL &#8211; Formation Gestion du temps, stress et des priorit\u00e9s<\/a><\/h3>\n<div class=\"event-data-display ui-widget-content ui-corner-bottom\">\n<div class=\"event-desc\">\n<p>1 jour de 8 h 30 \u00e0 16 h ou webinaire<\/p>\n<\/div>\n<div class=\"event-meta clearfix\">\n<p id=\"event_date-169\"><a id=\"espresso_ical_169\" class=\"espresso_ical_link\" title=\"Import au format iCal\" href=\"https:\/\/lagrandeecoledesaffaires.com\/?iCal=true&amp;current_year=2019&amp;current_month=01&amp;current_day=18&amp;current_time=113356&amp;event_id=169&amp;ee_reg_id=do0t49o948hs796sgb8c22mlp3-5c41ffbcc20d19.03411885&amp;contact_email=info@lagrandeecoledesaffaires.com&amp;start_year=2019&amp;start_month=01&amp;start_day=22&amp;start_time=061300&amp;end_year=2019&amp;end_month=01&amp;end_day=22&amp;end_time=061300&amp;event_summary=MONTR%C3%89AL%20-%20Formation%20Gestion%20du%20temps%20et%20des%20priorit%C3%A9s&amp;ee_reg_url=https:\/\/lagrandeecoledesaffaires.com\/index.php\/calendrier\/?ee=169&amp;site_url=https:\/\/lagrandeecoledesaffaires.com&amp;organization=La%20grande%20%C3%A9cole%20des%20affaires&amp;location=1,%20boulevard%20Ren%C3%A9-L%C3%A9vesque%20est%20Montr%C3%A9al,%20Qu%C3%A9bec%20H2X%203Z5%20Canada\"><img decoding=\"async\" src=\"https:\/\/lagrandeecoledesaffaires.com\/wp-content\/plugins\/event-espresso\/images\/icons\/calendar_link.png\" \/><\/a><\/p>\n<\/div>\n<p id=\"register_link-169\" class=\"register-link-footer\"><a id=\"a_register_link-169\" class=\"a_register_link ui-button ui-button-big ui-priority-primary ui-state-default ui-state-hover ui-state-focus ui-corner-all\" title=\"MONTR\u00c9AL - Formation Gestion du temps et des priorit\u00e9s\" href=\"https:\/\/lagrandeecoledesaffaires.com\/index.php\/calendrier\/?ee=169\">R\u00e9server en ligne<\/a><\/p>\n<\/div>\n<\/div>\n<div id=\"event_data-204\" class=\"event_data gestion-du-temps-1486068112 event-data-display event-list-display event-display-boxes ui-widget\">\n<h3 id=\"event_title-204\" class=\"event_title ui-widget-header ui-corner-top\"><span style=\"font-family: inherit; font-size: inherit; font-weight: inherit;\">\u00a0<\/span><a id=\"espresso_ical_204\" class=\"espresso_ical_link\" style=\"font-family: inherit; font-size: inherit; font-weight: inherit;\" title=\"Import au format iCal\" href=\"https:\/\/lagrandeecoledesaffaires.com\/?iCal=true&amp;current_year=2019&amp;current_month=01&amp;current_day=18&amp;current_time=113356&amp;event_id=204&amp;ee_reg_id=do0t49o948hs796sgb8c22mlp3-5c41ffbcc20d19.03411885&amp;contact_email=info@lagrandeecoledesaffaires.com&amp;start_year=2019&amp;start_month=02&amp;start_day=11&amp;start_time=061600&amp;end_year=2019&amp;end_month=02&amp;end_day=11&amp;end_time=061600&amp;event_summary=QU%C3%89BEC%20-%20Formation%20Gestion%20du%20temps%20et%20des%20priori%C3%A9t%C3%A9s&amp;ee_reg_url=https:\/\/lagrandeecoledesaffaires.com\/index.php\/calendrier\/?ee=204&amp;site_url=https:\/\/lagrandeecoledesaffaires.com&amp;organization=La%20grande%20%C3%A9cole%20des%20affaires&amp;location=3031%20Boulevard%20Laurier%20Ste-Foy,%20Qu%C3%A9bec%20G1V%202M2%20Canada\"><img decoding=\"async\" src=\"https:\/\/lagrandeecoledesaffaires.com\/wp-content\/plugins\/event-espresso\/images\/icons\/calendar_link.png\" \/><\/a><\/h3>\n<div class=\"event-data-display ui-widget-content ui-corner-bottom\">\n<p id=\"register_link-204\" class=\"register-link-footer\"><a id=\"a_register_link-204\" class=\"a_register_link ui-button ui-button-big ui-priority-primary ui-state-default ui-state-hover ui-state-focus ui-corner-all\" title=\"QU\u00c9BEC - Formation Gestion du temps et des priori\u00e9t\u00e9s\" href=\"https:\/\/lagrandeecoledesaffaires.com\/index.php\/calendrier\/?ee=204\">R\u00e9server en ligne<\/a><\/p>\n<\/div>\n<\/div>\n<div id=\"event_data-206\" class=\"event_data gestion-du-temps-1486068112 event-data-display event-list-display event-display-boxes ui-widget\">\n<h3 id=\"event_title-206\" class=\"event_title ui-widget-header ui-corner-top\"><a id=\"a_register_link-206\" class=\"a_register_link ui-button ui-button-big ui-priority-primary ui-state-default ui-state-hover ui-state-focus ui-corner-all\" style=\"font-family: inherit; font-size: inherit; font-weight: inherit;\" title=\"QU\u00c9BEC - Formation Gestion du temps et des priorit\u00e9s\" href=\"https:\/\/lagrandeecoledesaffaires.com\/index.php\/calendrier\/?ee=206\">R\u00e9server en ligne<\/a><\/h3>\n<\/div>\n<div id=\"event_data-205\" class=\"event_data gestion-du-temps-1486068112 event-data-display event-list-display event-display-boxes ui-widget\">\n<h3 id=\"event_title-205\" class=\"event_title ui-widget-header ui-corner-top\"><span style=\"font-family: inherit; font-size: inherit; font-weight: inherit;\">\u00a0<\/span><a id=\"espresso_ical_205\" class=\"espresso_ical_link\" style=\"font-family: inherit; font-size: inherit; font-weight: inherit;\" title=\"Import au format iCal\" href=\"https:\/\/lagrandeecoledesaffaires.com\/?iCal=true&amp;current_year=2019&amp;current_month=01&amp;current_day=18&amp;current_time=113356&amp;event_id=205&amp;ee_reg_id=do0t49o948hs796sgb8c22mlp3-5c41ffbcc20d19.03411885&amp;contact_email=info@lagrandeecoledesaffaires.com&amp;start_year=2019&amp;start_month=04&amp;start_day=26&amp;start_time=063700&amp;end_year=2019&amp;end_month=04&amp;end_day=26&amp;end_time=063700&amp;event_summary=MONTR%C3%89AL%20-%20Formation%20Gestion%20du%20temps%20et%20des%20priorit%C3%A9s&amp;ee_reg_url=https:\/\/lagrandeecoledesaffaires.com\/index.php\/calendrier\/?ee=205&amp;site_url=https:\/\/lagrandeecoledesaffaires.com&amp;organization=La%20grande%20%C3%A9cole%20des%20affaires&amp;location=1,%20boulevard%20Ren%C3%A9-L%C3%A9vesque%20est%20Montr%C3%A9al,%20Qu%C3%A9bec%20H2X%203Z5%20Canada\"><img decoding=\"async\" src=\"https:\/\/lagrandeecoledesaffaires.com\/wp-content\/plugins\/event-espresso\/images\/icons\/calendar_link.png\" \/><\/a><\/h3>\n<div class=\"event-data-display ui-widget-content ui-corner-bottom\">\n<p id=\"register_link-205\" class=\"register-link-footer\"><a id=\"a_register_link-205\" class=\"a_register_link ui-button ui-button-big ui-priority-primary ui-state-default ui-state-hover ui-state-focus ui-corner-all\" title=\"MONTR\u00c9AL - Formation Gestion du temps et des priorit\u00e9s\" href=\"https:\/\/lagrandeecoledesaffaires.com\/index.php\/calendrier\/?ee=205\">R\u00e9server en ligne<\/a><\/p>\n<\/div>\n<\/div>\n<\/div>\n<\/div>\n<\/div>\n<\/td>\n<\/tr>\n<\/tbody>\n<\/table>\n<\/div>\n<\/div>\n<\/div>\n<\/div>\n<\/div>\n<\/div>\n<\/div>\n<p>&nbsp;<\/p>\n","protected":false},"excerpt":{"rendered":"<p>L&rsquo;Adjoint\/e d&rsquo;administration et de direction Travaille d&rsquo;\u00e9quipe et \u00e9l\u00e9ment cl\u00e9 dans l&rsquo;organisation! Communication, diplomatie, leadership, respect, enthousiasme, ouverture, organisation, motivation et cr\u00e9ativit\u00e9 sont des aspects et attitudes qui donnent \u00e0 l\u2019adjointe d\u2019administration et de direction les \u00e9l\u00e9ments cl\u00e9s afin de bien assumer son r\u00f4le cl\u00e9 dans l\u2019\u00e9quipe de cadres ou direction. La prise en charge&hellip;&nbsp;<\/p>\n","protected":false},"author":2,"featured_media":4199,"comment_status":"open","ping_status":"open","sticky":false,"template":"","format":"standard","meta":{"neve_meta_sidebar":"","neve_meta_container":"","neve_meta_enable_content_width":"","neve_meta_content_width":0,"neve_meta_title_alignment":"","neve_meta_author_avatar":"","neve_post_elements_order":"","neve_meta_disable_header":"","neve_meta_disable_footer":"","neve_meta_disable_title":"","footnotes":""},"categories":[30],"tags":[],"class_list":["post-4838","post","type-post","status-publish","format-standard","has-post-thumbnail","hentry","category-infolettre"],"_links":{"self":[{"href":"https:\/\/lagrandeecoledesaffaires.com\/index.php\/wp-json\/wp\/v2\/posts\/4838","targetHints":{"allow":["GET"]}}],"collection":[{"href":"https:\/\/lagrandeecoledesaffaires.com\/index.php\/wp-json\/wp\/v2\/posts"}],"about":[{"href":"https:\/\/lagrandeecoledesaffaires.com\/index.php\/wp-json\/wp\/v2\/types\/post"}],"author":[{"embeddable":true,"href":"https:\/\/lagrandeecoledesaffaires.com\/index.php\/wp-json\/wp\/v2\/users\/2"}],"replies":[{"embeddable":true,"href":"https:\/\/lagrandeecoledesaffaires.com\/index.php\/wp-json\/wp\/v2\/comments?post=4838"}],"version-history":[{"count":7,"href":"https:\/\/lagrandeecoledesaffaires.com\/index.php\/wp-json\/wp\/v2\/posts\/4838\/revisions"}],"predecessor-version":[{"id":5016,"href":"https:\/\/lagrandeecoledesaffaires.com\/index.php\/wp-json\/wp\/v2\/posts\/4838\/revisions\/5016"}],"wp:featuredmedia":[{"embeddable":true,"href":"https:\/\/lagrandeecoledesaffaires.com\/index.php\/wp-json\/wp\/v2\/media\/4199"}],"wp:attachment":[{"href":"https:\/\/lagrandeecoledesaffaires.com\/index.php\/wp-json\/wp\/v2\/media?parent=4838"}],"wp:term":[{"taxonomy":"category","embeddable":true,"href":"https:\/\/lagrandeecoledesaffaires.com\/index.php\/wp-json\/wp\/v2\/categories?post=4838"},{"taxonomy":"post_tag","embeddable":true,"href":"https:\/\/lagrandeecoledesaffaires.com\/index.php\/wp-json\/wp\/v2\/tags?post=4838"}],"curies":[{"name":"wp","href":"https:\/\/api.w.org\/{rel}","templated":true}]}}