{"id":3911,"date":"2020-02-20T16:51:49","date_gmt":"2020-02-20T21:51:49","guid":{"rendered":"https:\/\/lagrandeecoledesaffaires.com\/?p=3911"},"modified":"2020-02-23T10:33:16","modified_gmt":"2020-02-23T15:33:16","slug":"de-negociation-instinctive-a-strategique-philosophie-universite-harvard-ou-yale-2","status":"publish","type":"post","link":"https:\/\/lagrandeecoledesaffaires.com\/index.php\/de-negociation-instinctive-a-strategique-philosophie-universite-harvard-ou-yale-2\/","title":{"rendered":"De n\u00e9gociation Instinctive \u00e0 Strat\u00e9gique: Philosophie Universit\u00e9 Harvard ou Yale?"},"content":{"rendered":"<div class=\"vc_row wpb_row vc_row-fluid\">\n<div class=\"wpb_column vc_column_container vc_col-sm-12\">\n<div class=\"vc_column-inner \">\n<div class=\"wpb_wrapper\">\n<div class=\"wpb_text_column wpb_content_element \">\n<div class=\"wpb_wrapper\">\n<p><b>La n\u00e9gociation est omnipr\u00e9sente dans toutes les relations humaines \u00e0 un moment ou un autre. Le n\u00e9gociateur doit \u00eatre capable de s\u2019adapter.\u00a0 Dans la vie l&rsquo;on n\u2019obtient pas ce que nous m\u00e9ritons, mais ce que nous n\u00e9gocions.<\/b><\/p>\n<p>Il y a 2 \u00e9coles de pens\u00e9e en Am\u00e9rique du Nord.<\/p>\n<p>L\u2019Universit\u00e9 Yale, r\u00e9publicaine ou la philosophie est: Gagner ou Gagnant\/Perdant. Les pr\u00e9sidents Bush sont de cette&rsquo;universit\u00e9.<\/p>\n<p>L&rsquo;Universit\u00e9 Harvard est de philosophie Gagnant Gagnant. Les pr\u00e9sidents Kennedy, Clinton et Obama sont de cette universit\u00e9. Les Universit\u00e9s Europ\u00e9ennes Oxford, Cambridge et \u00c9cole Normale Sup\u00e9rieure sont aussi de cette philosophie.<\/p>\n<p>Notre enseignement en N\u00e9gociation Strat\u00e9gique est d&rsquo;inspiration Harvard<\/p>\n<p><span style=\"color: #ff0000;\"><strong>Le n\u00e9gociateur instinctif:<\/strong><\/span><\/p>\n<ul>\n<li>Les \u00e9motions dominent<\/li>\n<li>La pr\u00e9paration manque de strat\u00e9gie et de recherche<\/li>\n<li>Attaques personnelles, manque d&rsquo;\u00e9coute et de transparence<\/li>\n<li>Sous estimation de l&rsquo;autre, donc surestimation de soi<\/li>\n<li>Le but est de gagner \u00e0 tout prix au risque de perdre de vue des aspects cruciaux<\/li>\n<li>La r\u00e9partition du g\u00e2teau n&rsquo;est que quantitative dans un imm\u00e9diat<\/li>\n<li>La notion de respect est d\u00e9ficience<\/li>\n<li>Suppose savoir<\/li>\n<li>Manque de coordination entre le cerveau droit et gauche<\/li>\n<li>L&rsquo;aspect transactionnel oublie l&rsquo;humain qui est \u00e0 la base du processus<\/li>\n<li>Oublie le futur<\/li>\n<\/ul>\n<p><span style=\"color: #008080;\"><strong>Le n\u00e9gociateur strat\u00e9gique<\/strong><\/span><\/p>\n<ul>\n<li>La pr\u00e9paration est capitale<\/li>\n<li>Connaissance des autres n\u00e9gociateurs ( individus)<\/li>\n<li>Connaissance des int\u00e9r\u00eats, besoins, valeurs de l&rsquo;autre partie<\/li>\n<li>D\u00e9velopper des Attitudes propices \u00e0 la cr\u00e9ation d&rsquo;un climat de confiance<\/li>\n<li>Ma\u00eetriser le temps et l&rsquo;espace<\/li>\n<li>Toujours \u00eatre respectueux malgr\u00e9 le contexte<\/li>\n<li>Ne rien prendre personnellement<\/li>\n<li>Ne jamais couper la parole<\/li>\n<li>Poser des questions strat\u00e9giques de situation, impact et besoin<\/li>\n<li>Avoir la ma\u00eetrise du silence<\/li>\n<li>S&rsquo;adapter \u00e0 la personnalit\u00e9 des autres intervenants et leurs sens cognitifs<\/li>\n<li>Conna\u00eetre le langage du corps<\/li>\n<li>Garder le contr\u00f4le en tout temps<\/li>\n<li>Penser \u00e0 l&rsquo;avenir<\/li>\n<\/ul>\n<p>Le bon n\u00e9gociateur cherche avant tout \u00e0 amener son interlocuteur \u00e0 proposer des solutions qui lui semblent acceptables et par la suite arriver avec des solutions communes. L\u2019autre partie doit se sentir \u00e0 l\u2019aise de n\u00e9gocier dans une perspective gagnant gagnant.<\/p>\n<p>Tout ce que vous devez savoir pour n\u00e9gocier avec succ\u00e8s et efficacement. Une formation unique au Qu\u00e9bec bas\u00e9 sur 29 ans d\u2019expertise et mise \u00e0 niveau annuellement. <em><strong>Dans la vie nous n\u2019obtenons pas ce que nous m\u00e9ritons, mais ce que l\u2019on sait n\u00e9gocier.<\/strong><\/em><\/p>\n<p><span style=\"color: #ff0000;\">La formation l\u2019Art de N\u00e9gocier e<strong>st admissible \u00e0 l\u2019obtention de 10 UFC (unit\u00e9s de formation continues) aupr\u00e8s de la majorit\u00e9 des Ordres professionnels incluant l\u2019Ordre des Ing\u00e9nieurs, La Chambre de S\u00e9curit\u00e9 Financi\u00e8re CSF et l\u2019Organisme d\u2019auto-r\u00e9glementation du courtage immobilier du Qu\u00e9bec OACIQ.<\/strong><\/span><\/p>\n<p>La Grande \u00c9cole des Affaires donne cette formation en n\u00e9gociation depuis 29 ans. Elle est\u00a0<strong>consid\u00e9r\u00e9e comme une autorit\u00e9.<\/strong> Le contenu de cette formation est r\u00e9vis\u00e9 et adapt\u00e9 chaque ann\u00e9e. En 2019 ajout d&rsquo;interg\u00e9n\u00e9rationnelle et 2020 le cerveau et IA.<\/p>\n<p><strong>L\u2019h\u00f4pital de Hawkesbury est actuellement la deuxi\u00e8me meilleure H\u00f4pital\u00a0 au Canada pour les bons soins de sant\u00e9.<\/strong><\/p>\n<p><strong>(Maclean\u2019s, Source Le Droit 27 ao\u00fbt 2019).<\/strong><\/p>\n<p><em><b>La Grande \u00c9cole des Affaires\u00a0a form\u00e9 l\u2019ensemble du personnel de l\u2019h\u00f4pital de Hawkesbury,\u00a0 incluant m\u00e9decins et haute direction en Attitude patient\/coll\u00e8gues et les gestionnaires en N\u00e9gociation Strat\u00e9gique et Leadership de Gestion.<\/b><\/em><\/p>\n<p><a class=\"button\" href=\"https:\/\/lagrandeecoledesaffaires.com\/index.php\/la-grande-ecole-des-affaires-a-forme-en-attitude-patient-collegue-lensemble-du-personnel-de-lhopital-de-hawkesbury\/\">Voir l\u2019article<\/a><\/p>\n<p><em><strong>Avec La Grande \u00c9cole des Affaires, vous permettez \u00e0 votre \u00e9quipe: d\u2019apprendre rapidement ce que la vie enseigne en plusieurs ann\u00e9es.<\/strong><\/em><\/p>\n<p>Nous offrons de la formation depuis d\u00e9j\u00e0 30 ans et les cas de succ\u00e8s story sont nombreux chez nos clients<\/p>\n<p><em><strong>Cette formation saura capter votre attention, \u00eatre un axe de communication et de partage d\u2019information via le r\u00e9seautage qui se cr\u00e9e parmi les participants. Une occasion d\u2019apprendre rapidement ce que la vie nous enseigne en plusieurs ann\u00e9es. Vous gagnerez du temps.<\/strong><\/em><\/p>\n<p><em><strong>Nos formations Grand Public ont un maximum de 21 participants.<\/strong><\/em><\/p>\n<p><strong>\u00c9tude de\u00a0 RBC Mars\u00a0 sur les pr\u00e9visions en mati\u00e8re d\u2019aptitudes recherch\u00e9es \u00e0 l\u2019\u00e9chelle des professions.\u00a0<\/strong>Parmi les 10 premi\u00e8res sur 35\u00a0: \u00c9coute active, communication sociale, esprit critique, perspicacit\u00e9 sociale, coordination, gestion temps, discernement dans prise de d\u00e9cisions, sens du service, courage et persuasion.<\/p>\n<p>Beaucoup de ces \u00e9l\u00e9ments sont dans la formation que vous visionnez pr\u00e9sentement.<\/p>\n<p><span style=\"color: #ff0000;\"><strong>Un s\u00e9ance de n\u00e9gociation est comme une pi\u00e8ce de th\u00e9\u00e2tre ou les acteurs doivent bien ma\u00eetriser leur r\u00f4le.<\/strong><\/span><\/p>\n<p><strong><em>Nous avons constat\u00e9 que nos \u00e9tudiants en moyenne r\u00e9duisaient leurs co\u00fbts ou augmentaient les marges dans une moyenne de 6% par rapport avant la formation. Les plus exp\u00e9riment\u00e9s 9%, si nous consid\u00e9rons 6% sur des r\u00e9ductions de co\u00fbts et augmentation des marges de profit sur 900,000.$ de transaction par ann\u00e9e cela repr\u00e9sente un gain de 54,000.$ par ann\u00e9e soit 270,000.$ sur 5 ans. Pour une \u00e9quipe de 12 personnes cela repr\u00e9sente 3,240,000.$.\u00a0 <\/em><\/strong>Ces personnes sont des g\u00e9rants de projet, gestionnaires, acheteurs, vendeurs, directeurs de comptes, comptables, avocats, informaticiens, surintendants, service client\u00e8le, vice-pr\u00e9sidents, pr\u00e9sidents et autres. Int\u00e9ressant!<\/p>\n<h2><em><strong>Demain c\u2019est aujourd\u2019hui.<\/strong><\/em><\/h2>\n<h3><strong><img loading=\"lazy\" decoding=\"async\" class=\"alignnone size-full wp-image-1221\" src=\"https:\/\/lagrandeecoledesaffaires.com\/wp-content\/uploads\/2017\/01\/logo-emploiqc.png\" alt=\"\" width=\"169\" height=\"79\" \/><img loading=\"lazy\" decoding=\"async\" class=\"alignnone size-full wp-image-1220\" src=\"https:\/\/lagrandeecoledesaffaires.com\/wp-content\/uploads\/2017\/01\/logo-barreau.png\" alt=\"\" width=\"157\" height=\"79\" \/>\u00a0 \u00a0<\/strong><img loading=\"lazy\" decoding=\"async\" class=\"alignnone wp-image-3415\" src=\"https:\/\/lagrandeecoledesaffaires.com\/wp-content\/uploads\/2019\/10\/logo-csf.jpg\" sizes=\"auto, (max-width: 300px) 100vw, 300px\" srcset=\"https:\/\/lagrandeecoledesaffaires.com\/wp-content\/uploads\/2019\/10\/logo-csf.jpg 847w, https:\/\/lagrandeecoledesaffaires.com\/wp-content\/uploads\/2019\/10\/logo-csf-300x51.jpg 300w, https:\/\/lagrandeecoledesaffaires.com\/wp-content\/uploads\/2019\/10\/logo-csf-768x131.jpg 768w, https:\/\/lagrandeecoledesaffaires.com\/wp-content\/uploads\/2019\/10\/logo-csf-600x103.jpg 600w\" alt=\"\" width=\"300\" height=\"52\" \/>\u00a0 \u00a0 \u00a0 \u00a0 \u00a0 \u00a0 \u00a0 \u00a0<img loading=\"lazy\" decoding=\"async\" class=\" wp-image-3414\" src=\"https:\/\/lagrandeecoledesaffaires.com\/wp-content\/uploads\/2019\/10\/logo-oaciq-1024x432.jpg\" sizes=\"auto, (max-width: 139px) 100vw, 139px\" srcset=\"https:\/\/lagrandeecoledesaffaires.com\/wp-content\/uploads\/2019\/10\/logo-oaciq-1024x432.jpg 1024w, https:\/\/lagrandeecoledesaffaires.com\/wp-content\/uploads\/2019\/10\/logo-oaciq-300x127.jpg 300w, https:\/\/lagrandeecoledesaffaires.com\/wp-content\/uploads\/2019\/10\/logo-oaciq-768x324.jpg 768w, https:\/\/lagrandeecoledesaffaires.com\/wp-content\/uploads\/2019\/10\/logo-oaciq-600x253.jpg 600w, https:\/\/lagrandeecoledesaffaires.com\/wp-content\/uploads\/2019\/10\/logo-oaciq.jpg 1045w\" alt=\"\" width=\"139\" height=\"59\" \/><\/h3>\n<p>&nbsp;<\/p>\n<h3><\/h3>\n<p>+ de 26 000 participants \u00e0 ce jour! Ce cours en n\u00e9gociation strat\u00e9gique a \u00e9t\u00e9 mis \u00e0 niveau pour 2020.<\/p>\n<p><strong>Vous gagnerez \u00e9norm\u00e9ment de temps, \u00e9viterez des erreurs co\u00fbteuse tant au point de vue mon\u00e9taire, \u00e9motionnelle,<\/strong><\/p>\n<p><strong> professio<\/strong><strong>nnelle et personnelle. Votre attitude, votre \u00a0leadership et votre courage manag\u00e9rial seront a l\u2019honneur.<\/strong><\/p>\n<p>Passez de n\u00e9gociateur habile \u00e0 n\u00e9gociateur professionnel. <strong>Ma\u00eetrisez le silence pour mieux communiquer. Le silence est un outil redoutable et a une dimension performative. Le silence est en fait la parole<\/strong><\/p>\n<p><strong>Malcolm Young de AC\/DC,<\/strong>\u00a0savait\u00a0<strong>ma\u00eetriser le silence\u00a0<\/strong>avec sa guitare, il arr\u00eatait de jouer pendants quelques secondes ce qui en faisait un guitariste reconnaissable. AC\/DC ont vendu 200 millions de disques et CD. Rentable en $$$$ et en reconnaissance. Journal de Montr\u00e9al jeudi le 23 Novembre 2017<\/p>\n<p><em><strong>Le savoir change tout. La comp\u00e9titivit\u00e9 d\u2019une soci\u00e9t\u00e9 passe par le savoir qu\u2019elle d\u00e9tient.<\/strong><\/em><\/p>\n<p><em><strong>Raymond Guy Par\u00e9 votre professeur est\u00a0 membre fondateur de la Fondation Paul\u00a0 Henri L\u00e9vesque de la Facult\u00e9 de psychologie de l\u2019Universit\u00e9 Laval et membre fondateur de CORPIC,\u00a0 la plus importante association de propri\u00e9taires immobiliers au Qu\u00e9bec et de Florida First a Boca Raton en Floride Il a \u00e9t\u00e9 aussi membre du comit\u00e9 consultatif sur le comit\u00e9 d\u2019analyse du d\u00e9veloppent des r\u00e9sidences pour personnes autonomes et semi-autonomes pour le gouvernement f\u00e9d\u00e9ral.<\/strong><\/em><\/p>\n<\/div>\n<\/div>\n<\/div>\n<\/div>\n<\/div>\n<div class=\"wpb_column vc_column_container vc_col-sm-12\">\n<div class=\"vc_column-inner \">\n<div class=\"wpb_wrapper\"><\/div>\n<\/div>\n<\/div>\n<\/div>\n<div class=\"vc_row wpb_row vc_row-fluid\">\n<div class=\"wpb_column vc_column_container vc_col-sm-8\">\n<div class=\"vc_column-inner \">\n<div class=\"wpb_wrapper\">\n<div class=\"wpb_text_column wpb_content_element \">\n<div class=\"wpb_wrapper\">\n<p><strong>Cette formation en n\u00e9gociation vous permettra:\u00a0 \u00a0 \u00a0 \u00a0 \u00a0 \u00a0 \u00a0 \u00a0 \u00a0 \u00a0 \u00a0 \u00a0 \u00a0 \u00a0 \u00a0 \u00a0 <img loading=\"lazy\" decoding=\"async\" class=\"wp-image-3782 alignright\" src=\"https:\/\/lagrandeecoledesaffaires.com\/wp-content\/uploads\/2020\/02\/leaders-3.jpg\" alt=\"\" width=\"603\" height=\"403\" srcset=\"https:\/\/lagrandeecoledesaffaires.com\/wp-content\/uploads\/2020\/02\/leaders-3.jpg 849w, https:\/\/lagrandeecoledesaffaires.com\/wp-content\/uploads\/2020\/02\/leaders-3-300x200.jpg 300w, https:\/\/lagrandeecoledesaffaires.com\/wp-content\/uploads\/2020\/02\/leaders-3-768x512.jpg 768w, https:\/\/lagrandeecoledesaffaires.com\/wp-content\/uploads\/2020\/02\/leaders-3-600x400.jpg 600w, https:\/\/lagrandeecoledesaffaires.com\/wp-content\/uploads\/2020\/02\/leaders-3-272x182.jpg 272w\" sizes=\"auto, (max-width: 603px) 100vw, 603px\" \/> \u00a0 \u00a0 \u00a0 \u00a0 \u00a0 \u00a0 \u00a0 \u00a0 \u00a0 \u00a0 \u00a0 \u00a0 \u00a0 \u00a0 \u00a0 \u00a0 \u00a0 \u00a0 \u00a0 \u00a0 \u00a0 \u00a0 \u00a0 \u00a0 \u00a0 \u00a0 \u00a0 \u00a0 \u00a0 \u00a0 \u00a0 \u00a0 \u00a0 \u00a0 \u00a0 \u00a0 \u00a0 \u00a0 \u00a0 \u00a0 \u00a0 \u00a0 \u00a0 \u00a0 \u00a0 \u00a0<\/strong><\/p>\n<p><strong>\u00a0 \u00a0 \u00a0 \u00a0 \u00a0 \u00a0<\/strong><\/p>\n<ul>\n<li>\u00a0LES 12 ATTITUDES GAGNANTES EN N\u00c9GOCIATION<\/li>\n<li>UTILISER UN RELATIONNEL SUBTIL ET EFFICACE<\/li>\n<li>D\u00c9VELOPPER UNE APPROCHE DIPLOMATIQUE<\/li>\n<li>UTILISATION DE TACTIQUES ET STRAT\u00c9GIES STRUCTUR\u00c9ES<\/li>\n<li>UNE PR\u00c9PARATION AD\u00c9QUATE<\/li>\n<li>SAVOIR LE POURQUOI, LE POURQUOI DU POURQUOI (KAISEN)<\/li>\n<li>TRAVAILLER SUR\u00a0UNE COMPR\u00c9HENSION DES ENJEUX R\u00c9CIPROQUES<\/li>\n<li>LA COHABITATION DES G\u00c9N\u00c9RATIONS<\/li>\n<li>SAVOIR MA\u00ceTRISER LE SILENCE ET EN FAIRE UN ALLI\u00c9<\/li>\n<li>D\u00c9VELOPPEMENT D\u2019UNE \u00c9COUTE \u00a0ET D\u2019UNE PAROLE ACTIVE<\/li>\n<li>LE FONCTIONNEMENT DU CERVEAU\u00a0DROIT\u00a0ET\u00a0GAUCHE<\/li>\n<li>TEST \u00caTES- VOUS CERVEAU DROIT OU GAUCHE<\/li>\n<li>S\u2019ADAPTER AUX PERSONNALIT\u00c9S<\/li>\n<li>COMPOSER AVEC DES GENS DIFFICILES ET DE MAUVAISE FOI<\/li>\n<li>UTILISER LE LANGAGE DU CORPS<\/li>\n<li>VISUELS OU AUDITIFS ET SAVOIR COMPOSER\u00a0 \u00a0 \u00a0 \u00a0 \u00a0 \u00a0 \u00a0 \u00a0 \u00a0 \u00a0 \u00a0 \u00a0 \u00a0 \u00a0 \u00a0 \u00a0 \u00a0 \u00a0 \u00a0 \u00a0 \u00a0 \u00a0 \u00a0 \u00a0 \u00a0 \u00a0 \u00a0 \u00a0 \u00a0 \u00a0 <img loading=\"lazy\" decoding=\"async\" class=\"alignnone size-full wp-image-3711\" src=\"https:\/\/lagrandeecoledesaffaires.com\/wp-content\/uploads\/2020\/02\/Collaboration.png\" alt=\"\" width=\"690\" height=\"357\" srcset=\"https:\/\/lagrandeecoledesaffaires.com\/wp-content\/uploads\/2020\/02\/Collaboration.png 690w, https:\/\/lagrandeecoledesaffaires.com\/wp-content\/uploads\/2020\/02\/Collaboration-300x155.png 300w, https:\/\/lagrandeecoledesaffaires.com\/wp-content\/uploads\/2020\/02\/Collaboration-600x310.png 600w\" sizes=\"auto, (max-width: 690px) 100vw, 690px\" \/><\/li>\n<li>N\u00c9GOCIER INTER-G\u00c9N\u00c9RATION<\/li>\n<li>LE CERVEAU ET IA<\/li>\n<li>MAINTENIR UN CONTR\u00d4LE DES SITUATIONS\u00a0 ACCRUES<\/li>\n<li>SAVOIR G\u00c9RER SES \u00c9MOTIONS EN TOUT TEMPS<\/li>\n<li>SAVOIR AM\u00c9LIORER LA COMMUNICATION ENTRE LES DIFF\u00c9RENTS D\u00c9PARTEMENTS,\u00a0SUCCURSALES<\/li>\n<li>AVOIR UN QUESTIONNEMENT EFFICACE ET SAVOIR FINALISER DANS LE RESPECT DES INTERVENANTS<\/li>\n<li>AM\u00c9LIORER LA GESTION DES CONFLITS<\/li>\n<li>SE RAPPELER QUE L\u2019AVENIR EST UN INCONTOURNABLE<\/li>\n<\/ul>\n<p>&nbsp;<\/p>\n<p><b>AETS, Association des \u00e9tudiants de L\u2019\u00c9cole de Technologie Sup\u00e9rieure ETS, N\u00e9gociation et Courage Manag\u00e9rial . Vous connaissez tr\u00e8s bien le contexte op\u00e9rationnel d\u2019un ing\u00e9nieur. Merci de vous \u00eatre adapt\u00e9 a notre profession.<\/b><\/p>\n<p><span style=\"color: #008080;\"><strong>LKQ,<\/strong> <\/span>formation en N\u00e9gociation, formation en Leadership de Gestion, formation en Courage Manag\u00e9rial pour les cadres de l\u2019entreprise au Quebec et Ottawa. Augmentation des ventes et r\u00e9tention client\u00e8le importante.<\/p>\n<p><strong>Seulement 5% des gestionnaires en Am\u00e9rique du Nord ont suivi une formation en N\u00e9gociation (<em>Universit\u00e9 de Harvard<\/em>)<\/strong>.<\/p>\n<p>Les comp\u00e9tences\u00a0 que vous aurez acquises sont \u00e9galement reconnues et accr\u00e9dit\u00e9es par\u00a0 la majorit\u00e9 des ordres professionnelles<\/p>\n<p>Le cours en n\u00e9gociation est offert grand public ou <em><strong>dans votre entreprise ou organisation.<\/strong><\/em><\/p>\n<p>&nbsp;<\/p>\n<div id=\"event_wrapper\">\n<div id=\"event_container_pagination\">\n<div id=\"event_content\" class=\"event_content\">\n<div id=\"event_data-260\" class=\"event_data lart-de-negocier-i-1486057093 event-data-display event-list-display event-display-boxes ui-widget\">\n<h3 id=\"event_title-260\" class=\"event_title ui-widget-header ui-corner-top\"><a id=\"a_event_title-260\" class=\"a_event_title\" title=\"QU\u00c9BEC - Formation Art de n\u00e9gocier\" href=\"https:\/\/lagrandeecoledesaffaires.com\/index.php\/calendrier\/?ee=260\">QU\u00c9BEC &#8211; Formation Art de n\u00e9gocier<\/a><\/h3>\n<div class=\"event-data-display ui-widget-content ui-corner-bottom\">\n<div class=\"event-desc\">\n<p>2 jours de 8 h 30 \u00e0 16 h<\/p>\n<\/div>\n<div class=\"event-meta clearfix\">\n<p id=\"p_event_price-260\" class=\"event_price\"><span class=\"section-title\">Prix :\u00a0<\/span>C$899.00<\/p>\n<p id=\"event_date-260\"><span class=\"section-title\">Date : 6 &amp; 7 mai<\/span>\u00a02020 <a id=\"espresso_ical_260\" class=\"espresso_ical_link\" title=\"Import au format iCal\" href=\"https:\/\/lagrandeecoledesaffaires.com\/?iCal=true&amp;current_year=2019&amp;current_month=12&amp;current_day=16&amp;current_time=144716&amp;event_id=260&amp;ee_reg_id=n5rmivjoq19ebs4tbqusgmsb87-5df7de5af23264.05589143&amp;contact_email=info@lagrandeecoledesaffaires.com&amp;start_year=2020&amp;start_month=02&amp;start_day=17&amp;start_time=083000&amp;end_year=2020&amp;end_month=02&amp;end_day=17&amp;end_time=083000&amp;event_summary=QU%C3%89BEC%20-%20Formation%20Art%20de%20n%C3%A9gocier&amp;ee_reg_url=https:\/\/lagrandeecoledesaffaires.com\/index.php\/calendrier\/?ee=260&amp;site_url=https:\/\/lagrandeecoledesaffaires.com&amp;organization=La%20grande%20%C3%A9cole%20des%20affaires&amp;location=3115,%20Avenue%20des%20H%C3%B4tels%20Qu%C3%A9bec,%20Qu%C3%A9bec%20G1W3Z6%20Canada\"><img decoding=\"async\" src=\"https:\/\/lagrandeecoledesaffaires.com\/wp-content\/plugins\/event-espresso\/images\/icons\/calendar_link.png\" \/><\/a><\/p>\n<\/div>\n<p id=\"register_link-260\" class=\"register-link-footer\"><a id=\"a_register_link-260\" class=\"a_register_link ui-button ui-button-big ui-priority-primary ui-state-default ui-state-hover ui-state-focus ui-corner-all\" title=\"QU\u00c9BEC - Formation Art de n\u00e9gocier\" href=\"https:\/\/lagrandeecoledesaffaires.com\/index.php\/calendrier\/?ee=260\">R\u00e9server en ligne<\/a><\/p>\n<\/div>\n<\/div>\n<div id=\"event_data-267\" class=\"event_data lart-de-negocier-i-1486057093 event-data-display event-list-display event-display-boxes ui-widget\">\n<h3 id=\"event_title-267\" class=\"event_title ui-widget-header ui-corner-top\"><a id=\"a_event_title-267\" class=\"a_event_title\" title=\"MONTR\u00c9AL - Formation Art de n\u00e9gocier\" href=\"https:\/\/lagrandeecoledesaffaires.com\/index.php\/calendrier\/?ee=267\">MONTR\u00c9AL &#8211; Formation Art de n\u00e9gocier<\/a><\/h3>\n<div class=\"event-data-display ui-widget-content ui-corner-bottom\">\n<div class=\"event-desc\">\n<p>2 jours de 8 h 30 \u00e0 16 h.<\/p>\n<\/div>\n<div class=\"event-meta clearfix\">\n<p id=\"p_event_price-267\" class=\"event_price\"><span class=\"section-title\">Prix :\u00a0<\/span>C$899.00<\/p>\n<p id=\"event_date-267\"><span class=\"section-title\">Date : 9 &amp; 10 avril 2020<\/span>\u00a0 @)@)<\/p>\n<p>\u00a0 \u00a0 \u00a0 \u00a0 \u00a0 \u00a0 \u00a0<a id=\"a_register_link-267\" class=\"a_register_link ui-button ui-button-big ui-priority-primary ui-state-default ui-state-hover ui-state-focus ui-corner-all\" style=\"font-weight: inherit;\" title=\"MONTR\u00c9AL - Formation Art de n\u00e9gocier\" href=\"https:\/\/lagrandeecoledesaffaires.com\/index.php\/calendrier\/?ee=267\">R\u00e9server en ligne<\/a><\/p>\n<\/div>\n<\/div>\n<\/div>\n<div id=\"event_data-283\" class=\"event_data lart-de-negocier-i-1486057093 event-data-display event-list-display event-display-boxes ui-widget\">\n<h3 id=\"event_title-283\" class=\"event_title ui-widget-header ui-corner-top\"><a id=\"a_event_title-283\" class=\"a_event_title\" title=\"SAINT-J\u00c9R\u00d4ME - Formation Art de n\u00e9gocier\" href=\"https:\/\/lagrandeecoledesaffaires.com\/index.php\/calendrier\/?ee=283\">SAINT-J\u00c9R\u00d4ME &#8211; Formation Art de n\u00e9gocier<\/a><\/h3>\n<div class=\"event-data-display ui-widget-content ui-corner-bottom\">\n<div class=\"event-desc\">\n<p>2 jours de 8 h 30 \u00e0 16 h.<\/p>\n<\/div>\n<div class=\"event-meta clearfix\">\n<p id=\"p_event_price-283\" class=\"event_price\"><span class=\"section-title\">Prix :\u00a0<\/span>C$899.00<\/p>\n<p id=\"event_date-283\"><span class=\"section-title\">Date :\u00a0<\/span>27 &amp; 28 avril 2020 <a id=\"espresso_ical_283\" class=\"espresso_ical_link\" title=\"Import au format iCal\" href=\"https:\/\/lagrandeecoledesaffaires.com\/?iCal=true&amp;current_year=2019&amp;current_month=12&amp;current_day=16&amp;current_time=144716&amp;event_id=283&amp;ee_reg_id=n5rmivjoq19ebs4tbqusgmsb87-5df7de5af23264.05589143&amp;contact_email=info@lagrandeecoledesaffaires.com&amp;start_year=2020&amp;start_month=04&amp;start_day=29&amp;start_time=105700&amp;end_year=2020&amp;end_month=04&amp;end_day=29&amp;end_time=105700&amp;event_summary=SAINT-J%C3%89R%C3%94ME%20-%20Formation%20Art%20de%20n%C3%A9gocier&amp;ee_reg_url=https:\/\/lagrandeecoledesaffaires.com\/index.php\/calendrier\/?ee=283&amp;site_url=https:\/\/lagrandeecoledesaffaires.com&amp;organization=La%20grande%20%C3%A9cole%20des%20affaires&amp;location=420%20boul%20Monseigneur-Dubois%20Saint-J%C3%A9r%C3%B4me,%20Qu%C3%A9bec%20J7Y%203L8%20Canada\"><img decoding=\"async\" src=\"https:\/\/lagrandeecoledesaffaires.com\/wp-content\/plugins\/event-espresso\/images\/icons\/calendar_link.png\" \/><\/a><\/p>\n<\/div>\n<p id=\"register_link-283\" class=\"register-link-footer\"><a id=\"a_register_link-283\" class=\"a_register_link ui-button ui-button-big ui-priority-primary ui-state-default ui-state-hover ui-state-focus ui-corner-all\" title=\"SAINT-J\u00c9R\u00d4ME - Formation Art de n\u00e9gocier\" href=\"https:\/\/lagrandeecoledesaffaires.com\/index.php\/calendrier\/?ee=283\">R\u00e9server en ligne<\/a><\/p>\n<\/div>\n<\/div>\n<div id=\"event_data-295\" class=\"event_data lart-de-negocier-i-1486057093 event-data-display event-list-display event-display-boxes ui-widget\">\n<h3 id=\"event_title-295\" class=\"event_title ui-widget-header ui-corner-top\"><a id=\"a_event_title-295\" class=\"a_event_title\" title=\"QU\u00c9BEC - Formation Art de n\u00e9gocier\" href=\"https:\/\/lagrandeecoledesaffaires.com\/index.php\/calendrier\/?ee=295\">QU\u00c9BEC &#8211; Formation Art de n\u00e9gocier<\/a><\/h3>\n<div class=\"event-data-display ui-widget-content ui-corner-bottom\">\n<div class=\"event-desc\">\n<p>2 jours de 8 h 30 \u00e0 16 h.<\/p>\n<\/div>\n<div class=\"event-meta clearfix\">\n<p id=\"p_event_price-295\" class=\"event_price\"><span class=\"section-title\">Prix :\u00a0<\/span>C$899.00<\/p>\n<p id=\"event_date-295\"><span class=\"section-title\">Date : 6 &amp; 7<\/span>\u00a0mai 2020 <a id=\"espresso_ical_295\" class=\"espresso_ical_link\" title=\"Import au format iCal\" href=\"https:\/\/lagrandeecoledesaffaires.com\/?iCal=true&amp;current_year=2019&amp;current_month=12&amp;current_day=16&amp;current_time=144716&amp;event_id=295&amp;ee_reg_id=n5rmivjoq19ebs4tbqusgmsb87-5df7de5af23264.05589143&amp;contact_email=francelatreille1@gmail.com&amp;start_year=2020&amp;start_month=05&amp;start_day=20&amp;start_time=080000&amp;end_year=2020&amp;end_month=05&amp;end_day=20&amp;end_time=170000&amp;event_summary=QU%C3%89BEC%20-%20Formation%20Art%20de%20n%C3%A9gocier&amp;ee_reg_url=https:\/\/lagrandeecoledesaffaires.com\/index.php\/calendrier\/?ee=295&amp;site_url=https:\/\/lagrandeecoledesaffaires.com&amp;organization=La%20grande%20%C3%A9cole%20des%20affaires&amp;location=3115%20avenue%20des%20H%C3%B4tels%20Qu%C3%A9bec,%20Qu%C3%A9bec%20G1W3Z6%20Canada\"><img decoding=\"async\" src=\"https:\/\/lagrandeecoledesaffaires.com\/wp-content\/plugins\/event-espresso\/images\/icons\/calendar_link.png\" \/><\/a><\/p>\n<\/div>\n<p id=\"register_link-295\" class=\"register-link-footer\"><a id=\"a_register_link-295\" class=\"a_register_link ui-button ui-button-big ui-priority-primary ui-state-default ui-state-hover ui-state-focus ui-corner-all\" title=\"QU\u00c9BEC - Formation Art de n\u00e9gocier\" href=\"https:\/\/lagrandeecoledesaffaires.com\/index.php\/calendrier\/?ee=295\">R\u00e9server en ligne<\/a><\/p>\n<div class=\"wpb_text_column wpb_content_element \">\n<div class=\"wpb_wrapper\">\n<p>Formation Courage manag\u00e9rial<\/p>\n<p>Cette formation en Courage Manag\u00e9rial est un outil pour faciliter la prise de d\u00e9cision, et ce en am\u00e9liorant vos qualit\u00e9s de gestionnaire.<\/p>\n<p><img loading=\"lazy\" decoding=\"async\" class=\"alignnone size-full wp-image-3744\" src=\"https:\/\/lagrandeecoledesaffaires.com\/wp-content\/uploads\/2020\/02\/lion.jpg\" sizes=\"auto, (max-width: 694px) 100vw, 694px\" srcset=\"https:\/\/lagrandeecoledesaffaires.com\/wp-content\/uploads\/2020\/02\/lion.jpg 694w, https:\/\/lagrandeecoledesaffaires.com\/wp-content\/uploads\/2020\/02\/lion-300x137.jpg 300w, https:\/\/lagrandeecoledesaffaires.com\/wp-content\/uploads\/2020\/02\/lion-600x275.jpg 600w\" alt=\"\" width=\"694\" height=\"318\" \/>___________________________________________________________________<\/p>\n<p><b>Nous devons r\u00e9duire la bureaucratie, donner davantage\u00a0de pouvoir aux managers, acc\u00e9l\u00e9rer la prise de d\u00e9cision et r\u00e9duire nos co\u00fbts.<\/b><em>\u00a0Jim Hackett PDG Ford,\u00a0Journal Montr\u00e9al, 21 mai 2019.\u00a0<\/em><strong>C\u2019est cela le Courage Manag\u00e9rial.<\/strong><\/p>\n<p><strong>L\u2019h\u00f4pital de Hawkesbury est actuellement la deuxi\u00e8me meilleure H\u00f4pital\u00a0 au Canada pour les bons soins de sant\u00e9.<\/strong><\/p>\n<p><strong>(Maclean\u2019s, Source Le Droit 27 ao\u00fbt 2019).<\/strong><\/p>\n<p><em><b>La Grande \u00c9cole des Affaires\u00a0a form\u00e9 l\u2019ensemble du personnel de l\u2019h\u00f4pital de Hawkesbury,\u00a0 incluant m\u00e9decins et haute direction en Attitude patient\/coll\u00e8gues et les gestionnaires en N\u00e9gociation Strat\u00e9gique et Leadership de Gestion.<\/b><\/em><\/p>\n<p><em><strong>Avec La Grande \u00c9cole des Affaires, vous permettez \u00e0 votre \u00e9quipe: d\u2019apprendre rapidement ce que la vie enseigne en plusieurs ann\u00e9es.<\/strong><\/em><\/p>\n<p>Nous offrons de la formation depuis d\u00e9j\u00e0 30 ans et les cas de succ\u00e8s story sont nombreux chez nos clients<\/p>\n<p>___________________________________________________________________<\/p>\n<p><strong><img loading=\"lazy\" decoding=\"async\" class=\"size-full wp-image-3850 alignright\" src=\"https:\/\/lagrandeecoledesaffaires.com\/wp-content\/uploads\/2020\/02\/agence-spaciale-5.jpg\" alt=\"\" width=\"369\" height=\"512\" srcset=\"https:\/\/lagrandeecoledesaffaires.com\/wp-content\/uploads\/2020\/02\/agence-spaciale-5.jpg 369w, https:\/\/lagrandeecoledesaffaires.com\/wp-content\/uploads\/2020\/02\/agence-spaciale-5-216x300.jpg 216w\" sizes=\"auto, (max-width: 369px) 100vw, 369px\" \/>\u00a0Le courage est-il inn\u00e9 ou il s\u2019apprend et se d\u00e9veloppe?\u00a0 \u00a0 \u00a0 \u00a0 \u00a0 \u00a0 \u00a0 \u00a0 \u00a0 \u00a0 \u00a0 \u00a0 \u00a0 \u00a0 \u00a0 \u00a0 \u00a0 \u00a0 \u00a0 \u00a0 \u00a0 \u00a0 \u00a0 \u00a0 \u00a0 \u00a0 \u00a0 \u00a0<\/strong><\/p>\n<p>Les swaps team (arm\u00e9s, policiers, pompiers) sont form\u00e9s pour \u00eatre courageux.\u00a0<strong><em>Le hasard n\u2019existe pas(\u00a0K.O. Schmidt)<\/em><\/strong><\/p>\n<p>Le courage de prendre des d\u00e9cisions difficiles. Le courage d\u2019assumer ses d\u00e9cisions et \u00eatre dans l\u2019action.<\/p>\n<p>Le courage de v\u00e9hiculer la responsabilisation.<\/p>\n<p>Le courage de supporter la haute direction dans leur prise de d\u00e9cision.<\/p>\n<p>Le courage de v\u00e9hiculer d\u2019assumer les actes de ses employ\u00e9s sous sa supervision.<\/p>\n<p>Le courage de d\u00e9l\u00e9guer et de superviser cette d\u00e9l\u00e9gation<\/p>\n<p>Le courage de poser les bonnes questions. Le courage d\u2019\u00e9couter les r\u00e9ponses en laissant son interlocuteur aller au bout de son id\u00e9e.<\/p>\n<p>Le courage d\u2019\u00eatre soi-m\u00eame, heureux et respect\u00e9. Cela augmentera votre qualit\u00e9 de vie au travail et a la maison<\/p>\n<p>______________________________________________________<\/p>\n<p><strong><em>Courage<\/em><\/strong><\/p>\n<p><strong><em>La vie m\u2019a donn\u00e9 les outils pour (surmonter les obstacles). La fa\u00e7on dont j\u2019ai \u00e9t\u00e9 \u00e9lev\u00e9, ma force int\u00e9rieure et mon courage m\u2019ont permis de continuer mon chemin.<\/em><\/strong><\/p>\n<p><strong><em>C\u00e9line Dion, Journal de Montr\u00e9al, 4 avril 2019<\/em><\/strong><\/p>\n<p>________________________________________________<\/p>\n<p><em><strong>Vous \u00eates les guerriers de votre vie. Qu\u2019allez vous en faire? La confiance en soi,le pardon,\u00a0le courage?<\/strong><\/em><\/p>\n<p><em><strong>Oprah Winfrey,( Issue d\u2019un milieu d\u00e9favoris\u00e9) Centre Bell, 16 juin 2019, Journal de Montr\u00e9al 17 juin 2019<\/strong><\/em><\/p>\n<p>________________________________________________<\/p>\n<p><strong><em>Vos employ\u00e9s ne quittent pas pour une augmentation de salaire mais une augmentation de la reconnaissance et de la valorisation.<\/em><\/strong><\/p>\n<p><b><img loading=\"lazy\" decoding=\"async\" class=\"wp-image-3681 alignright\" src=\"https:\/\/lagrandeecoledesaffaires.com\/wp-content\/uploads\/2020\/02\/reconnaissance.jpg\" sizes=\"auto, (max-width: 406px) 100vw, 406px\" srcset=\"https:\/\/lagrandeecoledesaffaires.com\/wp-content\/uploads\/2020\/02\/reconnaissance.jpg 640w, https:\/\/lagrandeecoledesaffaires.com\/wp-content\/uploads\/2020\/02\/reconnaissance-300x169.jpg 300w, https:\/\/lagrandeecoledesaffaires.com\/wp-content\/uploads\/2020\/02\/reconnaissance-600x338.jpg 600w\" alt=\"\" width=\"406\" height=\"228\" \/>Le choc de L\u2019IA va faire mal, tr\u00e8s mal aux Canadiens<\/b><\/p>\n<ul>\n<li><strong>49% des employeurs affirme que leurs employ\u00e9s vont \u00eatre oblig\u00e9s d\u2019acqu\u00e9rir de nouvelles comp\u00e9tences<\/strong><\/li>\n<li><strong>49% des employeurs que leur organisation va buter sur la sempiternel \u00e9cueil de la r\u00e9sistance au changement<\/strong><\/li>\n<li><strong>57% des employeurs: am\u00e9liorer Le Leadership, 50% La Collaboration, 49% La Communication,42% L\u2019intelligence \u00c9motionnelle<\/strong><\/li>\n<\/ul>\n<p><strong>Les Affaires le 6 juin 2019<\/strong><\/p>\n<p><strong>Formation des membres de l\u2019Association des \u00e9tudiants de l\u2019\u00c9cole de Haute Technologie Sup\u00e9rieure AETS en Courage Manag\u00e9rial\u00a0<\/strong><strong>Voir le courage comme une gestion de projet<\/strong>\u00a0ou le leader est capable de donner l\u2019exemple, est respectueux mais ferme et utilise l\u2019humilit\u00e9 avec tact.<\/p>\n<p>La notion de respect doit \u00eatre votre priorit\u00e9. Respect que vous octroyez aux autres et respect que vous exigez d\u2019eux. \u00a0Ne rien prendre personnellement et d\u00e9velopper une strat\u00e9gie pour y arriver et ce pour votre bien \u00eatre personnel et celui de votre \u00e9quipe.<\/p>\n<p>Le stress g\u00e9n\u00e9r\u00e9 par le\u00a0 manque de courage: Pr\u00e8s de 39% des professionnels dorment mal en raison de leur travail. Les Affaires 24 Mars 2018.<\/p>\n<p><strong><em>\u00abLes occasions de prosp\u00e9rer ne manquent pas chez nous.C\u2019est plut\u00f4t le courage et la volont\u00e9 qui nous font cruellement d\u00e9faut\u00bb<\/em><\/strong>\u00a0 \u00a0\u00a0Jonathan\u00a0Trudeau, Chroniquer et analyste politique<\/p>\n<p>Le savoir change tout. La comp\u00e9titivit\u00e9 d\u2019une soci\u00e9t\u00e9 passe par le savoir qu\u2019elle d\u00e9tient.<\/p>\n<p><strong>Cette formation en Courage Manag\u00e9rial permet:<\/strong><\/p>\n<ul>\n<li>SAISIR LES 6 SIGNES LORSQU\u2019UN GESTIONNAIRE MANQUE DE COURAGE MANAG\u00c9RIAL<\/li>\n<li>UTILISER LES 4 LEVIERS DU COURAGE<\/li>\n<li>LES 12 ATTITUDES GAGNANTES<\/li>\n<li>LE COURAGE DE DIRE NON<\/li>\n<li>OPTER POUR LE COURAGE: QUELS B\u00c9N\u00c9FICES<\/li>\n<li>LE COURAGE UNE VERTU N\u00c9CESSAIRE POUR L\u2019ENTREPRISE<\/li>\n<li>LA CONSCIENCE DE SOI COMME LEVIER DE D\u00c9VELOPPEMENT DE SA ZONE DE CONFORT<\/li>\n<li>APPR\u00c9HENDER SON TYPE DE PERSONNALIT\u00c9<\/li>\n<li>LE COURAGE EN \u00c9QUIPE<\/li>\n<li>L\u2019EFFET BOOMERANG DU\u00a0<strong>\u00a0<em>JE<\/em><\/strong>\u00a0AU\u00a0<strong><em>NOUS<\/em><\/strong><\/li>\n<li>LA CONTRIBUTION \u00c0 LA R\u00c9USSITE DE L\u2019\u00c9QUIPE\u00a0 \u00a0 \u00a0 \u00a0 \u00a0 \u00a0 \u00a0 \u00a0 \u00a0 \u00a0 \u00a0 \u00a0 \u00a0 \u00a0 \u00a0 \u00a0 \u00a0 \u00a0 \u00a0 \u00a0 \u00a0 \u00a0 \u00a0 \u00a0 \u00a0 \u00a0 \u00a0 \u00a0 \u00a0 \u00a0 \u00a0 \u00a0 \u00a0 \u00a0 \u00a0 \u00a0 \u00a0 \u00a0 \u00a0 \u00a0 \u00a0 \u00a0 \u00a0 \u00a0 \u00a0 \u00a0 \u00a0 \u00a0 \u00a0 \u00a0 \u00a0 \u00a0 \u00a0<img loading=\"lazy\" decoding=\"async\" class=\"wp-image-3045 alignright\" src=\"https:\/\/lagrandeecoledesaffaires.com\/wp-content\/uploads\/2019\/05\/comment-etablir-une-bonne-cohesion-dequipe-dans-une-entreprise-1024x623.jpg\" sizes=\"auto, (max-width: 449px) 100vw, 449px\" srcset=\"https:\/\/lagrandeecoledesaffaires.com\/wp-content\/uploads\/2019\/05\/comment-etablir-une-bonne-cohesion-dequipe-dans-une-entreprise-1024x623.jpg 1024w, https:\/\/lagrandeecoledesaffaires.com\/wp-content\/uploads\/2019\/05\/comment-etablir-une-bonne-cohesion-dequipe-dans-une-entreprise-300x183.jpg 300w, https:\/\/lagrandeecoledesaffaires.com\/wp-content\/uploads\/2019\/05\/comment-etablir-une-bonne-cohesion-dequipe-dans-une-entreprise-768x467.jpg 768w, https:\/\/lagrandeecoledesaffaires.com\/wp-content\/uploads\/2019\/05\/comment-etablir-une-bonne-cohesion-dequipe-dans-une-entreprise-600x365.jpg 600w, https:\/\/lagrandeecoledesaffaires.com\/wp-content\/uploads\/2019\/05\/comment-etablir-une-bonne-cohesion-dequipe-dans-une-entreprise.jpg 1150w\" alt=\"\" width=\"449\" height=\"273\" \/><\/li>\n<li>COMPOSER UNE \u00c9QUIPE<\/li>\n<li>VIVRE ET TRAVAILLER EN HARMONIE EN \u00c9QUIPE<\/li>\n<\/ul>\n<p>On admire un leader qui utilise les techniques d\u00e9crites, car\u00a0<strong><em>on le sait juste et responsable.<\/em><\/strong>\u00a0Cette formation en Courage Manag\u00e9rial touche aussi le management, les ressources humaines, la gestion de projets, le marketing et la communication.Cela \u00a0pourrait vous \u00eatre aussi tr\u00e8s utile dans votre vie personnelle.<\/p>\n<p><strong>Shaquem Griffin\u00a0a fait son chemin vers la NFL m\u00eame s\u2019il a subi l\u2019amputation de la main gauche<\/strong>\u00a0\u00e0 quatre ans.\u00a0 \u00c0 vrai dire, il \u00e9tait le seul \u00e0\u00a0 y croire. (Journal de Montr\u00e9al ,4 Mars 2018). Toute une le\u00e7on de courage. Cela prend beaucoup de courage pour r\u00e9aliser ses r\u00eaves et atteindre ses objectifs personnels et professionnels.<\/p>\n<p>\u00catre capable de dire non! et aussi oui. \u00catre capable de reconna\u00eetre les bons coups et de savoir valoriser quand la situation y est propice. G\u00e9rer ses \u00e9motions et toujours avoir l\u2019attitude appropri\u00e9. C\u2019est le profil d\u2019un bon gestionnaire qui va chercher le meilleur et le maximum de son \u00e9quipe tout en les respectant.<\/p>\n<p><em><strong>According to many scientist and psychologist, the secret to a long and healthy life lie not in a balanced diet or regular exercise\u00a0 but\u00a0 in one hability to swear\u00a0 with abandon.<\/strong><\/em><\/p>\n<p><strong>Kamal al-Solaylee, Sharp Magazine, Avril 2019<\/strong><\/p>\n<p><strong><em>Cette formation Courage Manag\u00e9rial se donne adapt\u00e9e dans votre organisation. Jumel\u00e9e avec la formation Leadership de Gestion et Gestion du temps vous serez surpris des r\u00e9sultats que vous obtiendrez avec votre \u00e9quipe<\/em><\/strong><\/p>\n<p><img loading=\"lazy\" decoding=\"async\" class=\"wp-image-3053 alignright\" src=\"https:\/\/lagrandeecoledesaffaires.com\/wp-content\/uploads\/2019\/05\/leaders-7.jpg\" sizes=\"auto, (max-width: 271px) 100vw, 271px\" srcset=\"https:\/\/lagrandeecoledesaffaires.com\/wp-content\/uploads\/2019\/05\/leaders-7.jpg 500w, https:\/\/lagrandeecoledesaffaires.com\/wp-content\/uploads\/2019\/05\/leaders-7-150x150.jpg 150w, https:\/\/lagrandeecoledesaffaires.com\/wp-content\/uploads\/2019\/05\/leaders-7-300x300.jpg 300w\" alt=\"\" width=\"271\" height=\"271\" \/><\/p>\n<p>Cette formation est une occasion d\u2019apprendre rapidement ce que la vie nous enseigne en plusieurs ann\u00e9es. Vous gagnerez du temps et r\u00e9duirez vos co\u00fbts d\u2019op\u00e9ration.<\/p>\n<p>Le cours. Le Courage Manag\u00e9rial se donne \u00e0 Montr\u00e9al, St-J\u00e9r\u00f4me, Qu\u00e9bec, en grand public et partout au Canada et en Europe en entreprise.<\/p>\n<\/div>\n<\/div>\n<div class=\"wpb_video_widget wpb_content_element vc_clearfix vc_video-aspect-ratio-169 vc_video-el-width-100 vc_video-align-left\">\n<div class=\"wpb_wrapper\">\n<h2 class=\"wpb_heading wpb_video_heading\">Entrevue Radio-France<\/h2>\n<\/div>\n<\/div>\n<\/div>\n<\/div>\n<\/div>\n<\/div>\n<\/div>\n<\/div>\n<\/div>\n<\/div>\n<\/div>\n<\/div>\n<\/div>\n","protected":false},"excerpt":{"rendered":"<p>La n\u00e9gociation est omnipr\u00e9sente dans toutes les relations humaines \u00e0 un moment ou un autre. Le n\u00e9gociateur doit \u00eatre capable de s\u2019adapter.\u00a0 Dans la vie l&rsquo;on n\u2019obtient pas ce que nous m\u00e9ritons, mais ce que nous n\u00e9gocions. Il y a 2 \u00e9coles de pens\u00e9e en Am\u00e9rique du Nord. L\u2019Universit\u00e9 Yale, r\u00e9publicaine ou la philosophie est:&hellip;&nbsp;<\/p>\n","protected":false},"author":2,"featured_media":3698,"comment_status":"open","ping_status":"open","sticky":false,"template":"","format":"standard","meta":{"neve_meta_sidebar":"","neve_meta_container":"","neve_meta_enable_content_width":"","neve_meta_content_width":0,"neve_meta_title_alignment":"","neve_meta_author_avatar":"","neve_post_elements_order":"","neve_meta_disable_header":"","neve_meta_disable_footer":"","neve_meta_disable_title":"","footnotes":""},"categories":[30],"tags":[],"class_list":["post-3911","post","type-post","status-publish","format-standard","has-post-thumbnail","hentry","category-infolettre"],"_links":{"self":[{"href":"https:\/\/lagrandeecoledesaffaires.com\/index.php\/wp-json\/wp\/v2\/posts\/3911","targetHints":{"allow":["GET"]}}],"collection":[{"href":"https:\/\/lagrandeecoledesaffaires.com\/index.php\/wp-json\/wp\/v2\/posts"}],"about":[{"href":"https:\/\/lagrandeecoledesaffaires.com\/index.php\/wp-json\/wp\/v2\/types\/post"}],"author":[{"embeddable":true,"href":"https:\/\/lagrandeecoledesaffaires.com\/index.php\/wp-json\/wp\/v2\/users\/2"}],"replies":[{"embeddable":true,"href":"https:\/\/lagrandeecoledesaffaires.com\/index.php\/wp-json\/wp\/v2\/comments?post=3911"}],"version-history":[{"count":3,"href":"https:\/\/lagrandeecoledesaffaires.com\/index.php\/wp-json\/wp\/v2\/posts\/3911\/revisions"}],"predecessor-version":[{"id":3914,"href":"https:\/\/lagrandeecoledesaffaires.com\/index.php\/wp-json\/wp\/v2\/posts\/3911\/revisions\/3914"}],"wp:featuredmedia":[{"embeddable":true,"href":"https:\/\/lagrandeecoledesaffaires.com\/index.php\/wp-json\/wp\/v2\/media\/3698"}],"wp:attachment":[{"href":"https:\/\/lagrandeecoledesaffaires.com\/index.php\/wp-json\/wp\/v2\/media?parent=3911"}],"wp:term":[{"taxonomy":"category","embeddable":true,"href":"https:\/\/lagrandeecoledesaffaires.com\/index.php\/wp-json\/wp\/v2\/categories?post=3911"},{"taxonomy":"post_tag","embeddable":true,"href":"https:\/\/lagrandeecoledesaffaires.com\/index.php\/wp-json\/wp\/v2\/tags?post=3911"}],"curies":[{"name":"wp","href":"https:\/\/api.w.org\/{rel}","templated":true}]}}