{"id":3862,"date":"2020-02-16T12:09:46","date_gmt":"2020-02-16T17:09:46","guid":{"rendered":"https:\/\/lagrandeecoledesaffaires.com\/?p=3862"},"modified":"2020-05-10T12:21:00","modified_gmt":"2020-05-10T16:21:00","slug":"leadership-et-courage-managerialgestionnaire-efficient","status":"publish","type":"post","link":"https:\/\/lagrandeecoledesaffaires.com\/index.php\/leadership-et-courage-managerialgestionnaire-efficient\/","title":{"rendered":"Leadership, Gestion changement et Mobilisation d&rsquo;\u00e9quipe: Formation distance avec La Grande \u00c9cole."},"content":{"rendered":"<p><img loading=\"lazy\" decoding=\"async\" class=\"wp-image-3817 alignright\" src=\"https:\/\/lagrandeecoledesaffaires.com\/wp-content\/uploads\/2020\/02\/Como-montar-uma-equipe-comercial-de-alta-performance.jpg\" alt=\"\" width=\"383\" height=\"255\" srcset=\"https:\/\/lagrandeecoledesaffaires.com\/wp-content\/uploads\/2020\/02\/Como-montar-uma-equipe-comercial-de-alta-performance.jpg 800w, https:\/\/lagrandeecoledesaffaires.com\/wp-content\/uploads\/2020\/02\/Como-montar-uma-equipe-comercial-de-alta-performance-300x200.jpg 300w, https:\/\/lagrandeecoledesaffaires.com\/wp-content\/uploads\/2020\/02\/Como-montar-uma-equipe-comercial-de-alta-performance-768x513.jpg 768w, https:\/\/lagrandeecoledesaffaires.com\/wp-content\/uploads\/2020\/02\/Como-montar-uma-equipe-comercial-de-alta-performance-600x401.jpg 600w, https:\/\/lagrandeecoledesaffaires.com\/wp-content\/uploads\/2020\/02\/Como-montar-uma-equipe-comercial-de-alta-performance-272x182.jpg 272w\" sizes=\"auto, (max-width: 383px) 100vw, 383px\" \/><\/p>\n<p><em><span style=\"color: #0000ff;\">Toutes nos formations on \u00e9t\u00e9 actualis\u00e9 en avril afin de s&rsquo;adapter au nouveau contexte social et \u00e9conomique actuel. La grande \u00c9cole des Affaire avec vous depuis 30 ans.<\/span><\/em><\/p>\n<p><span style=\"color: #ff0000;\"><strong>Leadership:<\/strong> <\/span>Un ensemble d&rsquo;aptitudes inn\u00e9es ou acquises qui conf\u00e8re un pouvoir d&rsquo;influence sur les autres. C&rsquo;est la possibilit\u00e9 d&rsquo;amener un individu ou un groupe a agir volontairement dans le sens souhait\u00e9.<\/p>\n<p><span style=\"color: #0000ff;\"><strong>Gravir les \u00e9chelons:<\/strong><\/span> Le leadership et le courage manag\u00e9rial sont des atouts majeurs dans le contexte organisationnel. Ceux et celles qui en font preuve gravissent plus ais\u00e9ment les \u00e9chelons et parviennent \u00e0 atteindre, voire \u00e0 d\u00e9passer les objectifs\u00a0 fix\u00e9s.<\/p>\n<p><span style=\"color: #0000ff;\">Profitez de cette p\u00e9riode pour bonifier votre CV en allant chercher des atouts appr\u00e9cies par les entreprises. Investissez dans votre carri\u00e8re car on ne sait pas a quoi ressemblera le march\u00e9 du travail cet automne. Demain c&rsquo;est aujourd&rsquo;hui.<\/span><\/p>\n<p><span style=\"color: #ff0000;\"><strong>Gestion du changement: <\/strong><span style=\"color: #000000;\">Comprendre le changement, c&rsquo;est comprendre un ensemble complexe de ph\u00e9nom\u00e8nes dont les assises de la r\u00e9ussite du changement,les facteurs critiques, la pr\u00e9paration, les attitudes, les objectifs, les r\u00e9sistances et la notion de pouvoir. C&rsquo;est tout un d\u00e9fi et la formation est un outil et facteur cl\u00e9 de sa r\u00e9ussite.<\/span><\/span><\/p>\n<p><span style=\"color: #0000ff;\"><strong>Courage<\/strong>:<\/span> Ma capacit\u00e9 et ma d\u00e9termination \u00e0 relever des d\u00e9fis, \u00e0 aller au-del\u00e0 de moi-m\u00eame. <em><strong>Il faut plus de courage pour \u00eatre heureux que malheureux. RG<\/strong><\/em><\/p>\n<p><img loading=\"lazy\" decoding=\"async\" class=\"wp-image-3893 alignleft\" src=\"https:\/\/lagrandeecoledesaffaires.com\/wp-content\/uploads\/2020\/02\/Defis-1024x768.png\" alt=\"\" width=\"279\" height=\"210\" srcset=\"https:\/\/lagrandeecoledesaffaires.com\/wp-content\/uploads\/2020\/02\/Defis-1024x768.png 1024w, https:\/\/lagrandeecoledesaffaires.com\/wp-content\/uploads\/2020\/02\/Defis-300x225.png 300w, https:\/\/lagrandeecoledesaffaires.com\/wp-content\/uploads\/2020\/02\/Defis-768x576.png 768w, https:\/\/lagrandeecoledesaffaires.com\/wp-content\/uploads\/2020\/02\/Defis-600x450.png 600w, https:\/\/lagrandeecoledesaffaires.com\/wp-content\/uploads\/2020\/02\/Defis.png 1500w\" sizes=\"auto, (max-width: 279px) 100vw, 279px\" \/><\/p>\n<p><span style=\"color: #ff0000;\"><strong>Courage manag\u00e9rial:<\/strong><\/span> Ma capacit\u00e9 \u00e0 amener mon \u00e9quipe \u00e0 relever des d\u00e9fis, \u00e0 aller au-del\u00e0 d&rsquo;eux-m\u00eames. Le danger est d&rsquo;\u00eatre uniquement sur l&rsquo;adr\u00e9naline. Il faut une mobilisation durable.<\/p>\n<p>Comment cr\u00e9er les bonnes conditions pour se mobiliser ensemble: confiance, attitude, \u00e9quit\u00e9, justice,optimisme g\u00e9rer le climat \u00e9motif.<\/p>\n<p><strong><span style=\"color: #0000ff;\">Gestion temps, stressssss, priorit\u00e9s et anxi\u00e9t\u00e9<\/span><\/strong>;Le temps impartit a tous les humains et il est beaucoup plus facile de se laisser emporter par le courant que de tenir son cap. La gestion de son stress et de ses \u00e9motions permet de mieux s&rsquo;adapter et de r\u00e9agir aux situations et d&rsquo;avoir un \u00e9quilibre.<\/p>\n<p><span style=\"color: #339966;\"><em><strong>Le leadership, le Courage Manag\u00e9rial , la Gestion du Changement , la Gestion Temps, Stress, Priorit\u00e9s et Anxi\u00e9t\u00e9 sont-ils inn\u00e9s ou il s\u2019apprend et se d\u00e9veloppe? <span style=\"color: #ff0000;\">Inscrivez vous en ligne: www.lagrandeecoledesaffaires.com depuis 30 ans<\/span><\/strong><\/em><\/span><\/p>\n<p>Chaque formation en ligne vous procure 4 UFC\u00a0 189,$\u00a0 et 7 UFC en classe conventionnelle 349,$. plus taxes ou 0$ avec subvention Emploi Qu\u00e9bec.<\/p>\n<p><span style=\"color: #0000ff;\"><strong>Leadership<\/strong><\/span><\/p>\n<p>Ma capacit\u00e9 \u00e0 m&rsquo;entourer et d\u00e9l\u00e9guer ad\u00e9quatement<\/p>\n<p>L&rsquo;habilet\u00e9 \u00e0 planifier, organiser et communiquer<\/p>\n<p>La maturit\u00e9, le sens des responsabilit\u00e9s et l&rsquo;engagement<\/p>\n<p>Amener les autres \u00e0 vouloir faire partie de l&rsquo;\u00e9quipe<\/p>\n<p>Bien saisir les motivations en pr\u00e9sence et s&rsquo;en servir pour pousser ses coll\u00e8gues \u00e0 se surpasser<\/p>\n<p><span style=\"color: #ff6600;\"><strong>Courage manag\u00e9rial\u00a0 \u00a0 \u00a0 \u00a0 \u00a0 \u00a0 \u00a0 \u00a0 \u00a0 \u00a0 \u00a0 \u00a0 \u00a0\u00a0<\/strong><\/span><\/p>\n<p>Le courage\u00a0 de prendre des d\u00e9cisions difficiles<\/p>\n<p>Le courage d\u2019assumer ses d\u00e9cisions et \u00eatre dans l&rsquo;action\u00a0 \u00a0 \u00a0 \u00a0 \u00a0 \u00a0 \u00a0 <img loading=\"lazy\" decoding=\"async\" class=\"wp-image-3885 alignleft\" src=\"https:\/\/lagrandeecoledesaffaires.com\/wp-content\/uploads\/2020\/02\/agence-spaciale-8-1024x575.jpg\" alt=\"\" width=\"350\" height=\"197\" srcset=\"https:\/\/lagrandeecoledesaffaires.com\/wp-content\/uploads\/2020\/02\/agence-spaciale-8-1024x575.jpg 1024w, https:\/\/lagrandeecoledesaffaires.com\/wp-content\/uploads\/2020\/02\/agence-spaciale-8-300x168.jpg 300w, https:\/\/lagrandeecoledesaffaires.com\/wp-content\/uploads\/2020\/02\/agence-spaciale-8-768x431.jpg 768w, https:\/\/lagrandeecoledesaffaires.com\/wp-content\/uploads\/2020\/02\/agence-spaciale-8-600x337.jpg 600w, https:\/\/lagrandeecoledesaffaires.com\/wp-content\/uploads\/2020\/02\/agence-spaciale-8.jpg 1140w\" sizes=\"auto, (max-width: 350px) 100vw, 350px\" \/><\/p>\n<p>Le courage de v\u00e9hiculer la responsabilisation<\/p>\n<p>Le courage de supporter la haute direction dans leur prise de d\u00e9cision<\/p>\n<p>Le courage de v\u00e9hiculer l\u2019assumassions des actes de ses employ\u00e9s sous sa supervision<\/p>\n<p>Le courage de d\u00e9l\u00e9guer et de superviser cette d\u00e9l\u00e9gation<\/p>\n<p>Le courage de\u00a0 poser les bonnes questions<\/p>\n<p>Le courage d\u2019\u00e9couter les r\u00e9ponses en laissant son interlocuteur aller au bout de son id\u00e9e<\/p>\n<p><strong><em>Le courage de guider ses enfants vers un avenir<\/em><\/strong><\/p>\n<p><strong><em>Le courage d&rsquo;\u00eatre soi-m\u00eame, heureux et respect\u00e9.<\/em><\/strong><\/p>\n<p>Ajoutez du leadership et\u00a0 du courage dans votre vie. Cela augmentera votre qualit\u00e9 de vie au travail et \u00e0 la maison .<\/p>\n<p><strong>L\u2019h\u00f4pital de Hawkesbury est actuellement la deuxi\u00e8me meilleure H\u00f4pital\u00a0 au Canada pour les bons soins de sant\u00e9.<\/strong><\/p>\n<p><strong>(Maclean\u2019s, Source Le Droit 27 ao\u00fbt 2019).\u00a0<a href=\"https:\/\/lagrandeecoledesaffaires.com\/index.php\/la-grande-ecole-des-affaires-a-forme-en-attitude-patient-collegue-lensemble-du-personnel-de-lhopital-de-hawkesbury\/\">Voir l\u2019article<\/a><\/strong><\/p>\n<p><em><b>La Grande \u00c9cole des Affaires\u00a0a form\u00e9 l\u2019ensemble du personnel de l\u2019h\u00f4pital de Hawkesbury,\u00a0 incluant m\u00e9decins et haute direction en Attitude patient\/coll\u00e8gues et les gestionnaires en N\u00e9gociation Strat\u00e9gique et Leadership de Gestion.<\/b><\/em><\/p>\n<p>Temps d\u2019attente a l\u2019urgence f\u00e9vrier 2020: Entre 1H30 et 2H !<\/p>\n<p><span style=\"color: #ff0000;\"><strong><em>Courage<\/em><\/strong><\/span><\/p>\n<p><span style=\"color: #ff0000;\"><strong><em>La vie m&rsquo;a donn\u00e9 les outils pour (surmonter les obstacles). La fa\u00e7on dont j&rsquo;ai \u00e9t\u00e9 \u00e9lev\u00e9 ainsi que ma force int\u00e9rieure et mon courage m&rsquo;ont permis de continuer mon chemin.<\/em><\/strong><\/span><\/p>\n<p><span style=\"color: #ff0000;\"><strong><em>C\u00e9line Dion, Journal de Montr\u00e9al, 4 avril 2019<\/em><\/strong><\/span><\/p>\n<p><strong><em>Ces formations se donne aussi adapt\u00e9e dans votre organisation. Vous serez surpris des r\u00e9sultats que vous obtiendrez avec votre \u00e9quipe.<\/em><\/strong><\/p>\n<p><span style=\"color: #ff0000;\">Nouveau :Certificat en N\u00e9gociation Strat\u00e9gique.<\/span><\/p>\n<p><span style=\"color: #ff0000;\">Ce certificat CNS s&rsquo;obtient en 28 heures de formation th\u00e9orique et 17 heures de travaux individuels coach\u00e9 par le formateur. Ce certificat CNS vous permettra de vous distinguer et de progresser plus rapidement tant professionnellement que financi\u00e8rement. Reconnu par la majorit\u00e9 des Ordres professionnels comme partenaire en formation continue.<\/span><\/p>\n<p><strong>www.lagrandeecoledesaffaires.com<\/strong><\/p>\n<p>info@lagrandeecoledesaffaires.com<\/p>\n<p><span style=\"color: #3366ff;\">Linken: 30,000 abonn\u00e9es<\/span><\/p>\n<p><span style=\"color: #3366ff;\">La Grande \u00c9cole: 40,000 abonn\u00e9es, Abonnez vous sur le site internet www.lagrandeecoledesaffaires.com<\/span><\/p>\n<p><strong><em>Vos employ\u00e9s ne quittent pas pour une augmentation de salaire, mais une augmentation de la reconnaissance et de la valorisation.<\/em><\/strong><\/p>\n<p><em><strong>D\u00e9sirer est essentiel \u00e0 la motivation, mais c&rsquo;est la d\u00e9termination et l&rsquo;engagement total \u00e0 atteindre son but, viser l&rsquo;excellence, qui assurent le succ\u00e8s. (\u00a0<\/strong><\/em><strong>Mario Andretti )<\/strong><\/p>\n<p><strong><em>Le hasard n&rsquo;existe pas ( K.O. Schmidt)<\/em><\/strong><\/p>\n<p><strong><em>Demain c\u2019est aujourd\u2019hui<\/em><\/strong><\/p>\n<p>___________________________________________________________________<\/p>\n<p><strong><span style=\"color: #0000ff;\">L&rsquo;Adjoint\/e d&rsquo;administration et de direction : \u00c9l\u00e9ment cl\u00e9 dans votre organisation.<\/span><\/strong><\/p>\n<p>Communication, diplomatie,\u00a0 leadership, respect, enthousiasme, ouverture, organisation, motivation et cr\u00e9ativit\u00e9 sont des aspects et attitudes qui donnent \u00e0 l\u2019adjointe d\u2019administration et de direction les \u00e9l\u00e9ments cl\u00e9s afin de bien assumer son r\u00f4le cl\u00e9 dans l\u2019\u00e9quipe de cadres ou direction.<\/p>\n<p><em><strong>L&rsquo;adjointe est d\u00e9tentrice d&rsquo;informations privil\u00e9gi\u00e9es. N&rsquo;h\u00e9sitez pas a lui demandes son opinion. Elle sera \u00eatre discr\u00e8te.<\/strong><\/em><\/p>\n<p>La prise en charge de certains volets de la gestion pour lib\u00e9rer les d\u00e9cideurs de pr\u00e9occupations quotidiennes, les laissant ainsi se consacrer \u00e0 des processus de plus en plus complexes et exigeants, dict\u00e9s par les fluctuations \u00e9conomiques, la comp\u00e9titivit\u00e9 et les nouvelles r\u00e8gles de plus en plus astreignantes et complexes.<\/p>\n<p><strong>LA STRAT\u00c9GIE \u00c0 APPLIQUER<\/strong>\u00a0:<\/p>\n<ul>\n<li>Planifier, organiser, d\u00e9cider, vous \u00eates un rouage important de l\u2019organisation<\/li>\n<li>Repr\u00e9senter et positionner\u00a0: communiquer la recherche d\u2019excellence en exer\u00e7ant un leadership<\/li>\n<li>Planification r\u00e9aliste et vision claire des objectifs \u00e0 atteindre<\/li>\n<li>\u00c9tablir des liens essentiels avec les personnes cl\u00e9s\u00a0 \u00a0 \u00a0 \u00a0 \u00a0 \u00a0 \u00a0 \u00a0 \u00a0 \u00a0 \u00a0 \u00a0 <img loading=\"lazy\" decoding=\"async\" class=\"wp-image-3795 alignright\" src=\"https:\/\/lagrandeecoledesaffaires.com\/wp-content\/uploads\/2020\/02\/7273011-1.jpg\" alt=\"\" width=\"339\" height=\"226\" srcset=\"https:\/\/lagrandeecoledesaffaires.com\/wp-content\/uploads\/2020\/02\/7273011-1.jpg 750w, https:\/\/lagrandeecoledesaffaires.com\/wp-content\/uploads\/2020\/02\/7273011-1-300x200.jpg 300w, https:\/\/lagrandeecoledesaffaires.com\/wp-content\/uploads\/2020\/02\/7273011-1-600x400.jpg 600w, https:\/\/lagrandeecoledesaffaires.com\/wp-content\/uploads\/2020\/02\/7273011-1-272x182.jpg 272w\" sizes=\"auto, (max-width: 339px) 100vw, 339px\" \/><\/li>\n<li>Interagir de mani\u00e8re strat\u00e9gique<\/li>\n<li>Participer au processus d\u2019\u00e9volution des affaires<\/li>\n<li>Maximiser l\u2019efficacit\u00e9 (\u00eatre un agent de changement)<\/li>\n<li>G\u00e9rer l\u2019information strat\u00e9gique sous toutes ses formes<\/li>\n<li>D\u00e9finition claire du mandat et des attentes du sup\u00e9rieur imm\u00e9diat<\/li>\n<li>Pour quel type de leader travaillez-vous?<\/li>\n<li>Test personnalit\u00e9, sens cognitif, influence et communication confidentielle .<\/li>\n<li>Processus de communication<\/li>\n<li>Les d\u00e9fis, priorit\u00e9s et objectifs des d\u00e9cideurs<\/li>\n<li>Mise en place des changements<\/li>\n<\/ul>\n<p>Cette journ\u00e9e de formation en <strong>grand public ou dans votre entreprise<\/strong> vise \u00e0 transmettre des principes de gestion qui permettra aux adjointes de mieux seconder le processus d\u00e9cisionnel et de devenir ainsi la plus pr\u00e9cieuse collaboratrice de son sup\u00e9rieur. Un travail d\u2019\u00e9quipe dans un climat de respect mutuel.<\/p>\n<p>Venez avec votre coll\u00e8gue ou votre sup\u00e9rieur hi\u00e9rarchique.<\/p>\n<p><em><strong>D\u00e9sirer est essentiel \u00e0 la motivation, mais c&rsquo;est la d\u00e9termination et l&rsquo;engagement total \u00e0 atteindre son but-viser l&rsquo;excellence-qui assurent le succ\u00e8s.\u00a0 <\/strong><\/em><strong>Mario Andretti<\/strong><\/p>\n<p><strong>FORMATIONS SUGG\u00c9R\u00c9ES<\/strong><\/p>\n<p><strong>Adjoint\/es d\u2019administration et de direction<\/strong><\/p>\n<p>Choisissez 3 formations et obtenez 10% d&rsquo;escompte, 5 obtenez 15% .<\/p>\n<p><strong>La formation dans votre entreprise permet une adaptation \u00e0 votre processus de gestion interne.\u00a0<\/strong><\/p>\n<p><strong>www.lagrandeecoledesaffaires.com<\/strong><\/p>\n<p style=\"text-align: left;\">\n","protected":false},"excerpt":{"rendered":"<p>Toutes nos formations on \u00e9t\u00e9 actualis\u00e9 en avril afin de s&rsquo;adapter au nouveau contexte social et \u00e9conomique actuel. La grande \u00c9cole des Affaire avec vous depuis 30 ans. Leadership: Un ensemble d&rsquo;aptitudes inn\u00e9es ou acquises qui conf\u00e8re un pouvoir d&rsquo;influence sur les autres. C&rsquo;est la possibilit\u00e9 d&rsquo;amener un individu ou un groupe a agir volontairement&hellip;&nbsp;<\/p>\n","protected":false},"author":2,"featured_media":3888,"comment_status":"open","ping_status":"open","sticky":false,"template":"","format":"standard","meta":{"neve_meta_sidebar":"","neve_meta_container":"","neve_meta_enable_content_width":"","neve_meta_content_width":0,"neve_meta_title_alignment":"","neve_meta_author_avatar":"","neve_post_elements_order":"","neve_meta_disable_header":"","neve_meta_disable_footer":"","neve_meta_disable_title":"","footnotes":""},"categories":[30],"tags":[],"class_list":["post-3862","post","type-post","status-publish","format-standard","has-post-thumbnail","hentry","category-infolettre"],"_links":{"self":[{"href":"https:\/\/lagrandeecoledesaffaires.com\/index.php\/wp-json\/wp\/v2\/posts\/3862","targetHints":{"allow":["GET"]}}],"collection":[{"href":"https:\/\/lagrandeecoledesaffaires.com\/index.php\/wp-json\/wp\/v2\/posts"}],"about":[{"href":"https:\/\/lagrandeecoledesaffaires.com\/index.php\/wp-json\/wp\/v2\/types\/post"}],"author":[{"embeddable":true,"href":"https:\/\/lagrandeecoledesaffaires.com\/index.php\/wp-json\/wp\/v2\/users\/2"}],"replies":[{"embeddable":true,"href":"https:\/\/lagrandeecoledesaffaires.com\/index.php\/wp-json\/wp\/v2\/comments?post=3862"}],"version-history":[{"count":11,"href":"https:\/\/lagrandeecoledesaffaires.com\/index.php\/wp-json\/wp\/v2\/posts\/3862\/revisions"}],"predecessor-version":[{"id":4281,"href":"https:\/\/lagrandeecoledesaffaires.com\/index.php\/wp-json\/wp\/v2\/posts\/3862\/revisions\/4281"}],"wp:featuredmedia":[{"embeddable":true,"href":"https:\/\/lagrandeecoledesaffaires.com\/index.php\/wp-json\/wp\/v2\/media\/3888"}],"wp:attachment":[{"href":"https:\/\/lagrandeecoledesaffaires.com\/index.php\/wp-json\/wp\/v2\/media?parent=3862"}],"wp:term":[{"taxonomy":"category","embeddable":true,"href":"https:\/\/lagrandeecoledesaffaires.com\/index.php\/wp-json\/wp\/v2\/categories?post=3862"},{"taxonomy":"post_tag","embeddable":true,"href":"https:\/\/lagrandeecoledesaffaires.com\/index.php\/wp-json\/wp\/v2\/tags?post=3862"}],"curies":[{"name":"wp","href":"https:\/\/api.w.org\/{rel}","templated":true}]}}