{"id":3626,"date":"2020-02-10T11:04:07","date_gmt":"2020-02-10T16:04:07","guid":{"rendered":"https:\/\/lagrandeecoledesaffaires.com\/?p=3626"},"modified":"2020-04-24T09:30:50","modified_gmt":"2020-04-24T13:30:50","slug":"de-negociation-instinctive-a-strategique-resultats-mesurables-et-quantifiables","status":"publish","type":"post","link":"https:\/\/lagrandeecoledesaffaires.com\/index.php\/de-negociation-instinctive-a-strategique-resultats-mesurables-et-quantifiables\/","title":{"rendered":"De n\u00e9gociation Instinctive \u00e0 Strat\u00e9gique: R\u00e9sultats mesurables et quantifiables."},"content":{"rendered":"<div class=\"vc_row wpb_row vc_row-fluid\">\n<div class=\"wpb_column vc_column_container vc_col-sm-12\">\n<div class=\"vc_column-inner \">\n<div class=\"wpb_wrapper\">\n<div class=\"wpb_text_column wpb_content_element \">\n<div class=\"wpb_wrapper\">\n<p><b>La n\u00e9gociation est omnipr\u00e9sente dans toutes les relations humaines \u00e0 un moment ou un autre. Le n\u00e9gociateur doit \u00eatre capable de s\u2019adapter.<span style=\"color: #0000ff;\">Dans la vie l&rsquo;on n\u2019obtient pas ce que nous m\u00e9ritons mais ce que nous n\u00e9gocions.<\/span><\/b><\/p>\n<p>Dans les situations que nous vivons pr\u00e9sentement la n\u00e9gociation est un essentiel tant du point de vue professionnel que personnel. Pour 189,$ plus taxes cette\u00a0 journ\u00e9e de formation a distance pourrais \u00eatre votre meilleur investissement cette ann\u00e9e. Nous donnons de la formation en n\u00e9gociation depuis 30 ans.<\/p>\n<p><span style=\"color: #ff0000;\"><strong>Le n\u00e9gociateur instinctif:<\/strong><\/span><\/p>\n<ul>\n<li>Les \u00e9motions dominent<\/li>\n<li>La pr\u00e9paration manque de strat\u00e9gie et de recherche<\/li>\n<li>Attaques personnelles, manque d&rsquo;\u00e9coute et de transparence<\/li>\n<li>Sous estimation de l&rsquo;autre, donc surestimation de soi<\/li>\n<li>Le but est de gagner \u00e0 tout prix au risque de perdre de vue des aspects cruciaux<\/li>\n<li>La r\u00e9partition du g\u00e2teau n&rsquo;est que quantitative dans un imm\u00e9diat<\/li>\n<li>La notion de respect est d\u00e9ficience<\/li>\n<li>Suppose savoir<\/li>\n<li>Manque de coordination entre le cerveau droit et gauche<\/li>\n<li>L&rsquo;aspect transactionnel oublie l&rsquo;humain qui est \u00e0 la base du processus<\/li>\n<li>Oublie le futur<\/li>\n<\/ul>\n<p><span style=\"color: #008080;\"><strong>Le n\u00e9gociateur strat\u00e9gique<\/strong><\/span><\/p>\n<ul>\n<li>La pr\u00e9paration est capitale<\/li>\n<li>Connaissance des autres n\u00e9gociateurs ( individus)<\/li>\n<li>Connaissance des int\u00e9r\u00eats, besoins, valeurs de l&rsquo;autre partie<\/li>\n<li>D\u00e9velopper des Attitudes propices \u00e0 la cr\u00e9ation d&rsquo;un climat de confiance<\/li>\n<li>Ma\u00eetriser le temps et l&rsquo;espace<\/li>\n<li>Toujours \u00eatre respectueux malgr\u00e9 le contexte<\/li>\n<li>Ne rien prendre personnellement<\/li>\n<li>Ne jamais couper la parole<\/li>\n<li>Poser des questions strat\u00e9giques de situation, impact et besoin<\/li>\n<li>Avoir la ma\u00eetrise du silence<\/li>\n<li>S&rsquo;adapter \u00e0 la personnalit\u00e9 des autres intervenants et leurs sens cognitifs<\/li>\n<li>Conna\u00eetre le langage du corps<\/li>\n<li>Garder le contr\u00f4le en tout temps<\/li>\n<li>Penser \u00e0 l&rsquo;avenir<\/li>\n<\/ul>\n<p>Le bon n\u00e9gociateur cherche avant tout \u00e0 amener son interlocuteur \u00e0 proposer des solutions qui lui semblent acceptables et par la suite arriver avec des solutions communes. L\u2019autre partie doit se sentir \u00e0 l\u2019aise de n\u00e9gocier dans une perspective gagnant gagnant.<\/p>\n<p>Tout ce que vous devez savoir pour n\u00e9gocier avec succ\u00e8s et efficacement. Une formation unique au Qu\u00e9bec bas\u00e9 sur 30 ans d\u2019expertise et mise \u00e0 niveau annuellement. Il ne faut jamais oublier que d<em><strong>ans la vie nous n\u2019obtenons pas ce que nous m\u00e9ritons, mais ce que l\u2019on sait n\u00e9gocier.<\/strong><\/em><\/p>\n<p><span style=\"color: #ff0000;\">La formation l\u2019Art de N\u00e9gocier e<strong>st admissible \u00e0 l\u2019obtention de 14 UFC (unit\u00e9s de formation continues) en classe et 4 en formation a distance aupr\u00e8s de la majorit\u00e9 des Ordres professionnels incluant l\u2019Ordre des Ing\u00e9nieurs, La Chambre de S\u00e9curit\u00e9 Financi\u00e8re CSF et l\u2019Organisme d\u2019auto-r\u00e9glementation du courtage immobilier du Qu\u00e9bec OACIQ.<\/strong><\/span><\/p>\n<p>La Grande \u00c9cole des Affaires donne cette formation en n\u00e9gociation depuis 29 ans. Elle est\u00a0<strong>consid\u00e9r\u00e9e comme une autorit\u00e9.<\/strong> Le contenu de cette formation est r\u00e9vis\u00e9 et adapt\u00e9 chaque ann\u00e9e. En 2019 ajout d&rsquo;interg\u00e9n\u00e9rationnelle et 2020 le cerveau et IA.<\/p>\n<p><strong>L\u2019h\u00f4pital de Hawkesbury est actuellement la deuxi\u00e8me meilleure H\u00f4pital\u00a0 au Canada pour les bons soins de sant\u00e9.<\/strong><\/p>\n<p><strong>(Maclean\u2019s, Source Le Droit 27 ao\u00fbt 2019).<\/strong><\/p>\n<p><em><b>La Grande \u00c9cole des Affaires\u00a0a form\u00e9 l\u2019ensemble du personnel de l\u2019h\u00f4pital de Hawkesbury,\u00a0 incluant m\u00e9decins et haute direction en Attitude patient\/coll\u00e8gues et les gestionnaires en N\u00e9gociation Strat\u00e9gique et Leadership de Gestion.<\/b><\/em><\/p>\n<p><a class=\"button\" href=\"https:\/\/lagrandeecoledesaffaires.com\/index.php\/la-grande-ecole-des-affaires-a-forme-en-attitude-patient-collegue-lensemble-du-personnel-de-lhopital-de-hawkesbury\/\">Voir l\u2019article<\/a><\/p>\n<p><em><strong>Avec La Grande \u00c9cole des Affaires, vous permettez \u00e0 votre \u00e9quipe: d\u2019apprendre rapidement ce que la vie enseigne en plusieurs ann\u00e9es.<\/strong><\/em><\/p>\n<p>Nous offrons de la formation depuis d\u00e9j\u00e0 30 ans et les cas de succ\u00e8s story sont nombreux chez nos clients<\/p>\n<p><em><strong>Cette formation saura capter votre attention, \u00eatre un axe de communication et de partage d\u2019information via le r\u00e9seautage qui se cr\u00e9e parmi les participants. Une occasion d\u2019apprendre rapidement ce que la vie nous enseigne en plusieurs ann\u00e9es. Vous gagnerez du temps.<\/strong><\/em><\/p>\n<p><em><strong>Nos formations Grand Public ont un maximum de 21 participants.<\/strong><\/em><\/p>\n<p><strong>\u00c9tude de\u00a0 RBC Mars\u00a0 sur les pr\u00e9visions en mati\u00e8re d\u2019aptitudes recherch\u00e9es \u00e0 l\u2019\u00e9chelle des professions.\u00a0<\/strong>Parmi les 10 premi\u00e8res sur 35\u00a0: \u00c9coute active, communication sociale, esprit critique, perspicacit\u00e9 sociale, coordination, gestion temps, discernement dans prise de d\u00e9cisions, sens du service, courage et persuasion.<\/p>\n<p>Beaucoup de ces \u00e9l\u00e9ments sont dans la formation que vous visionnez pr\u00e9sentement.<\/p>\n<p><span style=\"color: #ff0000;\"><strong>Un s\u00e9ance de n\u00e9gociation est comme une pi\u00e8ce de th\u00e9\u00e2tre ou les acteurs doivent bien ma\u00eetriser leur r\u00f4le.<\/strong><\/span><\/p>\n<p><strong><em>Nous avons constat\u00e9 que nos \u00e9tudiants en moyenne r\u00e9duisaient leurs co\u00fbts ou augmentaient les marges dans une moyenne de 6% par rapport avant la formation. Les plus exp\u00e9riment\u00e9s 9%, si nous consid\u00e9rons 6% sur des r\u00e9ductions de co\u00fbts et augmentation des marges de profit sur 900,000.$ de transaction par ann\u00e9e cela repr\u00e9sente un gain de 54,000.$ par ann\u00e9e soit 270,000.$ sur 5 ans. Pour une \u00e9quipe de 12 personnes cela repr\u00e9sente 3,240,000.$.\u00a0 <\/em><\/strong>Ces personnes sont des g\u00e9rants de projet, gestionnaires, acheteurs, vendeurs, directeurs de comptes, comptables, avocats, informaticiens, surintendants, service client\u00e8le, vice-pr\u00e9sidents, pr\u00e9sidents et autres. Int\u00e9ressant!<\/p>\n<h2><em><strong>Demain c\u2019est aujourd\u2019hui.<\/strong><\/em><\/h2>\n<h3><strong><img loading=\"lazy\" decoding=\"async\" class=\"alignnone size-full wp-image-1221\" src=\"https:\/\/lagrandeecoledesaffaires.com\/wp-content\/uploads\/2017\/01\/logo-emploiqc.png\" alt=\"\" width=\"169\" height=\"79\" \/><img loading=\"lazy\" decoding=\"async\" class=\"alignnone size-full wp-image-1220\" src=\"https:\/\/lagrandeecoledesaffaires.com\/wp-content\/uploads\/2017\/01\/logo-barreau.png\" alt=\"\" width=\"157\" height=\"79\" \/>\u00a0 \u00a0<\/strong><img loading=\"lazy\" decoding=\"async\" class=\"alignnone wp-image-3415\" src=\"https:\/\/lagrandeecoledesaffaires.com\/wp-content\/uploads\/2019\/10\/logo-csf.jpg\" sizes=\"auto, (max-width: 300px) 100vw, 300px\" srcset=\"https:\/\/lagrandeecoledesaffaires.com\/wp-content\/uploads\/2019\/10\/logo-csf.jpg 847w, https:\/\/lagrandeecoledesaffaires.com\/wp-content\/uploads\/2019\/10\/logo-csf-300x51.jpg 300w, https:\/\/lagrandeecoledesaffaires.com\/wp-content\/uploads\/2019\/10\/logo-csf-768x131.jpg 768w, https:\/\/lagrandeecoledesaffaires.com\/wp-content\/uploads\/2019\/10\/logo-csf-600x103.jpg 600w\" alt=\"\" width=\"300\" height=\"52\" \/>\u00a0 \u00a0 \u00a0 \u00a0 \u00a0 \u00a0 \u00a0 \u00a0<img loading=\"lazy\" decoding=\"async\" class=\" wp-image-3414\" src=\"https:\/\/lagrandeecoledesaffaires.com\/wp-content\/uploads\/2019\/10\/logo-oaciq-1024x432.jpg\" sizes=\"auto, (max-width: 139px) 100vw, 139px\" srcset=\"https:\/\/lagrandeecoledesaffaires.com\/wp-content\/uploads\/2019\/10\/logo-oaciq-1024x432.jpg 1024w, https:\/\/lagrandeecoledesaffaires.com\/wp-content\/uploads\/2019\/10\/logo-oaciq-300x127.jpg 300w, https:\/\/lagrandeecoledesaffaires.com\/wp-content\/uploads\/2019\/10\/logo-oaciq-768x324.jpg 768w, https:\/\/lagrandeecoledesaffaires.com\/wp-content\/uploads\/2019\/10\/logo-oaciq-600x253.jpg 600w, https:\/\/lagrandeecoledesaffaires.com\/wp-content\/uploads\/2019\/10\/logo-oaciq.jpg 1045w\" alt=\"\" width=\"139\" height=\"59\" \/><\/h3>\n<p>&nbsp;<\/p>\n<h3><\/h3>\n<p>+ de 26 000 participants \u00e0 ce jour! Ce cours en n\u00e9gociation strat\u00e9gique a \u00e9t\u00e9 mis \u00e0 niveau pour 2020.<\/p>\n<p><strong>Vous gagnerez \u00e9norm\u00e9ment de temps, \u00e9viterez des erreurs co\u00fbteuse tant au point de vue mon\u00e9taire, \u00e9motionnelle,<\/strong><\/p>\n<p><strong> professio<\/strong><strong>nnelle et personnelle. Votre attitude, votre \u00a0leadership et votre courage manag\u00e9rial seront a l\u2019honneur.<\/strong><\/p>\n<p>Passez de n\u00e9gociateur habile \u00e0 n\u00e9gociateur professionnel. <strong>Ma\u00eetrisez le silence pour mieux communiquer. Le silence est un outil redoutable et a une dimension performative. Le silence est en fait la parole<\/strong><\/p>\n<p><strong>Malcolm Young de AC\/DC,<\/strong>\u00a0savait\u00a0<strong>ma\u00eetriser le silence\u00a0<\/strong>avec sa guitare, il arr\u00eatait de jouer pendants quelques secondes ce qui en faisait un guitariste reconnaissable. AC\/DC ont vendu 200 millions de disques et CD. Rentable en $$$$ et en reconnaissance. Journal de Montr\u00e9al jeudi le 23 Novembre 2017<\/p>\n<p><em><strong>Le savoir change tout. La comp\u00e9titivit\u00e9 d\u2019une soci\u00e9t\u00e9 passe par le savoir qu\u2019elle d\u00e9tient.<\/strong><\/em><\/p>\n<p><em><strong>Raymond Guy Par\u00e9 votre professeur est\u00a0 membre fondateur de la Fondation Paul\u00a0 Henri L\u00e9vesque de la Facult\u00e9 de psychologie de l\u2019Universit\u00e9 Laval et membre fondateur de CORPIC,\u00a0 la plus importante association de propri\u00e9taires immobiliers au Qu\u00e9bec et de Florida First a Boca Raton en Floride Il a \u00e9t\u00e9 aussi membre du comit\u00e9 consultatif sur le comit\u00e9 d\u2019analyse du d\u00e9veloppent des r\u00e9sidences pour personnes autonomes et semi-autonomes pour le gouvernement f\u00e9d\u00e9ral.<\/strong><\/em><\/p>\n<\/div>\n<\/div>\n<\/div>\n<\/div>\n<\/div>\n<div class=\"wpb_column vc_column_container vc_col-sm-12\">\n<div class=\"vc_column-inner \">\n<div class=\"wpb_wrapper\"><\/div>\n<\/div>\n<\/div>\n<\/div>\n<div class=\"vc_row wpb_row vc_row-fluid\">\n<div class=\"wpb_column vc_column_container vc_col-sm-8\">\n<div class=\"vc_column-inner \">\n<div class=\"wpb_wrapper\">\n<div class=\"wpb_text_column wpb_content_element \">\n<div class=\"wpb_wrapper\">\n<p><strong>Cette formation en n\u00e9gociation vous permettra:\u00a0 \u00a0 \u00a0 \u00a0 \u00a0 \u00a0 \u00a0 \u00a0 \u00a0 \u00a0 \u00a0 \u00a0 \u00a0 \u00a0 \u00a0 \u00a0 \u00a0 \u00a0 \u00a0 \u00a0 \u00a0 \u00a0 \u00a0 \u00a0 \u00a0 \u00a0 \u00a0 \u00a0 \u00a0 \u00a0 \u00a0 \u00a0 \u00a0 \u00a0 \u00a0 \u00a0 \u00a0 \u00a0 \u00a0 \u00a0 \u00a0<\/strong><\/p>\n<p><strong>\u00a0 \u00a0 \u00a0 \u00a0 \u00a0 \u00a0 \u00a0\u00a0<\/strong><img loading=\"lazy\" decoding=\"async\" class=\" wp-image-3028 alignright\" src=\"https:\/\/lagrandeecoledesaffaires.com\/wp-content\/uploads\/2019\/05\/generations.png\" alt=\"\" width=\"327\" height=\"210\" \/><\/p>\n<ul>\n<li>\u00a0LES 12 ATTITUDES GAGNANTES EN N\u00c9GOCIATION<\/li>\n<li>UTILISER UN RELATIONNEL SUBTIL ET EFFICACE<\/li>\n<li>D\u00c9VELOPPER UNE APPROCHE DIPLOMATIQUE<\/li>\n<li>UTILISATION DE TACTIQUES ET STRAT\u00c9GIES STRUCTUR\u00c9ES<\/li>\n<li>UNE PR\u00c9PARATION AD\u00c9QUATE<\/li>\n<li>SAVOIR LE POURQUOI, LE POURQUOI DU POURQUOI (KAISEN)<\/li>\n<li>TRAVAILLER SUR\u00a0UNE COMPR\u00c9HENSION DES ENJEUX R\u00c9CIPROQUES<\/li>\n<li>LA COHABITATION DES G\u00c9N\u00c9RATIONS<\/li>\n<li>SAVOIR MA\u00ceTRISER LE SILENCE ET EN FAIRE UN ALLI\u00c9<\/li>\n<li>D\u00c9VELOPPEMENT D\u2019UNE \u00c9COUTE \u00a0ET D\u2019UNE PAROLE ACTIVE<\/li>\n<li>LE FONCTIONNEMENT DU CERVEAU\u00a0DROIT\u00a0ET\u00a0GAUCHE<\/li>\n<li>TEST \u00caTES VOUS CERVEAU\u00a0DROIT\u00a0OU\u00a0GAUCHE<\/li>\n<li>S\u2019ADAPTER AUX PERSONNALIT\u00c9S<\/li>\n<li>COMPOSER AVEC DES GENS DIFFICILES ET DE MAUVAISE FOI<\/li>\n<li>UTILISER LE LANGAGE DU CORPS<\/li>\n<li>VISUELS OU AUDITIFS ET SAVOIR COMPOSER<\/li>\n<li>N\u00c9GOCIER INTER-G\u00c9N\u00c9RATION<\/li>\n<li>LE CERVEAU ET IA<br \/>\n<img loading=\"lazy\" decoding=\"async\" class=\" wp-image-3033 alignright\" src=\"https:\/\/lagrandeecoledesaffaires.com\/wp-content\/uploads\/2019\/05\/Cerveau-2-1.jpg\" sizes=\"auto, (max-width: 199px) 100vw, 199px\" srcset=\"https:\/\/lagrandeecoledesaffaires.com\/wp-content\/uploads\/2019\/05\/Cerveau-2-1.jpg 300w, https:\/\/lagrandeecoledesaffaires.com\/wp-content\/uploads\/2019\/05\/Cerveau-2-1-150x150.jpg 150w\" alt=\"\" width=\"199\" height=\"198\" \/><\/li>\n<li>MAINTENIR UN CONTR\u00d4LE DES SITUATIONS\u00a0 ACCRUES<\/li>\n<li>SAVOIR G\u00c9RER SES \u00c9MOTIONS EN TOUT TEMPS<\/li>\n<li>SAVOIR AM\u00c9LIORER LA COMMUNICATION ENTRE LES DIFF\u00c9RENTS D\u00c9PARTEMENTS,\u00a0SUCCURSALES<\/li>\n<li>AVOIR UN QUESTIONNEMENT EFFICACE ET SAVOIR FINALISER DANS LE RESPECT DES INTERVENANTS<\/li>\n<li>AM\u00c9LIORER LA GESTION DES CONFLITS<\/li>\n<li>SE RAPPELER QUE L\u2019AVENIR EST UN INCONTOURNABLE<\/li>\n<\/ul>\n<p>&nbsp;<\/p>\n<p><b>AETS, Association des \u00e9tudiants de L\u2019\u00c9cole de Technologie Sup\u00e9rieure ETS, N\u00e9gociation et Courage Manag\u00e9rial . Vous connaissez tr\u00e8s bien le contexte op\u00e9rationnel d\u2019un ing\u00e9nieur. Merci de vous \u00eatre adapt\u00e9 a notre profession.<\/b><\/p>\n<p><span style=\"color: #008080;\"><strong>LKQ,<\/strong> <\/span>formation en N\u00e9gociation, formation en Leadership de Gestion, formation en Courage Manag\u00e9rial pour les cadres de l\u2019entreprise au Quebec et Ottawa. Augmentation des ventes et r\u00e9tention client\u00e8le importante.<\/p>\n<p><strong>Seulement 5% des gestionnaires en Am\u00e9rique du Nord ont suivi une formation en N\u00e9gociation (<em>Universit\u00e9 de Harvard<\/em>)<\/strong>.<\/p>\n<p>Les comp\u00e9tences\u00a0 que vous aurez acquises sont \u00e9galement reconnues et accr\u00e9dit\u00e9es par\u00a0 la majorit\u00e9 des ordres professionnelles<\/p>\n<p>Le cours en n\u00e9gociation est offert grand public ou <em><strong>dans votre entreprise ou organisation.<\/strong><\/em><\/p>\n<p>&nbsp;<\/p>\n<div id=\"event_wrapper\">\n<div id=\"event_container_pagination\">\n<div id=\"event_content\" class=\"event_content\">\n<div id=\"event_data-260\" class=\"event_data lart-de-negocier-i-1486057093 event-data-display event-list-display event-display-boxes ui-widget\">\n<h3 id=\"event_title-260\" class=\"event_title ui-widget-header ui-corner-top\"><a id=\"a_event_title-260\" class=\"a_event_title\" title=\"QU\u00c9BEC - Formation Art de n\u00e9gocier\" href=\"https:\/\/lagrandeecoledesaffaires.com\/index.php\/calendrier\/?ee=260\">QU\u00c9BEC &#8211; Formation Art de n\u00e9gocier<\/a><\/h3>\n<div class=\"event-data-display ui-widget-content ui-corner-bottom\">\n<div class=\"event-desc\">\n<p>2 jours de 8 h 30 \u00e0 16 h<\/p>\n<\/div>\n<div class=\"event-meta clearfix\">\n<p id=\"p_event_price-260\" class=\"event_price\"><span class=\"section-title\">Prix :\u00a0<\/span>C$899.00<\/p>\n<p id=\"event_date-260\"><span class=\"section-title\">Date :\u00a0<\/span>17 &amp; 18 f\u00e9vrier 2020 <a id=\"espresso_ical_260\" class=\"espresso_ical_link\" title=\"Import au format iCal\" href=\"https:\/\/lagrandeecoledesaffaires.com\/?iCal=true&amp;current_year=2019&amp;current_month=12&amp;current_day=16&amp;current_time=144716&amp;event_id=260&amp;ee_reg_id=n5rmivjoq19ebs4tbqusgmsb87-5df7de5af23264.05589143&amp;contact_email=info@lagrandeecoledesaffaires.com&amp;start_year=2020&amp;start_month=02&amp;start_day=17&amp;start_time=083000&amp;end_year=2020&amp;end_month=02&amp;end_day=17&amp;end_time=083000&amp;event_summary=QU%C3%89BEC%20-%20Formation%20Art%20de%20n%C3%A9gocier&amp;ee_reg_url=https:\/\/lagrandeecoledesaffaires.com\/index.php\/calendrier\/?ee=260&amp;site_url=https:\/\/lagrandeecoledesaffaires.com&amp;organization=La%20grande%20%C3%A9cole%20des%20affaires&amp;location=3115,%20Avenue%20des%20H%C3%B4tels%20Qu%C3%A9bec,%20Qu%C3%A9bec%20G1W3Z6%20Canada\"><img decoding=\"async\" src=\"https:\/\/lagrandeecoledesaffaires.com\/wp-content\/plugins\/event-espresso\/images\/icons\/calendar_link.png\" \/><\/a><\/p>\n<\/div>\n<p id=\"register_link-260\" class=\"register-link-footer\"><a id=\"a_register_link-260\" class=\"a_register_link ui-button ui-button-big ui-priority-primary ui-state-default ui-state-hover ui-state-focus ui-corner-all\" title=\"QU\u00c9BEC - Formation Art de n\u00e9gocier\" href=\"https:\/\/lagrandeecoledesaffaires.com\/index.php\/calendrier\/?ee=260\">R\u00e9server en ligne<\/a><\/p>\n<\/div>\n<\/div>\n<div id=\"event_data-267\" class=\"event_data lart-de-negocier-i-1486057093 event-data-display event-list-display event-display-boxes ui-widget\">\n<h3 id=\"event_title-267\" class=\"event_title ui-widget-header ui-corner-top\"><a id=\"a_event_title-267\" class=\"a_event_title\" title=\"MONTR\u00c9AL - Formation Art de n\u00e9gocier\" href=\"https:\/\/lagrandeecoledesaffaires.com\/index.php\/calendrier\/?ee=267\">MONTR\u00c9AL &#8211; Formation Art de n\u00e9gocier<\/a><\/h3>\n<div class=\"event-data-display ui-widget-content ui-corner-bottom\">\n<div class=\"event-desc\">\n<p>2 jours de 8 h 30 \u00e0 16 h.<\/p>\n<\/div>\n<div class=\"event-meta clearfix\">\n<p id=\"p_event_price-267\" class=\"event_price\"><span class=\"section-title\">Prix :\u00a0<\/span>C$899.00<\/p>\n<p id=\"event_date-267\"><span class=\"section-title\">Date : 25 &amp; 26 f\u00e9vrier<\/span>\u00a0 @)@)<\/p>\n<p>\u00a0 \u00a0 \u00a0 \u00a0 \u00a0 \u00a0 \u00a02 &amp; 3 avril 2020<\/p>\n<\/div>\n<p id=\"register_link-267\" class=\"register-link-footer\"><a id=\"a_register_link-267\" class=\"a_register_link ui-button ui-button-big ui-priority-primary ui-state-default ui-state-hover ui-state-focus ui-corner-all\" title=\"MONTR\u00c9AL - Formation Art de n\u00e9gocier\" href=\"https:\/\/lagrandeecoledesaffaires.com\/index.php\/calendrier\/?ee=267\">R\u00e9server en ligne<\/a><\/p>\n<\/div>\n<\/div>\n<div id=\"event_data-283\" class=\"event_data lart-de-negocier-i-1486057093 event-data-display event-list-display event-display-boxes ui-widget\">\n<h3 id=\"event_title-283\" class=\"event_title ui-widget-header ui-corner-top\"><a id=\"a_event_title-283\" class=\"a_event_title\" title=\"SAINT-J\u00c9R\u00d4ME - Formation Art de n\u00e9gocier\" href=\"https:\/\/lagrandeecoledesaffaires.com\/index.php\/calendrier\/?ee=283\">SAINT-J\u00c9R\u00d4ME &#8211; Formation Art de n\u00e9gocier<\/a><\/h3>\n<div class=\"event-data-display ui-widget-content ui-corner-bottom\">\n<div class=\"event-desc\">\n<p>2 jours de 8 h 30 \u00e0 16 h.<\/p>\n<\/div>\n<div class=\"event-meta clearfix\">\n<p id=\"p_event_price-283\" class=\"event_price\"><span class=\"section-title\">Prix :\u00a0<\/span>C$899.00<\/p>\n<p id=\"event_date-283\"><span class=\"section-title\">Date :\u00a0<\/span>27 &amp; 28 avril 2020 <a id=\"espresso_ical_283\" class=\"espresso_ical_link\" title=\"Import au format iCal\" href=\"https:\/\/lagrandeecoledesaffaires.com\/?iCal=true&amp;current_year=2019&amp;current_month=12&amp;current_day=16&amp;current_time=144716&amp;event_id=283&amp;ee_reg_id=n5rmivjoq19ebs4tbqusgmsb87-5df7de5af23264.05589143&amp;contact_email=info@lagrandeecoledesaffaires.com&amp;start_year=2020&amp;start_month=04&amp;start_day=29&amp;start_time=105700&amp;end_year=2020&amp;end_month=04&amp;end_day=29&amp;end_time=105700&amp;event_summary=SAINT-J%C3%89R%C3%94ME%20-%20Formation%20Art%20de%20n%C3%A9gocier&amp;ee_reg_url=https:\/\/lagrandeecoledesaffaires.com\/index.php\/calendrier\/?ee=283&amp;site_url=https:\/\/lagrandeecoledesaffaires.com&amp;organization=La%20grande%20%C3%A9cole%20des%20affaires&amp;location=420%20boul%20Monseigneur-Dubois%20Saint-J%C3%A9r%C3%B4me,%20Qu%C3%A9bec%20J7Y%203L8%20Canada\"><img decoding=\"async\" src=\"https:\/\/lagrandeecoledesaffaires.com\/wp-content\/plugins\/event-espresso\/images\/icons\/calendar_link.png\" \/><\/a><\/p>\n<\/div>\n<p id=\"register_link-283\" class=\"register-link-footer\"><a id=\"a_register_link-283\" class=\"a_register_link ui-button ui-button-big ui-priority-primary ui-state-default ui-state-hover ui-state-focus ui-corner-all\" title=\"SAINT-J\u00c9R\u00d4ME - Formation Art de n\u00e9gocier\" href=\"https:\/\/lagrandeecoledesaffaires.com\/index.php\/calendrier\/?ee=283\">R\u00e9server en ligne<\/a><\/p>\n<\/div>\n<\/div>\n<div id=\"event_data-295\" class=\"event_data lart-de-negocier-i-1486057093 event-data-display event-list-display event-display-boxes ui-widget\">\n<h3 id=\"event_title-295\" class=\"event_title ui-widget-header ui-corner-top\"><a id=\"a_event_title-295\" class=\"a_event_title\" title=\"QU\u00c9BEC - Formation Art de n\u00e9gocier\" href=\"https:\/\/lagrandeecoledesaffaires.com\/index.php\/calendrier\/?ee=295\">QU\u00c9BEC &#8211; Formation Art de n\u00e9gocier<\/a><\/h3>\n<div class=\"event-data-display ui-widget-content ui-corner-bottom\">\n<div class=\"event-desc\">\n<p>2 jours de 8 h 30 \u00e0 16 h.<\/p>\n<\/div>\n<div class=\"event-meta clearfix\">\n<p id=\"p_event_price-295\" class=\"event_price\"><span class=\"section-title\">Prix :\u00a0<\/span>C$899.00<\/p>\n<p id=\"event_date-295\"><span class=\"section-title\">Date :\u00a0<\/span>20 &amp; 21 mai 2020 <a id=\"espresso_ical_295\" class=\"espresso_ical_link\" title=\"Import au format iCal\" href=\"https:\/\/lagrandeecoledesaffaires.com\/?iCal=true&amp;current_year=2019&amp;current_month=12&amp;current_day=16&amp;current_time=144716&amp;event_id=295&amp;ee_reg_id=n5rmivjoq19ebs4tbqusgmsb87-5df7de5af23264.05589143&amp;contact_email=francelatreille1@gmail.com&amp;start_year=2020&amp;start_month=05&amp;start_day=20&amp;start_time=080000&amp;end_year=2020&amp;end_month=05&amp;end_day=20&amp;end_time=170000&amp;event_summary=QU%C3%89BEC%20-%20Formation%20Art%20de%20n%C3%A9gocier&amp;ee_reg_url=https:\/\/lagrandeecoledesaffaires.com\/index.php\/calendrier\/?ee=295&amp;site_url=https:\/\/lagrandeecoledesaffaires.com&amp;organization=La%20grande%20%C3%A9cole%20des%20affaires&amp;location=3115%20avenue%20des%20H%C3%B4tels%20Qu%C3%A9bec,%20Qu%C3%A9bec%20G1W3Z6%20Canada\"><img decoding=\"async\" src=\"https:\/\/lagrandeecoledesaffaires.com\/wp-content\/plugins\/event-espresso\/images\/icons\/calendar_link.png\" \/><\/a><\/p>\n<\/div>\n<p id=\"register_link-295\" class=\"register-link-footer\"><a id=\"a_register_link-295\" class=\"a_register_link ui-button ui-button-big ui-priority-primary ui-state-default ui-state-hover ui-state-focus ui-corner-all\" title=\"QU\u00c9BEC - Formation Art de n\u00e9gocier\" href=\"https:\/\/lagrandeecoledesaffaires.com\/index.php\/calendrier\/?ee=295\">R\u00e9server en ligne<\/a><\/p>\n<\/div>\n<\/div>\n<\/div>\n<\/div>\n<\/div>\n<\/div>\n<\/div>\n<\/div>\n<\/div>\n<\/div>\n<\/div>\n","protected":false},"excerpt":{"rendered":"<p>La n\u00e9gociation est omnipr\u00e9sente dans toutes les relations humaines \u00e0 un moment ou un autre. Le n\u00e9gociateur doit \u00eatre capable de s\u2019adapter.Dans la vie l&rsquo;on n\u2019obtient pas ce que nous m\u00e9ritons mais ce que nous n\u00e9gocions. Dans les situations que nous vivons pr\u00e9sentement la n\u00e9gociation est un essentiel tant du point de vue professionnel que&hellip;&nbsp;<\/p>\n","protected":false},"author":2,"featured_media":2586,"comment_status":"open","ping_status":"open","sticky":false,"template":"","format":"standard","meta":{"neve_meta_sidebar":"","neve_meta_container":"","neve_meta_enable_content_width":"","neve_meta_content_width":0,"neve_meta_title_alignment":"","neve_meta_author_avatar":"","neve_post_elements_order":"","neve_meta_disable_header":"","neve_meta_disable_footer":"","neve_meta_disable_title":"","footnotes":""},"categories":[30],"tags":[],"class_list":["post-3626","post","type-post","status-publish","format-standard","has-post-thumbnail","hentry","category-infolettre"],"_links":{"self":[{"href":"https:\/\/lagrandeecoledesaffaires.com\/index.php\/wp-json\/wp\/v2\/posts\/3626","targetHints":{"allow":["GET"]}}],"collection":[{"href":"https:\/\/lagrandeecoledesaffaires.com\/index.php\/wp-json\/wp\/v2\/posts"}],"about":[{"href":"https:\/\/lagrandeecoledesaffaires.com\/index.php\/wp-json\/wp\/v2\/types\/post"}],"author":[{"embeddable":true,"href":"https:\/\/lagrandeecoledesaffaires.com\/index.php\/wp-json\/wp\/v2\/users\/2"}],"replies":[{"embeddable":true,"href":"https:\/\/lagrandeecoledesaffaires.com\/index.php\/wp-json\/wp\/v2\/comments?post=3626"}],"version-history":[{"count":7,"href":"https:\/\/lagrandeecoledesaffaires.com\/index.php\/wp-json\/wp\/v2\/posts\/3626\/revisions"}],"predecessor-version":[{"id":4239,"href":"https:\/\/lagrandeecoledesaffaires.com\/index.php\/wp-json\/wp\/v2\/posts\/3626\/revisions\/4239"}],"wp:featuredmedia":[{"embeddable":true,"href":"https:\/\/lagrandeecoledesaffaires.com\/index.php\/wp-json\/wp\/v2\/media\/2586"}],"wp:attachment":[{"href":"https:\/\/lagrandeecoledesaffaires.com\/index.php\/wp-json\/wp\/v2\/media?parent=3626"}],"wp:term":[{"taxonomy":"category","embeddable":true,"href":"https:\/\/lagrandeecoledesaffaires.com\/index.php\/wp-json\/wp\/v2\/categories?post=3626"},{"taxonomy":"post_tag","embeddable":true,"href":"https:\/\/lagrandeecoledesaffaires.com\/index.php\/wp-json\/wp\/v2\/tags?post=3626"}],"curies":[{"name":"wp","href":"https:\/\/api.w.org\/{rel}","templated":true}]}}