{"id":3377,"date":"2019-09-14T10:06:13","date_gmt":"2019-09-14T14:06:13","guid":{"rendered":"https:\/\/lagrandeecoledesaffaires.com\/?p=3377"},"modified":"2019-09-14T10:23:21","modified_gmt":"2019-09-14T14:23:21","slug":"la-negociation-votre-meilleur-outil-de-gestion","status":"publish","type":"post","link":"https:\/\/lagrandeecoledesaffaires.com\/index.php\/la-negociation-votre-meilleur-outil-de-gestion\/","title":{"rendered":"La N\u00e9gociation votre meilleur outil de gestion. Investissez en vous."},"content":{"rendered":"<div id=\"main-wrapper\" class=\"container\">\n<div class=\"container\" role=\"main\">\n<div class=\"row column-content-wrapper\">\n<div id=\"content\" class=\"span12 article-container tc-gallery-style\">\n<article id=\"page-634\" class=\"row-fluid post-634 page type-page status-publish has-post-thumbnail hentry hover\">\n<header class=\"entry-header\">\n<h1 class=\"entry-title \"><strong><span style=\"color: #ff6600;\">Formation en n\u00e9gociation : L\u2019art de n\u00e9gocier<\/span><\/strong><\/h1>\n<hr class=\"featurette-divider __before_content\" \/>\n<\/header>\n<div class=\"entry-content\">\n<div class=\"vc_row wpb_row vc_row-fluid\">\n<div class=\"wpb_column vc_column_container vc_col-sm-12\">\n<div class=\"vc_column-inner \">\n<div class=\"wpb_wrapper\">\n<div class=\"vc_row wpb_row vc_inner vc_row-fluid\">\n<div class=\"wpb_column vc_column_container vc_col-sm-12\">\n<div class=\"vc_column-inner \">\n<div class=\"wpb_wrapper\">\n<div class=\"wpb_text_column wpb_content_element \">\n<div class=\"wpb_wrapper\">\n<p><img loading=\"lazy\" decoding=\"async\" class=\"alignleft wp-image-2895\" src=\"https:\/\/lagrandeecoledesaffaires.com\/wp-content\/uploads\/2019\/03\/reconnu.png\" sizes=\"auto, (max-width: 651px) 100vw, 651px\" srcset=\"https:\/\/lagrandeecoledesaffaires.com\/wp-content\/uploads\/2019\/03\/reconnu.png 759w, https:\/\/lagrandeecoledesaffaires.com\/wp-content\/uploads\/2019\/03\/reconnu-300x138.png 300w, https:\/\/lagrandeecoledesaffaires.com\/wp-content\/uploads\/2019\/03\/reconnu-600x277.png 600w\" alt=\"\" width=\"651\" height=\"300\" \/><\/p>\n<div id=\"attachment_2896\" class=\"wp-caption alignright\">\n<p><a href=\"https:\/\/lagrandeecoledesaffaires.com\/wp-content\/uploads\/2019\/03\/CertificationNegoStrat-1.pdf\"><img loading=\"lazy\" decoding=\"async\" class=\"wp-image-2896 size-medium\" src=\"https:\/\/lagrandeecoledesaffaires.com\/wp-content\/uploads\/2019\/03\/Sans-titre-1-228x300.png\" sizes=\"auto, (max-width: 228px) 100vw, 228px\" srcset=\"https:\/\/lagrandeecoledesaffaires.com\/wp-content\/uploads\/2019\/03\/Sans-titre-1-228x300.png 228w, https:\/\/lagrandeecoledesaffaires.com\/wp-content\/uploads\/2019\/03\/Sans-titre-1-768x1009.png 768w, https:\/\/lagrandeecoledesaffaires.com\/wp-content\/uploads\/2019\/03\/Sans-titre-1-780x1024.png 780w, https:\/\/lagrandeecoledesaffaires.com\/wp-content\/uploads\/2019\/03\/Sans-titre-1-600x788.png 600w, https:\/\/lagrandeecoledesaffaires.com\/wp-content\/uploads\/2019\/03\/Sans-titre-1.png 1200w\" alt=\"\" width=\"228\" height=\"300\" aria-describedby=\"caption-attachment-2896\" \/><\/a><\/p>\n<p id=\"caption-attachment-2896\" class=\"wp-caption-text\">T\u00e9l\u00e9charger la version pdf<\/p>\n<\/div>\n<\/div>\n<\/div>\n<\/div>\n<\/div>\n<\/div>\n<\/div>\n<div class=\"vc_separator wpb_content_element vc_separator_align_center vc_sep_width_100 vc_sep_pos_align_center vc_separator_no_text vc_sep_color_grey\"><\/div>\n<div class=\"vc_btn3-container vc_btn3-inline\"><a class=\"vc_general vc_btn3 vc_btn3-size-lg vc_btn3-shape-square vc_btn3-style-custom vc_btn3-icon-left\" title=\"\" href=\"https:\/\/www.linkedin.com\/in\/raymond-guy-pare\/\"><i class=\"vc_btn3-icon fa fa-linkedin-square\"><\/i>Voir LinkedIn<\/a><\/div>\n<div class=\"wpb_text_column wpb_content_element \">\n<div class=\"wpb_wrapper\">\n<p><img loading=\"lazy\" decoding=\"async\" class=\"wp-image-2545 alignleft\" src=\"https:\/\/lagrandeecoledesaffaires.com\/wp-content\/uploads\/2018\/10\/negociation-table.jpg\" sizes=\"auto, (max-width: 590px) 100vw, 590px\" srcset=\"https:\/\/lagrandeecoledesaffaires.com\/wp-content\/uploads\/2018\/10\/negociation-table.jpg 800w, https:\/\/lagrandeecoledesaffaires.com\/wp-content\/uploads\/2018\/10\/negociation-table-300x200.jpg 300w, https:\/\/lagrandeecoledesaffaires.com\/wp-content\/uploads\/2018\/10\/negociation-table-768x512.jpg 768w, https:\/\/lagrandeecoledesaffaires.com\/wp-content\/uploads\/2018\/10\/negociation-table-600x400.jpg 600w, https:\/\/lagrandeecoledesaffaires.com\/wp-content\/uploads\/2018\/10\/negociation-table-272x182.jpg 272w\" alt=\"\" width=\"590\" height=\"393\" \/><\/p>\n<p>La n\u00e9gociation est omnipr\u00e9sente dans toutes les relations humaine \u00e0 un moment ou un autre. Le n\u00e9gociateur doit \u00eatre capable de se d\u00e9personnaliser, s\u2019adapter \u00e0 la personnalit\u00e9 de l\u2019autre afin de mieux communiquer.<\/p>\n<p>Le bon n\u00e9gociateur cherche avant tout \u00e0 amener son interlocuteur \u00e0 proposer des solutions qui lui semble acceptables et par la suite arriver avec des solutions communes. L\u2019autre partie doit se sentir \u00e0 l\u2019aise de n\u00e9gocier dans une perspective gagnant gagnant.<\/p>\n<p>Tout ce que vous devez savoir pour n\u00e9gocier avec succ\u00e8s et efficacement. Une formation unique au Qu\u00e9bec base sur 26 ans d\u2019expertise et mise a niveau annuellement. Dans la vie nous n\u2019obtenons pas ce que nous m\u00e9ritons mais ce que l\u2019on sait n\u00e9gocier.<\/p>\n<p>&nbsp;<\/p>\n<p>&nbsp;<\/p>\n<p>&nbsp;<\/p>\n<p>&nbsp;<\/p>\n<p>&nbsp;<\/p>\n<p>&nbsp;<\/p>\n<p><strong>L\u2019h\u00f4pital de Hawkesbury est actuellement la deuxi\u00e8me meilleure H\u00f4pital\u00a0 au Canada pour les bons soins de sant\u00e9.<\/strong><\/p>\n<p><strong>(Maclean\u2019s, Source Le Droit 27 ao\u00fbt 2019).<\/strong><\/p>\n<p><em><b>La Grande \u00c9cole des Affaires\u00a0a form\u00e9 l\u2019ensemble du personnel de l\u2019h\u00f4pital de Hawkesbury,\u00a0 incluant m\u00e9decins et haute direction en Attitude patient\/coll\u00e8gues et les gestionnaires en N\u00e9gociation Strat\u00e9gique et Leadership de Gestion.<\/b><\/em><\/p>\n<p><a class=\"button\" href=\"https:\/\/lagrandeecoledesaffaires.com\/index.php\/la-grande-ecole-des-affaires-a-forme-en-attitude-patient-collegue-lensemble-du-personnel-de-lhopital-de-hawkesbury\/\">Voir l\u2019article<\/a><\/p>\n<p><em><strong>Avec La Grande \u00c9cole des Affaires, vous permettez \u00e0 votre \u00e9quipe: d\u2019apprendre rapidement ce que la vie enseigne en plusieurs ann\u00e9es.<\/strong><\/em><\/p>\n<p>Nous offrons de la formation depuis d\u00e9j\u00e0 30 ans et les cas de succ\u00e8s story sont nombreux chez nos clients<\/p>\n<p><em><strong>Cette formation saura capter votre attention, \u00eatre un axe de communication et de partage d\u2019information via le r\u00e9seautage qui se cr\u00e9e parmi les participants. Une occasion d\u2019apprendre rapidement ce que la vie nous enseigne en plusieurs ann\u00e9es. Vous gagnerez du temps.<\/strong><\/em><\/p>\n<p><em><strong>Nos formations Grand Publique ont un maximum de 21 participants.<\/strong><\/em><\/p>\n<p><strong>\u00c9tude de\u00a0 RBC Mars\u00a0 sur les pr\u00e9visions en mati\u00e8re d\u2019aptitudes recherch\u00e9es \u00e0 l\u2019\u00e9chelle des professions.\u00a0<\/strong>Parmi les 10 premi\u00e8res sur 35\u00a0: \u00c9coute active, communication sociale, esprit critique, perspicacit\u00e9 sociale, coordination, gestion temps, discernement dans prise de d\u00e9cisions, sens du service, courage et persuasion.<\/p>\n<p>&nbsp;<\/p>\n<p>Beaucoup de ces \u00e9l\u00e9ments sont dans la formation que vous visionnez pr\u00e9sentement.<\/p>\n<p><strong>Un s\u00e9ance de n\u00e9gociation est comme une pi\u00e8ce de th\u00e9\u00e2tre ou les acteurs doivent bien ma\u00eetriser leur r\u00f4le.<\/strong><\/p>\n<p>Nous enseignons la n\u00e9gociation depuis 25 ans et une multitude d\u2019entreprises font encore affaire avec nous lors du recrutement de nouveau personnel.<strong><em>Nous avons constat\u00e9 que nos \u00e9tudiants en moyenne r\u00e9duisaient leurs co\u00fbts ou augmentaient les marges dans une moyenne de 6% par rapport avant la formation. Les plus exp\u00e9riment\u00e9s 9%, si nous consid\u00e9rons 6% sur des r\u00e9duction de co\u00fbts et augmentation des marges de profit sur 900,000.$ de transaction par ann\u00e9e cela repr\u00e9sente un gain de 54,000.$ par ann\u00e9e soit 270,000.$ sur 5 ans.\u00a0Pour une \u00e9quipe de 12 personnes cela repr\u00e9sente 3,240,000.$\u00a0<\/em><\/strong>Ces personnes sont des g\u00e9rants de projet, gestionnaires, acheteurs, vendeurs, directeurs de comptes, comptables, avocats,informaticiens, surintendants, service client\u00e8le, vice-pr\u00e9sidents, pr\u00e9sidents et autres. Int\u00e9ressant!<\/p>\n<h2><em><strong>Demain c\u2019est aujourd\u2019hui.<\/strong><\/em><\/h2>\n<h3><strong><img loading=\"lazy\" decoding=\"async\" class=\"alignnone size-full wp-image-1221\" src=\"https:\/\/lagrandeecoledesaffaires.com\/wp-content\/uploads\/2017\/01\/logo-emploiqc.png\" alt=\"\" width=\"169\" height=\"79\" \/><img loading=\"lazy\" decoding=\"async\" class=\"alignnone size-full wp-image-1220\" src=\"https:\/\/lagrandeecoledesaffaires.com\/wp-content\/uploads\/2017\/01\/logo-barreau.png\" alt=\"\" width=\"157\" height=\"79\" \/><\/strong><\/h3>\n<p>+ de\u00a026 000\u00a0participants \u00e0 ce jour! Ce cours en n\u00e9gociation strat\u00e9gique a \u00e9t\u00e9 mis \u00e0 niveau pour 2019<\/p>\n<p><strong>Vous gagnerez \u00e9norm\u00e9ment de temps, \u00e9viterez des erreurs co\u00fbteuse tant au point de vu mon\u00e9taire, \u00e9motionnelle, professionnelle et personnelle. Votre attitude, votre \u00a0leadership et votre courage manag\u00e9rial seront a l\u2019honneur.<\/strong><\/p>\n<p>Passez de n\u00e9gociateur habile a n\u00e9gociateur professionnel.\u00a0<strong>Ma\u00eetrisez le silence pour mieux communiquer. Le silence est un outil redoutable et a une dimension performative. Le silence est en fait la parole<\/strong><\/p>\n<p><strong>Malcolm Young de AC\/DC,<\/strong>\u00a0savait\u00a0<strong>ma\u00eetriser le silence\u00a0<\/strong>avec sa guitare, il arr\u00eatait de jouer pendants quelques secondes ce qui en faisait un guitariste reconnaissable. AC\/DC ont vendu 200 millions de disques et CD. Rentable en $$$$ et en reconnaissance. Journal de Montr\u00e9al jeudi le 23 Novembre 2017<\/p>\n<p><em><strong>Le savoir change tout. La comp\u00e9titivit\u00e9 d\u2019une soci\u00e9t\u00e9 passe par le savoir qu\u2019elle d\u00e9tient.<\/strong><\/em><\/p>\n<p><em><strong>Raymond Guy Par\u00e9 votre professeur est\u00a0 membre fondateur de la Fondation Paul\u00a0 Henri L\u00e9vesque de la Facult\u00e9 de psychologie de l\u2019Universit\u00e9 Laval et membre fondateur de CORPIC,\u00a0 la plus importante association de propri\u00e9taires immobiliers au Qu\u00e9bec. et de Florida First a Boca Raton en Floride Il a \u00e9t\u00e9 aussi membre du comit\u00e9 consultatif sur le comit\u00e9 d\u2019analyse du d\u00e9veloppent des r\u00e9sidences pour personnes autonomes et semi autonomes pour le gouvernement f\u00e9d\u00e9ral.<\/strong><\/em><\/p>\n<\/div>\n<\/div>\n<\/div>\n<\/div>\n<\/div>\n<div class=\"wpb_column vc_column_container vc_col-sm-12\">\n<div class=\"vc_column-inner \">\n<div class=\"wpb_wrapper\"><\/div>\n<\/div>\n<\/div>\n<\/div>\n<div class=\"vc_row wpb_row vc_row-fluid\">\n<div class=\"wpb_column vc_column_container vc_col-sm-8\">\n<div class=\"vc_column-inner \">\n<div class=\"wpb_wrapper\">\n<div class=\"wpb_text_column wpb_content_element \">\n<div class=\"wpb_wrapper\">\n<p><strong>Cette formation en n\u00e9gociation vous permettra:\u00a0 \u00a0 \u00a0 \u00a0 \u00a0 \u00a0 \u00a0 \u00a0 \u00a0 \u00a0 \u00a0 \u00a0 \u00a0 \u00a0 \u00a0 \u00a0 \u00a0 \u00a0 \u00a0 \u00a0 \u00a0 \u00a0 \u00a0 \u00a0 \u00a0 \u00a0 \u00a0 \u00a0 \u00a0 \u00a0 \u00a0 \u00a0 \u00a0 \u00a0 \u00a0 \u00a0 \u00a0 \u00a0 \u00a0 \u00a0 \u00a0<\/strong><\/p>\n<p><strong>\u00a0 \u00a0 \u00a0 \u00a0 \u00a0 \u00a0 \u00a0\u00a0<\/strong><img loading=\"lazy\" decoding=\"async\" class=\" wp-image-3028 alignright\" src=\"https:\/\/lagrandeecoledesaffaires.com\/wp-content\/uploads\/2019\/05\/generations.png\" alt=\"\" width=\"327\" height=\"210\" \/><\/p>\n<ul>\n<li>\u00a0LES 12 ATTITUDES GAGNANTES EN N\u00c9GOCIATION<\/li>\n<li>UTILISER UN RELATIONNEL SUBTIL ET EFFICACE<\/li>\n<li>D\u00c9VELOPPER UNE APPROCHE DIPLOMATIQUE<\/li>\n<li>UTILISATION DE TACTIQUES ET STRAT\u00c9GIES STRUCTUR\u00c9ES<\/li>\n<li>UNE PR\u00c9PARATION AD\u00c9QUATE<\/li>\n<li>SAVOIR LE POURQUOI, LE POURQUOI DU POURQUOI (KAISEN)<\/li>\n<li>TRAVAILLER SUR\u00a0UNE COMPR\u00c9HENSION DES ENJEUX R\u00c9CIPROQUES<\/li>\n<li>LA COHABITATION DES G\u00c9N\u00c9RATIONS<\/li>\n<li>SAVOIR MA\u00ceTRISER LE SILENCE ET EN FAIRE UN ALLI\u00c9<\/li>\n<li>D\u00c9VELOPPEMENT D\u2019UNE \u00c9COUTE \u00a0ET D\u2019UNE PAROLE ACTIVE<\/li>\n<li>LE FONCTIONNEMENT DU CERVEAU\u00a0DROIT\u00a0ET\u00a0GAUCHE<\/li>\n<li>TEST \u00caTES VOUS CERVEAU\u00a0DROIT\u00a0OU\u00a0GAUCHE<\/li>\n<li>S\u2019ADAPTER AUX PERSONNALIT\u00c9S<\/li>\n<li>COMPOSER AVEC DES GENS DIFFICILES ET DE MAUVAISE FOI<\/li>\n<li>UTILISER LE LANGAGE DU CORPS<\/li>\n<li>VISUELS OU AUDITIFS ET SAVOIR COMPOSER<img loading=\"lazy\" decoding=\"async\" class=\" wp-image-3033 alignright\" src=\"https:\/\/lagrandeecoledesaffaires.com\/wp-content\/uploads\/2019\/05\/Cerveau-2-1.jpg\" sizes=\"auto, (max-width: 199px) 100vw, 199px\" srcset=\"https:\/\/lagrandeecoledesaffaires.com\/wp-content\/uploads\/2019\/05\/Cerveau-2-1.jpg 300w, https:\/\/lagrandeecoledesaffaires.com\/wp-content\/uploads\/2019\/05\/Cerveau-2-1-150x150.jpg 150w\" alt=\"\" width=\"199\" height=\"198\" \/><\/li>\n<li>MAINTENIR UN CONTR\u00d4LE DES SITUATIONS\u00a0 ACCRUES<\/li>\n<li>SAVOIR G\u00c9RER SES \u00c9MOTIONS EN TOUT TEMPS<\/li>\n<li>SAVOIR AM\u00c9LIORER LA COMMUNICATION ENTRE LES DIFF\u00c9RENTS D\u00c9PARTEMENTS,\u00a0SUCCURSALES<\/li>\n<li>AVOIR UN QUESTIONNEMENT EFFICACE ET SAVOIR FINALISER DANS LE RESPECT DES INTERVENANTS<\/li>\n<li>AM\u00c9LIORER LA GESTION DES CONFLITS<\/li>\n<li>SE RAPPELER QUE L\u2019AVENIR EST UN INCONTOURNABLE<\/li>\n<\/ul>\n<p>&nbsp;<\/p>\n<p><b>AETS, Association des \u00e9tudiants de L\u2019\u00c9cole de Technologie Sup\u00e9rieure ETS, N\u00e9gociation et Courage Manag\u00e9rial . Vous connaissez tr\u00e8s bien le contexte op\u00e9rationnel d\u2019un ing\u00e9nieur. Merci de vous \u00eatre adapt\u00e9 a notre profession.<\/b><\/p>\n<p>LKQ ,Formation en N\u00e9gociation,\u00a0Formation en\u00a0Leadership de Gestion, Formation en Courage Manag\u00e9rial pour les cadres de l\u2019entreprise au Quebec et Ottawa. Augmentation des ventes et r\u00e9tention client\u00e8le importante.<\/p>\n<p>L\u2019attitude du n\u00e9gociateur, son \u00e9coute, sa capacit\u00e9 de contr\u00f4ler et g\u00e9rer ses \u00e9motions sont des \u00e9l\u00e9ments cl\u00e9s dans une n\u00e9gociation , commerciale, syndicale, gestion de projets, environnementale, familiale ou personnelle.<\/p>\n<p><strong><em>L\u2019Attitude, le nerf de la r\u00e9ussite en n\u00e9gociation<\/em><\/strong><\/p>\n<p>Le club de hockey\u00a0\u00a0<strong>Canadien de Montr\u00e9al:<\/strong>\u00a0La probl\u00e9matique l\u2019attitude des membres de l\u2019\u00e9quipe<\/p>\n<p><strong>L\u2019Impact<\/strong>\u00a0: Probl\u00e8me d\u2019attitude<\/p>\n<p><strong>Disney<\/strong>: Son succ\u00e8s l\u2019attitude de son personnel<\/p>\n<p>Journal de Montr\u00e9al 14 Avril, 22 Avril &amp; 24 Avril 2018<\/p>\n<p><strong><em>Le client est la valeur m\u00eame de votre entreprise.<\/em><\/strong><\/p>\n<p>&nbsp;<\/p>\n<p><strong>Seulement 5% des gestionnaires en Am\u00e9rique du Nord ont suivis une formation en N\u00e9gociation (<em>Universit\u00e9 de Harvard<\/em>)<\/strong>.<\/p>\n<p>Les comp\u00e9tences\u00a0 que vous aurez acquises sont \u00e9galement reconnues et accr\u00e9dit\u00e9es par\u00a0 la majorit\u00e9 des ordres professionnelles<\/p>\n<p>Le cours en n\u00e9gociation est offert a Montr\u00e9al, Longueuil, Laval, Gatineau, Sherbrooke, Drummondville, Qu\u00e9bec, Chicoutimi, Rimouski ou dans votre entreprise ou organisation.<\/p>\n<p>&nbsp;<\/p>\n<div id=\"event_wrapper\">\n<div id=\"event_container_pagination\">\n<div id=\"event_content\" class=\"event_content\">\n<div id=\"event_data-241\" class=\"event_data lart-de-negocier-i-1486057093 event-data-display event-list-display event-display-boxes ui-widget\">\n<h3 id=\"event_title-241\" class=\"event_title ui-widget-header ui-corner-top\"><a id=\"a_event_title-241\" class=\"a_event_title\" title=\"QU\u00c9BEC - Formation Art de n\u00e9gocier\" href=\"https:\/\/lagrandeecoledesaffaires.com\/index.php\/calendrier\/?ee=241\">QU\u00c9BEC &#8211; Formation Art de n\u00e9gocier<\/a><\/h3>\n<div class=\"event-data-display ui-widget-content ui-corner-bottom\">\n<div class=\"event-desc\">\n<p>2 jours de 8 h 30 \u00e0 16 h.<\/p>\n<\/div>\n<div class=\"event-meta clearfix\">\n<p id=\"p_event_price-241\" class=\"event_price\"><span class=\"section-title\">Prix :\u00a0<\/span>C$899.00<\/p>\n<p id=\"event_date-241\"><span class=\"section-title\">Date :\u00a0<\/span>24\u00a0 &amp; 25 septembre 2019 <a id=\"espresso_ical_241\" class=\"espresso_ical_link\" title=\"Import au format iCal\" href=\"https:\/\/lagrandeecoledesaffaires.com\/?iCal=true&amp;current_year=2019&amp;current_month=09&amp;current_day=14&amp;current_time=095652&amp;event_id=241&amp;ee_reg_id=8nsnlrbn8vp0usqpsdqn0ktt10-5d7cec428a3053.43707877&amp;contact_email=info@lagrandeecoledesaffaires.com&amp;start_year=2019&amp;start_month=09&amp;start_day=24&amp;start_time=080000&amp;end_year=2019&amp;end_month=09&amp;end_day=24&amp;end_time=170000&amp;event_summary=QU%C3%89BEC%20-%20Formation%20Art%20de%20n%C3%A9gocier&amp;ee_reg_url=https:\/\/lagrandeecoledesaffaires.com\/index.php\/calendrier\/?ee=241&amp;site_url=https:\/\/lagrandeecoledesaffaires.com&amp;organization=La%20grande%20%C3%A9cole%20des%20affaires&amp;location=3115,%20Avenue%20des%20H%C3%B4tels%20Qu%C3%A9bec,%20Qu%C3%A9bec%20G1W3Z6%20Canada\"><img decoding=\"async\" src=\"https:\/\/lagrandeecoledesaffaires.com\/wp-content\/plugins\/event-espresso\/images\/icons\/calendar_link.png\" \/><\/a><\/p>\n<\/div>\n<p id=\"register_link-241\" class=\"register-link-footer\"><a id=\"a_register_link-241\" class=\"a_register_link ui-button ui-button-big ui-priority-primary ui-state-default ui-state-hover ui-state-focus ui-corner-all\" title=\"QU\u00c9BEC - Formation Art de n\u00e9gocier\" href=\"https:\/\/lagrandeecoledesaffaires.com\/index.php\/calendrier\/?ee=241\">R\u00e9server en ligne<\/a><\/p>\n<\/div>\n<\/div>\n<div id=\"event_data-232\" class=\"event_data lart-de-negocier-i-1486057093 event-data-display event-list-display event-display-boxes ui-widget\">\n<h3 id=\"event_title-232\" class=\"event_title ui-widget-header ui-corner-top\"><a id=\"a_event_title-232\" class=\"a_event_title\" title=\"MONTR\u00c9AL- Art de n\u00e9gocier\" href=\"https:\/\/lagrandeecoledesaffaires.com\/index.php\/calendrier\/?ee=232\">MONTR\u00c9AL- Art de n\u00e9gocier<\/a><\/h3>\n<div class=\"event-data-display ui-widget-content ui-corner-bottom\">\n<div class=\"event-desc\">\n<p>2 jours de 8 h 30 \u00e0 16 h<\/p>\n<\/div>\n<div class=\"event-meta clearfix\">\n<p id=\"p_event_price-232\" class=\"event_price\"><span class=\"section-title\">Prix :\u00a0<\/span>C$899.00<\/p>\n<p id=\"event_date-232\"><span class=\"section-title\">Date :\u00a0<\/span>15 &amp; 16 octobre 2019 <a id=\"espresso_ical_232\" class=\"espresso_ical_link\" title=\"Import au format iCal\" href=\"https:\/\/lagrandeecoledesaffaires.com\/?iCal=true&amp;current_year=2019&amp;current_month=09&amp;current_day=14&amp;current_time=095653&amp;event_id=232&amp;ee_reg_id=8nsnlrbn8vp0usqpsdqn0ktt10-5d7cec428a3053.43707877&amp;contact_email=info@lagrandeecoledesaffaires.com&amp;start_year=2019&amp;start_month=10&amp;start_day=15&amp;start_time=132500&amp;end_year=2019&amp;end_month=10&amp;end_day=15&amp;end_time=132500&amp;event_summary=MONTR%C3%89AL-%20Art%20de%20n%C3%A9gocier&amp;ee_reg_url=https:\/\/lagrandeecoledesaffaires.com\/index.php\/calendrier\/?ee=232&amp;site_url=https:\/\/lagrandeecoledesaffaires.com&amp;organization=La%20grande%20%C3%A9cole%20des%20affaires&amp;location=1,%20boulevard%20Ren%C3%A9-L%C3%A9vesque%20est%20Qu%C3%A9bec,%20Qu%C3%A9bec%20H2X%203Z5%20Canada\"><img decoding=\"async\" src=\"https:\/\/lagrandeecoledesaffaires.com\/wp-content\/plugins\/event-espresso\/images\/icons\/calendar_link.png\" \/><\/a><\/p>\n<\/div>\n<p id=\"register_link-232\" class=\"register-link-footer\"><a id=\"a_register_link-232\" class=\"a_register_link ui-button ui-button-big ui-priority-primary ui-state-default ui-state-hover ui-state-focus ui-corner-all\" title=\"MONTR\u00c9AL- Art de n\u00e9gocier\" href=\"https:\/\/lagrandeecoledesaffaires.com\/index.php\/calendrier\/?ee=232\">R\u00e9server en ligne<\/a><\/p>\n<\/div>\n<\/div>\n<div id=\"event_data-248\" class=\"event_data lart-de-negocier-i-1486057093 event-data-display event-list-display event-display-boxes ui-widget\">\n<h3 id=\"event_title-248\" class=\"event_title ui-widget-header ui-corner-top\"><a id=\"a_event_title-248\" class=\"a_event_title\" title=\"MONTR\u00c9AL - Formation Art de n\u00e9gocier\" href=\"https:\/\/lagrandeecoledesaffaires.com\/index.php\/calendrier\/?ee=248\">MONTR\u00c9AL &#8211; Formation Art de n\u00e9gocier<\/a><\/h3>\n<div class=\"event-data-display ui-widget-content ui-corner-bottom\">\n<div class=\"event-desc\">\n<p>2 jours de 8 h 30 \u00e0 16 h<\/p>\n<\/div>\n<div class=\"event-meta clearfix\">\n<p id=\"p_event_price-248\" class=\"event_price\"><span class=\"section-title\">Prix :\u00a0<\/span>C$899.00<\/p>\n<p id=\"event_date-248\"><span class=\"section-title\">Date :\u00a0<\/span>3 &amp; 4 d\u00e9cembre 2019 <a id=\"espresso_ical_248\" class=\"espresso_ical_link\" title=\"Import au format iCal\" href=\"https:\/\/lagrandeecoledesaffaires.com\/?iCal=true&amp;current_year=2019&amp;current_month=09&amp;current_day=14&amp;current_time=095653&amp;event_id=248&amp;ee_reg_id=8nsnlrbn8vp0usqpsdqn0ktt10-5d7cec428a3053.43707877&amp;contact_email=info@lagrandeecoledesaffaires.com&amp;start_year=2019&amp;start_month=12&amp;start_day=03&amp;start_time=094700&amp;end_year=2019&amp;end_month=12&amp;end_day=03&amp;end_time=094700&amp;event_summary=MONTR%C3%89AL%20-%20Formation%20Art%20de%20n%C3%A9gocier&amp;ee_reg_url=https:\/\/lagrandeecoledesaffaires.com\/index.php\/calendrier\/?ee=248&amp;site_url=https:\/\/lagrandeecoledesaffaires.com&amp;organization=La%20grande%20%C3%A9cole%20des%20affaires&amp;location=1,%20boulevard%20Ren%C3%A9-L%C3%A9vesque%20est%20Qu%C3%A9bec,%20Qu%C3%A9bec%20H2X%203Z5%20Canada\"><img decoding=\"async\" src=\"https:\/\/lagrandeecoledesaffaires.com\/wp-content\/plugins\/event-espresso\/images\/icons\/calendar_link.png\" \/><\/a><\/p>\n<\/div>\n<p id=\"register_link-248\" class=\"register-link-footer\"><a id=\"a_register_link-248\" class=\"a_register_link ui-button ui-button-big ui-priority-primary ui-state-default ui-state-hover ui-state-focus ui-corner-all\" title=\"MONTR\u00c9AL - Formation Art de n\u00e9gocier\" href=\"https:\/\/lagrandeecoledesaffaires.com\/index.php\/calendrier\/?ee=248\">R\u00e9server en ligne<\/a><\/p>\n<\/div>\n<\/div>\n<div id=\"event_data-260\" class=\"event_data lart-de-negocier-i-1486057093 event-data-display event-list-display event-display-boxes ui-widget\">\n<h3 id=\"event_title-260\" class=\"event_title ui-widget-header ui-corner-top\"><a id=\"a_event_title-260\" class=\"a_event_title\" title=\"QU\u00c9BEC - Formation Art de n\u00e9gocier\" href=\"https:\/\/lagrandeecoledesaffaires.com\/index.php\/calendrier\/?ee=260\">QU\u00c9BEC &#8211; Formation Art de n\u00e9gocier<\/a><\/h3>\n<div class=\"event-data-display ui-widget-content ui-corner-bottom\">\n<div class=\"event-desc\">\n<p>2 jours de 8 h 30 \u00e0 16 h<\/p>\n<\/div>\n<div class=\"event-meta clearfix\">\n<p id=\"p_event_price-260\" class=\"event_price\"><span class=\"section-title\">Prix :\u00a0<\/span>C$899.00<\/p>\n<p id=\"event_date-260\"><span class=\"section-title\">Date :\u00a0<\/span>11 &amp; 12 d\u00e9cembre 2019 <a id=\"espresso_ical_260\" class=\"espresso_ical_link\" title=\"Import au format iCal\" href=\"https:\/\/lagrandeecoledesaffaires.com\/?iCal=true&amp;current_year=2019&amp;current_month=09&amp;current_day=14&amp;current_time=095653&amp;event_id=260&amp;ee_reg_id=8nsnlrbn8vp0usqpsdqn0ktt10-5d7cec428a3053.43707877&amp;contact_email=info@lagrandeecoledesaffaires.com&amp;start_year=2019&amp;start_month=12&amp;start_day=11&amp;start_time=080000&amp;end_year=2019&amp;end_month=12&amp;end_day=11&amp;end_time=170000&amp;event_summary=QU%C3%89BEC%20-%20Formation%20Art%20de%20n%C3%A9gocier&amp;ee_reg_url=https:\/\/lagrandeecoledesaffaires.com\/index.php\/calendrier\/?ee=260&amp;site_url=https:\/\/lagrandeecoledesaffaires.com&amp;organization=La%20grande%20%C3%A9cole%20des%20affaires&amp;location=3115,%20Avenue%20des%20H%C3%B4tels%20Qu%C3%A9bec,%20Qu%C3%A9bec%20G1W3Z6%20Canada\"><img decoding=\"async\" src=\"https:\/\/lagrandeecoledesaffaires.com\/wp-content\/plugins\/event-espresso\/images\/icons\/calendar_link.png\" \/><\/a><\/p>\n<\/div>\n<p id=\"register_link-260\" class=\"register-link-footer\"><a id=\"a_register_link-260\" class=\"a_register_link ui-button ui-button-big ui-priority-primary ui-state-default ui-state-hover ui-state-focus ui-corner-all\" title=\"QU\u00c9BEC - Formation Art de n\u00e9gocier\" href=\"https:\/\/lagrandeecoledesaffaires.com\/index.php\/calendrier\/?ee=260\">R\u00e9server en ligne<\/a><\/p>\n<\/div>\n<\/div>\n<\/div>\n<\/div>\n<\/div>\n<\/div>\n<\/div>\n<\/div>\n<\/div>\n<\/div>\n<div class=\"wpb_column vc_column_container vc_col-sm-4\">\n<div class=\"vc_column-inner \">\n<div class=\"wpb_wrapper\">\n<div class=\"wpb_text_column wpb_content_element vc_custom_1557325333715\">\n<div class=\"wpb_wrapper\">\n<p>Co\u00fbt : 899$ + tps et tvq<\/p>\n<p>Dur\u00e9e : 2 jours (14h), de 8h30 \u00e0 16h<\/p>\n<p>D\u00e9tail : Formation en n\u00e9gociation interactive et professionnelle, mat\u00e9riel didactique, attestation de meilleur n\u00e9gociateur, pr\u00e9sentation visuelle PowerPoint Haute D\u00e9finition, pauses-caf\u00e9 incluses.<br \/>\nLe professeur est bilingue et le mat\u00e9riel peut \u00eatre fourni en anglais. Le \u00ab\u00a0Power point\u00a0\u00bb est bilingue.<\/p>\n<p>Formation accr\u00e9dit\u00e9e par :<\/p>\n<ul>\n<li>Emploi Qu\u00e9bec : 14 UFC<\/li>\n<li>Chambre de la s\u00e9curit\u00e9 financi\u00e9re 10 UFC<\/li>\n<li>OACIQ Courtage immobilier 10 UFC<\/li>\n<\/ul>\n<p><em>UFC = Unit\u00e9s formation continue<\/em><\/p>\n<p><strong>Les techniques de n\u00e9gociation sont reconnu\u00a0 par la majorit\u00e9 des Associations et Ordres Professionnels ainsi que par CSF<\/strong><\/p>\n<p><strong>Ce s\u00e9minaire en n\u00e9gociation est \u00e9galement disponible\u00a0<a href=\"http:\/\/www.lapetiteuniversite.com\/fr\/en-entreprise\">en entreprise<\/a>\u00a0et adapt\u00e9e \u00e0 votre environnement et situation actuelle.<\/strong><\/p>\n<p>______________________________________________________________<\/p>\n<header class=\"entry-header\">\n<h1 class=\"entry-title \"><span style=\"color: #ff6600;\"><strong>Formation en n\u00e9gociation : L\u2019art de n\u00e9gocier II\u00a0<\/strong><\/span><\/h1>\n<hr class=\"featurette-divider __before_content\" \/>\n<\/header>\n<div class=\"entry-content\">\n<div class=\"vc_row wpb_row vc_row-fluid\">\n<div class=\"wpb_column vc_column_container vc_col-sm-12\">\n<div class=\"vc_column-inner \">\n<div class=\"wpb_wrapper\">\n<div class=\"wpb_text_column wpb_content_element \">\n<div class=\"wpb_wrapper\">\n<h2>La n\u00e9gociation est de plus en plus pr\u00e9sente. La formation en n\u00e9gociation avanc\u00e9e permet de faciliter l\u2019atteinte de nos objectifs financier, professionnel et personnel.C\u2019est un incontournable.<\/h2>\n<h3><strong><img loading=\"lazy\" decoding=\"async\" class=\"alignnone size-full wp-image-1221\" src=\"https:\/\/lagrandeecoledesaffaires.com\/wp-content\/uploads\/2017\/01\/logo-emploiqc.png\" alt=\"\" width=\"169\" height=\"79\" \/><img loading=\"lazy\" decoding=\"async\" class=\"alignnone size-full wp-image-1220\" src=\"https:\/\/lagrandeecoledesaffaires.com\/wp-content\/uploads\/2017\/01\/logo-barreau.png\" alt=\"\" width=\"157\" height=\"79\" \/><\/strong><\/h3>\n<p>+ de\u00a026 000\u00a0participants \u00e0 ce jour! Ce cours en n\u00e9gociation strat\u00e9gique a \u00e9t\u00e9 mis \u00e0 niveau en 2018<\/p>\n<h3><strong>Maximisez votre pouvoir de n\u00e9gociation.<\/strong><\/h3>\n<p>Il faut avancer avec et non plus contre l\u2019autre. Il s\u2019agit de transformer nos interlocuteurs en partenaires. La capacit\u00e9 \u00e0 bien conduire une n\u00e9gociation constitue aujourd\u2019hui la comp\u00e9tence qui fait toute la diff\u00e9rence.<\/p>\n<p>Que nous soyons dans une n\u00e9gociation commerciale, professionnelle, personnelle, syndicale, immobili\u00e8re ou autre les principes de base de la n\u00e9gociation s\u2019applique.<\/p>\n<p><strong>Cette formation en n\u00e9gociation vous permettra:<\/strong><\/p>\n<p>D\u00e9velopper un questionnement puissant\u00a0 \u00a0 \u00a0 \u00a0 \u00a0 \u00a0 \u00a0 \u00a0 \u00a0 \u00a0 \u00a0 \u00a0 \u00a0 \u00a0 \u00a0 \u00a0 \u00a0 \u00a0 \u00a0 \u00a0 \u00a0 \u00a0 \u00a0 \u00a0 \u00a0 \u00a0 \u00a0 \u00a0 \u00a0 \u00a0 \u00a0 \u00a0 \u00a0 \u00a0 \u00a0\u00a0<img loading=\"lazy\" decoding=\"async\" class=\"wp-image-2106 alignleft\" src=\"https:\/\/lagrandeecoledesaffaires.com\/wp-content\/uploads\/2018\/05\/Questionnement-1024x1021.jpg\" sizes=\"auto, (max-width: 225px) 100vw, 225px\" srcset=\"https:\/\/lagrandeecoledesaffaires.com\/wp-content\/uploads\/2018\/05\/Questionnement-1024x1021.jpg 1024w, https:\/\/lagrandeecoledesaffaires.com\/wp-content\/uploads\/2018\/05\/Questionnement-150x150.jpg 150w, https:\/\/lagrandeecoledesaffaires.com\/wp-content\/uploads\/2018\/05\/Questionnement-300x300.jpg 300w, https:\/\/lagrandeecoledesaffaires.com\/wp-content\/uploads\/2018\/05\/Questionnement-768x766.jpg 768w, https:\/\/lagrandeecoledesaffaires.com\/wp-content\/uploads\/2018\/05\/Questionnement-600x598.jpg 600w, https:\/\/lagrandeecoledesaffaires.com\/wp-content\/uploads\/2018\/05\/Questionnement.jpg 1600w\" alt=\"\" width=\"225\" height=\"224\" \/><\/p>\n<ul>\n<li>D\u00e9passer l\u2019approche instinctive<\/li>\n<li>Unicit\u00e9 de solutions<\/li>\n<li>Trois atouts relatif aux personnes et 4 relatifs aux probl\u00e8mes\u00a0 \u00a0 \u00a0 \u00a0 \u00a0 \u00a0 \u00a0 \u00a0 \u00a0 \u00a0 \u00a0 \u00a0 \u00a0 \u00a0 \u00a0 \u00a0 \u00a0 \u00a0 \u00a0 \u00a0 \u00a0 \u00a0 \u00a0 \u00a0<img loading=\"lazy\" decoding=\"async\" class=\" wp-image-2098 alignright\" src=\"https:\/\/lagrandeecoledesaffaires.com\/wp-content\/uploads\/2018\/05\/generation.jpg\" sizes=\"auto, (max-width: 305px) 100vw, 305px\" srcset=\"https:\/\/lagrandeecoledesaffaires.com\/wp-content\/uploads\/2018\/05\/generation.jpg 528w, https:\/\/lagrandeecoledesaffaires.com\/wp-content\/uploads\/2018\/05\/generation-300x205.jpg 300w\" alt=\"\" width=\"305\" height=\"208\" \/><\/li>\n<li>L\u2019essentiel avant l\u2019\u00e9vident<\/li>\n<li>La cr\u00e9ation et r\u00e9partition de la valeur<\/li>\n<li>La gestion du temps en n\u00e9gociation<\/li>\n<li>La n\u00e9gociation verticale, multilat\u00e9rale et multiculturelle<\/li>\n<li>\u00c9coute et parole active<\/li>\n<li>Le jeu de l\u2019\u00e9coute active et de la parole active combin\u00e9e<\/li>\n<li>G\u00e9rer les \u00e9motions<\/li>\n<li>Analyse des \u00e9motions r\u00e9ciproques<\/li>\n<li>G\u00e9rer la la complexit\u00e9 des diff\u00e9rents<\/li>\n<li>Tactiques de n\u00e9gociation<\/li>\n<li>Analyse du regarda cohabitation des g\u00e9n\u00e9rations<\/li>\n<li><img loading=\"lazy\" decoding=\"async\" class=\"wp-image-2088 alignright\" src=\"https:\/\/lagrandeecoledesaffaires.com\/wp-content\/uploads\/2018\/05\/Langage-corporel.jpg\" sizes=\"auto, (max-width: 361px) 100vw, 361px\" srcset=\"https:\/\/lagrandeecoledesaffaires.com\/wp-content\/uploads\/2018\/05\/Langage-corporel.jpg 493w, https:\/\/lagrandeecoledesaffaires.com\/wp-content\/uploads\/2018\/05\/Langage-corporel-300x84.jpg 300w\" alt=\"\" width=\"361\" height=\"101\" \/>Le langage du corps et analyse du regard<\/li>\n<li>\u00c9valuer et formaliser les points d\u2019ententes<\/li>\n<\/ul>\n<p>Votre Leadership et votre Courage Manag\u00e9rial seront mis a l\u2019\u00e9preuve. Cela fait partie du jeu de la n\u00e9gociation. La n\u00e9gociation peut a l\u2019occasion \u00eatre consid\u00e9r\u00e9 comme une pi\u00e8ce de th\u00e9\u00e2tre.<\/p>\n<p>Il ne faut jamais se surestim\u00e9 et sous estim\u00e9 l\u2019autre. La ma\u00eetrise de soi et la notion de respect sont essentiels afin de clore une n\u00e9gociation dans un climat serein en pensant au lendemain. Il est impossible d\u2019arr\u00eater le temps.<\/p>\n<\/div>\n<\/div>\n<\/div>\n<\/div>\n<\/div>\n<\/div>\n<div class=\"vc_row wpb_row vc_row-fluid\">\n<div class=\"wpb_column vc_column_container vc_col-sm-8\">\n<div class=\"vc_column-inner \">\n<div class=\"wpb_wrapper\">\n<div class=\"wpb_text_column wpb_content_element \">\n<div class=\"wpb_wrapper\">\n<p>Dans cette nouvelle approche, les r\u00f4les de chacun \u00e9voluent. Il est celui\/celle qui r\u00e9ussit \u00e0 \u00a0monter et faire valider des projets novateurs; \u00e0 g\u00e9rer et r\u00e9soudre les conflits; \u00e0 augmenter les ressources de l\u2019organisation pour laquelle il agit, \u00e0 diminuer ses co\u00fbts, am\u00e9liorer son image en externe et son climat en interne.<\/p>\n<p>Les meilleures techniques de n\u00e9gociation\u00a0sont aujourd\u2019hui indispensables pour les responsables\u00a0des organisations. Les comp\u00e9tences de\u00a0n\u00e9gociation strat\u00e9gique contribuent\u00a0plus largement \u00e0 l\u2019\u00e9volution de nos soci\u00e9t\u00e9s.La n\u00e9gociation est une gestion de projet structur\u00e9.<\/p>\n<p>Mais\u00a0le fait d\u2019\u00eatre\u00a0un bon\u00a0n\u00e9gociateur n\u2019est gu\u00e8re de g\u00e9n\u00e9ration spontan\u00e9e. Les meilleures techniques de n\u00e9gociation et les meilleures comp\u00e9tences de n\u00e9gociation peuvent s\u2019acqu\u00e9rir gr\u00e2ce \u00e0 une formation professionnelle de qualit\u00e9.<\/p>\n<p>&nbsp;<\/p>\n<p>Ce cour en n\u00e9gociation avanc\u00e9 se donne a Laval,Longueuil, Gatineau,Ottawa, Montr\u00e9al, Sherbrooke, Drummondville, Chicoutimi, Qu\u00e9bec et Kuujjuaq. Partout au Canada et en Europe en entreprise.<\/p>\n<div id=\"event_wrapper\">\n<div id=\"event_container_pagination\">\n<div id=\"event_content\" class=\"event_content\">\n<div id=\"event_data-266\" class=\"event_data lart-de-negocier-ii-1486057100 event-data-display event-list-display event-display-boxes ui-widget\">\n<h3 id=\"event_title-266\" class=\"event_title ui-widget-header ui-corner-top\"><a id=\"a_event_title-266\" class=\"a_event_title\" title=\"MONTR\u00c9AL - Formation Art de n\u00e9gocier 2\" href=\"https:\/\/lagrandeecoledesaffaires.com\/index.php\/calendrier\/?ee=266\">MONTR\u00c9AL &#8211; Formation Art de n\u00e9gocier 2<\/a><\/h3>\n<div class=\"event-data-display ui-widget-content ui-corner-bottom\">\n<div class=\"event-desc\">\n<p>2 jours de 8 h 30 \u00e0 16 h.<\/p>\n<\/div>\n<div class=\"event-meta clearfix\">\n<p id=\"p_event_price-266\" class=\"event_price\"><span class=\"section-title\">Prix :\u00a0<\/span>C$899.00<\/p>\n<p id=\"event_date-266\"><span class=\"section-title\">Date :\u00a0<\/span>13 &amp; 14 novembre 2019 <a id=\"espresso_ical_266\" class=\"espresso_ical_link\" title=\"Import au format iCal\" href=\"https:\/\/lagrandeecoledesaffaires.com\/?iCal=true&amp;current_year=2019&amp;current_month=09&amp;current_day=14&amp;current_time=101134&amp;event_id=266&amp;ee_reg_id=9mhcdg7qv1vnc1ossm42u3cr64-5d7cf4ed95e650.71155306&amp;contact_email=info@lagrandeecoledesaffaires.com&amp;start_year=2019&amp;start_month=11&amp;start_day=13&amp;start_time=063900&amp;end_year=2019&amp;end_month=11&amp;end_day=13&amp;end_time=063900&amp;event_summary=MONTR%C3%89AL%20-%20Formation%20Art%20de%20n%C3%A9gocier%202&amp;ee_reg_url=https:\/\/lagrandeecoledesaffaires.com\/index.php\/calendrier\/?ee=266&amp;site_url=https:\/\/lagrandeecoledesaffaires.com&amp;organization=La%20grande%20%C3%A9cole%20des%20affaires&amp;location=1,%20boulevard%20Ren%C3%A9-L%C3%A9vesque%20est%20Qu%C3%A9bec,%20Qu%C3%A9bec%20H2X%203Z5%20Canada\"><img decoding=\"async\" src=\"https:\/\/lagrandeecoledesaffaires.com\/wp-content\/plugins\/event-espresso\/images\/icons\/calendar_link.png\" \/><\/a><\/p>\n<\/div>\n<p id=\"register_link-266\" class=\"register-link-footer\"><a id=\"a_register_link-266\" class=\"a_register_link ui-button ui-button-big ui-priority-primary ui-state-default ui-state-hover ui-state-focus ui-corner-all\" title=\"MONTR\u00c9AL - Formation Art de n\u00e9gocier 2\" href=\"https:\/\/lagrandeecoledesaffaires.com\/index.php\/calendrier\/?ee=266\">R\u00e9server en ligne<\/a><\/p>\n<\/div>\n<\/div>\n<div id=\"event_data-244\" class=\"event_data lart-de-negocier-ii-1486057100 event-data-display event-list-display event-display-boxes ui-widget\">\n<h3 id=\"event_title-244\" class=\"event_title ui-widget-header ui-corner-top\"><a id=\"a_event_title-244\" class=\"a_event_title\" title=\"QU\u00c9BEC - Formation Art de n\u00e9gocier 2\" href=\"https:\/\/lagrandeecoledesaffaires.com\/index.php\/calendrier\/?ee=244\">QU\u00c9BEC &#8211; Formation Art de n\u00e9gocier 2<\/a><\/h3>\n<div class=\"event-data-display ui-widget-content ui-corner-bottom\">\n<div class=\"event-desc\">\n<p>2 jours de 8 h 30 \u00e0 16 h.<\/p>\n<\/div>\n<div class=\"event-meta clearfix\">\n<p id=\"p_event_price-244\" class=\"event_price\"><span class=\"section-title\">Prix :\u00a0<\/span>C$899.00<\/p>\n<p id=\"event_date-244\"><span class=\"section-title\">Date :\u00a0<\/span>19 &amp; 20 novembre 2019 <a id=\"espresso_ical_244\" class=\"espresso_ical_link\" title=\"Import au format iCal\" href=\"https:\/\/lagrandeecoledesaffaires.com\/?iCal=true&amp;current_year=2019&amp;current_month=09&amp;current_day=14&amp;current_time=101134&amp;event_id=244&amp;ee_reg_id=9mhcdg7qv1vnc1ossm42u3cr64-5d7cf4ed95e650.71155306&amp;contact_email=info@lagrandeecoledesaffaires.com&amp;start_year=2019&amp;start_month=11&amp;start_day=19&amp;start_time=093000&amp;end_year=2019&amp;end_month=11&amp;end_day=19&amp;end_time=093000&amp;event_summary=QU%C3%89BEC%20-%20Formation%20Art%20de%20n%C3%A9gocier%202&amp;ee_reg_url=https:\/\/lagrandeecoledesaffaires.com\/index.php\/calendrier\/?ee=244&amp;site_url=https:\/\/lagrandeecoledesaffaires.com&amp;organization=La%20grande%20%C3%A9cole%20des%20affaires&amp;location=1,%20boulevard%20Ren%C3%A9-L%C3%A9vesque%20est%20Montr%C3%A9al,%20Qu%C3%A9bec%20H2X%203Z5%20Canada\"><img decoding=\"async\" src=\"https:\/\/lagrandeecoledesaffaires.com\/wp-content\/plugins\/event-espresso\/images\/icons\/calendar_link.png\" \/><\/a><\/p>\n<\/div>\n<p id=\"register_link-244\" class=\"register-link-footer\"><a id=\"a_register_link-244\" class=\"a_register_link ui-button ui-button-big ui-priority-primary ui-state-default ui-state-hover ui-state-focus ui-corner-all\" title=\"QU\u00c9BEC - Formation Art de n\u00e9gocier 2\" href=\"https:\/\/lagrandeecoledesaffaires.com\/index.php\/calendrier\/?ee=244\">R\u00e9server e<\/a><\/p>\n<\/div>\n<\/div>\n<\/div>\n<\/div>\n<\/div>\n<\/div>\n<\/div>\n<\/div>\n<\/div>\n<\/div>\n<\/div>\n<\/div>\n<\/div>\n<\/div>\n<div class=\"wpb_widgetised_column wpb_content_element\">\n<div class=\"wpb_wrapper\">\n<aside id=\"text-4\" class=\"widget widget_text\">\n<h3 class=\"widget-title\">LA CERTIFICATION ATTITUDE CLIENT, C\u2019EST INT\u00c9RESSANT ET PAYANT!<\/h3>\n<div class=\"textwidget\">\n<p>Entrevue \u00e0 Radio Canada<\/p>\n<p><img loading=\"lazy\" decoding=\"async\" class=\"alignnone size-medium wp-image-584\" src=\"https:\/\/lagrandeecoledesaffaires.com\/wp-content\/uploads\/2017\/01\/ici-radio-canada-logo-300x791-300x79.png\" alt=\"\" width=\"300\" height=\"79\" \/><\/p>\n<p>&nbsp;<\/p>\n<p><audio id=\"audio-1-1\" class=\"wp-audio-shortcode\" preload=\"none\" controls=\"controls\" data-mce-fragment=\"1\"><\/audio><\/p>\n<\/div>\n<\/aside>\n<aside id=\"text-7\" class=\"widget widget_text\">\n<div class=\"textwidget\">\n<hr \/>\n<p><a href=\"https:\/\/lagrandeecoledesaffaires.com\/index.php\/demande-dinformation-soumission\/\">ESCOMPTE POUR INSCRIPTION MULTIPLES<\/a><\/p>\n<hr \/>\n<\/div>\n<\/aside>\n<aside id=\"text-11\" class=\"widget widget_text\">\n<div class=\"textwidget\">\n<p><a href=\"https:\/\/lagrandeecoledesaffaires.com\/index.php\/temoignages\/\">T\u00e9moignages<\/a><\/p>\n<\/div>\n<\/aside>\n<aside id=\"text-9\" class=\"widget widget_text\">\n<div class=\"textwidget\">\n<hr \/>\n<p><a href=\"https:\/\/lagrandeecoledesaffaires.com\/index.php\/profil-de-votre-formateur\/\">Profil de votre formateur<\/a><\/p>\n<hr \/>\n<\/div>\n<\/aside>\n<\/div>\n<\/div>\n<div class=\"wpb_single_image wpb_content_element vc_align_left\">\n<figure class=\"wpb_wrapper vc_figure\"><a class=\"vc_single_image-wrapper vc_box_border_grey\" href=\"https:\/\/lagrandeecoledesaffaires.com\/index.php\/la-grande-ecole-des-affaires-a-forme-en-attitude-patient-collegue-lensemble-du-personnel-de-lhopital-de-hawkesbury\/\" target=\"_self\" rel=\"noopener noreferrer\"><img loading=\"lazy\" decoding=\"async\" class=\"vc_single_image-img attachment-full\" src=\"https:\/\/lagrandeecoledesaffaires.com\/wp-content\/uploads\/2019\/09\/emergency-web-resolution1-e1567785155586.jpg\" sizes=\"auto, (max-width: 703px) 100vw, 703px\" srcset=\"https:\/\/lagrandeecoledesaffaires.com\/wp-content\/uploads\/2019\/09\/emergency-web-resolution1-e1567785155586.jpg 703w, https:\/\/lagrandeecoledesaffaires.com\/wp-content\/uploads\/2019\/09\/emergency-web-resolution1-e1567785155586-300x163.jpg 300w, https:\/\/lagrandeecoledesaffaires.com\/wp-content\/uploads\/2019\/09\/emergency-web-resolution1-e1567785155586-600x327.jpg 600w\" alt=\"\" width=\"703\" height=\"383\" \/><\/a><figcaption class=\"vc_figure-caption\">L\u2019h\u00f4pital de Hawkesbury est actuellement la deuxi\u00e8me meilleure H\u00f4pital au Canada pour les bons soins de sant\u00e9. La Grande \u00c9cole des Affaires a form\u00e9 l\u2019ensemble du personnel de l\u2019h\u00f4pital de Hawkesbury, incluant m\u00e9decins et haute direction en Attitude patient\/coll\u00e8gues et les gestionnaires en N\u00e9gociation Strat\u00e9gique et Leadership de Gestion.<\/figcaption><\/figure>\n<\/div>\n<\/div>\n<\/div>\n<\/div>\n<\/div>\n<div class=\"vc_row wpb_row vc_row-fluid\">\n<div class=\"wpb_column vc_column_container vc_col-sm-12\">\n<div class=\"vc_column-inner \">\n<div class=\"wpb_wrapper\"><\/div>\n<\/div>\n<\/div>\n<\/div>\n<\/div>\n<\/article>\n<\/div>\n<\/div>\n<\/div>\n<\/div>\n<footer id=\"footer\" class=\"\">\n<div class=\"container footer-widgets white-icons no-widget-icons\">\n<div class=\"row widget-area\" role=\"complementary\">\n<div id=\"footer_one\" class=\"span4\"><\/div>\n<\/div>\n<\/div>\n<\/footer>\n","protected":false},"excerpt":{"rendered":"<p>Formation en n\u00e9gociation : L\u2019art de n\u00e9gocier T\u00e9l\u00e9charger la version pdf Voir LinkedIn La n\u00e9gociation est omnipr\u00e9sente dans toutes les relations humaine \u00e0 un moment ou un autre. Le n\u00e9gociateur doit \u00eatre capable de se d\u00e9personnaliser, s\u2019adapter \u00e0 la personnalit\u00e9 de l\u2019autre afin de mieux communiquer. Le bon n\u00e9gociateur cherche avant tout \u00e0 amener son&hellip;&nbsp;<\/p>\n","protected":false},"author":2,"featured_media":3133,"comment_status":"open","ping_status":"open","sticky":false,"template":"","format":"standard","meta":{"neve_meta_sidebar":"","neve_meta_container":"","neve_meta_enable_content_width":"","neve_meta_content_width":0,"neve_meta_title_alignment":"","neve_meta_author_avatar":"","neve_post_elements_order":"","neve_meta_disable_header":"","neve_meta_disable_footer":"","neve_meta_disable_title":"","footnotes":""},"categories":[30],"tags":[],"class_list":["post-3377","post","type-post","status-publish","format-standard","has-post-thumbnail","hentry","category-infolettre"],"_links":{"self":[{"href":"https:\/\/lagrandeecoledesaffaires.com\/index.php\/wp-json\/wp\/v2\/posts\/3377","targetHints":{"allow":["GET"]}}],"collection":[{"href":"https:\/\/lagrandeecoledesaffaires.com\/index.php\/wp-json\/wp\/v2\/posts"}],"about":[{"href":"https:\/\/lagrandeecoledesaffaires.com\/index.php\/wp-json\/wp\/v2\/types\/post"}],"author":[{"embeddable":true,"href":"https:\/\/lagrandeecoledesaffaires.com\/index.php\/wp-json\/wp\/v2\/users\/2"}],"replies":[{"embeddable":true,"href":"https:\/\/lagrandeecoledesaffaires.com\/index.php\/wp-json\/wp\/v2\/comments?post=3377"}],"version-history":[{"count":5,"href":"https:\/\/lagrandeecoledesaffaires.com\/index.php\/wp-json\/wp\/v2\/posts\/3377\/revisions"}],"predecessor-version":[{"id":3379,"href":"https:\/\/lagrandeecoledesaffaires.com\/index.php\/wp-json\/wp\/v2\/posts\/3377\/revisions\/3379"}],"wp:featuredmedia":[{"embeddable":true,"href":"https:\/\/lagrandeecoledesaffaires.com\/index.php\/wp-json\/wp\/v2\/media\/3133"}],"wp:attachment":[{"href":"https:\/\/lagrandeecoledesaffaires.com\/index.php\/wp-json\/wp\/v2\/media?parent=3377"}],"wp:term":[{"taxonomy":"category","embeddable":true,"href":"https:\/\/lagrandeecoledesaffaires.com\/index.php\/wp-json\/wp\/v2\/categories?post=3377"},{"taxonomy":"post_tag","embeddable":true,"href":"https:\/\/lagrandeecoledesaffaires.com\/index.php\/wp-json\/wp\/v2\/tags?post=3377"}],"curies":[{"name":"wp","href":"https:\/\/api.w.org\/{rel}","templated":true}]}}