{"id":3265,"date":"2019-08-11T11:22:14","date_gmt":"2019-08-11T15:22:14","guid":{"rendered":"https:\/\/lagrandeecoledesaffaires.com\/?p=3265"},"modified":"2019-10-14T11:39:17","modified_gmt":"2019-10-14T15:39:17","slug":"adjointe-diplomate-une-partie-de-votre-reusite-3-2-2","status":"publish","type":"post","link":"https:\/\/lagrandeecoledesaffaires.com\/index.php\/adjointe-diplomate-une-partie-de-votre-reusite-3-2-2\/","title":{"rendered":"La valeur d&rsquo;une\/un Adjointe d&rsquo;administration et direction : Inestimable! Investissez en elle."},"content":{"rendered":"<p><strong>L&rsquo;Adjoint\/e d&rsquo;administration et de direction : Travaille d&rsquo;\u00e9quipe et \u00e9l\u00e9ment cl\u00e9 dans l&rsquo;organisation!<\/strong><\/p>\n<p>Communication, diplomatie,\u00a0 leadership, respect, enthousiasme, ouverture, organisation, motivation et cr\u00e9ativit\u00e9 sont des aspects et attitudes qui donnent \u00e0 l\u2019adjointe d\u2019administration et de direction les \u00e9l\u00e9ments cl\u00e9s afin de bien assumer son r\u00f4le cl\u00e9 dans l\u2019\u00e9quipe de cadres ou direction.<\/p>\n<p>La prise en charge de certains volets de la gestion pour lib\u00e9rer les d\u00e9cideurs de pr\u00e9occupations quotidiennes, les laissant ainsi se consacrer \u00e0 des processus de plus en plus complexes et exigeants, dict\u00e9s par les fluctuations \u00e9conomiques, la comp\u00e9titivit\u00e9 et les nouvelles r\u00e8gles de plus en plus astreignantes et complexes.<\/p>\n<p><strong>LA STRAT\u00c9GIE \u00c0 APPLIQUER<\/strong>\u00a0:<\/p>\n<ul>\n<li>Planifier, organiser, d\u00e9cider et vous \u00eates un rouage important de l\u2019organisation<\/li>\n<li>Repr\u00e9senter et positionner\u00a0: communiquer la recherche d\u2019excellence en exer\u00e7ant un leadership<\/li>\n<li>Planification r\u00e9aliste et vision claire des objectifs \u00e0 atteindre<\/li>\n<li>\u00c9tablir des liens essentiels avec les personnes cl\u00e9s<\/li>\n<li>Interagir de mani\u00e8re strat\u00e9gique<\/li>\n<li>Participer au processus d\u2019\u00e9volution des affaires<\/li>\n<li>Maximiser l\u2019efficacit\u00e9 (\u00eatre un agent de changement)<\/li>\n<li>G\u00e9rer l\u2019information strat\u00e9gique sous toutes ses formes<\/li>\n<li>D\u00e9finition claire du mandat et des attentes du sup\u00e9rieur imm\u00e9diat<\/li>\n<li>Pour quel type de leader travaillez-vous?<\/li>\n<li>Test personnalit\u00e9, sens cognitif, influence et communication confidentielle .<\/li>\n<li>Processus de communication<\/li>\n<li>Les d\u00e9fis, priorit\u00e9s et objectifs des d\u00e9cideurs<\/li>\n<li>Mise en place des changements<\/li>\n<\/ul>\n<p>Cette journ\u00e9e de formation en grand public ou dans votre entreprise vise \u00e0 transmettre des principes de gestion qui permettra aux adjointes de mieux seconder le processus d\u00e9cisionnel et de devenir ainsi la plus pr\u00e9cieuse collaboratrice de son sup\u00e9rieur. Un travail d\u2019\u00e9quipe dans un climat de respect mutuel.<\/p>\n<p>Venez avec votre coll\u00e8gue ou votre sup\u00e9rieur hi\u00e9rarchique.<\/p>\n<p><em><strong>D\u00e9sirer est essentiel a la motivation, mais c&rsquo;est la d\u00e9termination et l&rsquo;engagement total a atteindre son but- viser l&rsquo;excellence- qui assurent le succ\u00e8s.\u00a0 <\/strong><\/em><strong>Mario Andretti<\/strong><\/p>\n<p><span style=\"color: #000000;\">Raymond Guy Par\u00e9<\/span><\/p>\n<p>Linken 30,000 abonn\u00e9s<\/p>\n<p>La Grande \u00c9cole 40,000 abonn\u00e9s<\/p>\n<p>info@lagrandeecoledesaffaires.com<\/p>\n<p><strong>FORMATIONS SUGG\u00c9R\u00c9ES<\/strong><\/p>\n<p><span style=\"color: #ff0000;\"><strong>Adjoint\/es d\u2019administration et de direction<\/strong><\/span><\/p>\n<p><strong>Montr\u00e9al :\u00a0 17 octobre ou 30 janvier 2020<\/strong><\/p>\n<p><strong>Qu\u00e9bec 10 d\u00e9cembre\u00a0<\/strong><\/p>\n<p><strong>St-J\u00e9r\u00f4me:\u00a0 6 novembre<\/strong><\/p>\n<p><span style=\"color: #ff0000;\"><strong>Gestion du temps, stress et priorit\u00e9s\u00a0<\/strong><\/span><\/p>\n<p><strong>\u00a0Montr\u00e9al : 7 novembre<\/strong><\/p>\n<p><strong>St-J\u00e9r\u00f4me: 25 octobre\u00a0 \u00a0 \u00a0 \u00a0 \u00a0 \u00a0<\/strong><\/p>\n<p><span style=\"color: #ff0000;\"><strong>Leadership de Gestion<\/strong><\/span><\/p>\n<p><strong>Montr\u00e9al: 23 octobre<\/strong><\/p>\n<p><strong>Qu\u00e9bec: 29 octobre\u00a0<\/strong><\/p>\n<p><strong>Accr\u00e9dit\u00e9s par la majorit\u00e9 des ordres professionnels\u00a0<\/strong><\/p>\n<p>Choisissez 3 formations et obtenez 10% d&rsquo;escompte, 5 obtenez 15% .<\/p>\n<p><span style=\"color: #ff0000;\"><strong>La formation dans votre entreprise permet une adaptation \u00e0 votre processus de gestion interne. Les groupes varie de 7 \u00e0 21 participants\/tes.<\/strong><\/span><\/p>\n<p><strong>www.lagrandeecoledesaffaires.com<\/strong><\/p>\n<p>_______________________________________________________________________<\/p>\n<p>&nbsp;<\/p>\n<header class=\"entry-header\">\n<h1 class=\"entry-title \">Formation en Gestion du temps, stress et des priorit\u00e9s<\/h1>\n<hr class=\"featurette-divider __before_content\" \/>\n<\/header>\n<div class=\"entry-content\">\n<div class=\"vc_row wpb_row vc_row-fluid\">\n<div class=\"wpb_column vc_column_container vc_col-sm-12\">\n<div class=\"vc_column-inner \">\n<div class=\"wpb_wrapper\"><\/div>\n<\/div>\n<\/div>\n<\/div>\n<div class=\"vc_row wpb_row vc_row-fluid\">\n<div class=\"wpb_column vc_column_container vc_col-sm-8\">\n<div class=\"vc_column-inner \">\n<div class=\"wpb_wrapper\">\n<div class=\"wpb_text_column wpb_content_element \">\n<div class=\"wpb_wrapper\">\n<p><img loading=\"lazy\" decoding=\"async\" class=\"wp-image-2535 alignleft\" src=\"https:\/\/lagrandeecoledesaffaires.com\/wp-content\/uploads\/2018\/10\/gestion-temps.jpg\" alt=\"\" width=\"375\" height=\"310\" \/><\/p>\n<p>&nbsp;<\/p>\n<p>Avez-vous d\u00e9j\u00e0 calcul\u00e9 combien co\u00fbtent,\u00a0 les mauvais\u00a0planning de la gestion des priorit\u00e9s au travail, les retards, les erreurs, la course d\u00e9sordonn\u00e9es, le manque de recul, les priorit\u00e9s mal \u00e9tablies, les oublis et les d\u00e9l\u00e9gations rat\u00e9es? Avez-vous calculer l&rsquo;impact du stress sur le fonctionnement de l&rsquo;entreprise?<\/p>\n<p>Cette formation saura capter votre attention, \u00eatre un axe de communication et de partage d\u2019information via le r\u00e9seautage qui se cr\u00e9e parmi les participants. Une occasion d\u2019apprendre rapidement ce que la vie nous enseigne en plusieurs ann\u00e9es. Vous gagnerez du temps.<\/p>\n<p>Nos formations Grand Publique ont un maximum de 21 participants.<\/p>\n<p><em><b>Cette formation vous permettra de sauver + ou \u2013\u00a0 21 minutes\u00a0par jour soit 105 minutes par semaine et\u00a0 5250 minutes par ann\u00e9e, soit 87.5 heures \u00e0 35.$ heure = 3062.$ par ann\u00e9e X 5 ans =15,312.$. Vous devez rajouter une diminution du stress et de l\u2019anxi\u00e9t\u00e9 reli\u00e9s au manque de temps et plus de cr\u00e9ativit\u00e9. Int\u00e9ressant<\/b>\u00a0<\/em>! (voir Le Travail source d\u2019insomnie, Journal de Montr\u00e9al 9 Mars 2018)\u00a0<strong>Imaginez cette formation en gestion du temps et priorit\u00e9s \u00e0 12 employ\u00e9s<\/strong><strong>, cela repr\u00e9sente une plus value de 183,750.$<\/strong>\u00a0+ une augmentation de la performance.\u00a0<em><strong>Cette formation jumel\u00e9e \u00e0 la formation Courage Manag\u00e9rial ou Adjointe de Direction ou Leadership de Gestion donne des r\u00e9sultats qui sont percutant.<\/strong><\/em><\/p>\n<p>Et c\u2019est sans compter l\u2019\u00e9nergie gaspill\u00e9e, le stress inutile, les mauvaises d\u00e9cisions et les r\u00e9actions involontaires qui emp\u00eachent une grande majorit\u00e9 de gens d\u2019atteindre leurs v\u00e9ritables objectifs et de faire valoir l\u2019ensemble de leurs comp\u00e9tences.<\/p>\n<p>Notre cr\u00e2ne est constitu\u00e9 du cerveau droit et du cerveau gauche. Ceux-ci sont compl\u00e8tement ind\u00e9pendants et ne se touchent qu\u2019\u00e0 la base dans le cortex qui lui re\u00e7oit les donn\u00e9es de chaque cerveau et r\u00e9agit soit instinctivement ou r\u00e9fl\u00e9chie selon l\u2019analyse que nous faisons des donn\u00e9es.<\/p>\n<p>Chacun de nous utilisons une partie de notre cerveau plus que l\u2019autre. Rien de grave, sinon qu\u2019en ignorant notre pr\u00e9f\u00e9rence, nous nous privons d\u2019informations cruciales sur nous m\u00eame et la fa\u00e7on de g\u00e9rer les aspects temps, stress et priorit\u00e9s. Cela va demander un changement dans les habitudes et de notre zone de confort.<\/p>\n<p><em><strong>Le savoir change tout. La comp\u00e9titivit\u00e9 de votre organisation passe par le savoir qu\u2019elle d\u00e9tient.<\/strong><\/em><\/p>\n<p><em><strong>Concr\u00e9tisez vos objectifs et montez les \u00e9chelons<\/strong><\/em><\/p>\n<p>Le stress g\u00e9n\u00e9r\u00e9 par le\u00a0 travail: Pr\u00e8s de 39% des professionnels dorment mal en raison de leur travail. Les Affaires 24 Mars 2018<\/p>\n<p>Devant une situation de grand stress qui perdure, celle-ci peut en venir \u00e0 compromettre notre sant\u00e9 physique et psychologique. Le stress peut engendrer de l\u2019irritabilit\u00e9, de l\u2019anxi\u00e9t\u00e9, de la col\u00e8re, de la tristesse, des maux de t\u00eate, des maux de dos et autres. \u00c0 plus long terme, de la difficult\u00e9 \u00e0 s\u2019endormir, se concentrer, de l\u2019\u00e9puisement et des troubles de l\u2019humeur.<\/p>\n<p>&nbsp;<\/p>\n<p><strong>Cette formation en Gestion du Temps, du Stress et Priorit\u00e9s vous permettra de :\u00a0 \u00a0 \u00a0 \u00a0 \u00a0 \u00a0 \u00a0 \u00a0 \u00a0 \u00a0 \u00a0 \u00a0<img loading=\"lazy\" decoding=\"async\" class=\"wp-image-2539 alignright\" src=\"https:\/\/lagrandeecoledesaffaires.com\/wp-content\/uploads\/2018\/10\/dame-temps-1024x710.png\" sizes=\"auto, (max-width: 409px) 100vw, 409px\" srcset=\"https:\/\/lagrandeecoledesaffaires.com\/wp-content\/uploads\/2018\/10\/dame-temps-1024x710.png 1024w, https:\/\/lagrandeecoledesaffaires.com\/wp-content\/uploads\/2018\/10\/dame-temps-300x208.png 300w, https:\/\/lagrandeecoledesaffaires.com\/wp-content\/uploads\/2018\/10\/dame-temps-768x532.png 768w, https:\/\/lagrandeecoledesaffaires.com\/wp-content\/uploads\/2018\/10\/dame-temps-600x416.png 600w, https:\/\/lagrandeecoledesaffaires.com\/wp-content\/uploads\/2018\/10\/dame-temps.png 1482w\" alt=\"\" width=\"409\" height=\"284\" \/><\/strong><\/p>\n<p>LES LOIS DE LA GESTION DU TEMPS ET DU STRESS<\/p>\n<p>LE STRESS EN MILIEU DE TRAVAIL ET SES CAUSES<\/p>\n<p>LES CONS\u00c9QUENCES DU STRESS<\/p>\n<p>COMMENT MIEUX G\u00c9RER SON STRESS<\/p>\n<p>LE CAPITAL TEMPS \u00c9NERGIE<\/p>\n<p>LA R\u00c9TENTION DU PERSONNEL AM\u00c9LIOR\u00c9E<\/p>\n<p>AGIR EN FONCTION DES V\u00c9RITABLES PRIORIT\u00c9S<\/p>\n<p>LA CHASSE AUX MONSTRES CHRONOPHAGES<\/p>\n<p>TEST CERVEAU DROIT OU CERVEAU GAUCHE ET UTILISATION PERSONNALIS\u00c9E<\/p>\n<p>LES ATTITUDES CHRONOPHAGES<\/p>\n<p>LES HABITUDES ET R\u00c9FLEXES RAVAGEURS<\/p>\n<p>LE GRAND D\u00c9FI: SAVOIR DIRE NON<\/p>\n<p>LE FOUILLIS: UN OBSTACLE MAJEUR \u00c0 \u00c9LIMINER<img loading=\"lazy\" decoding=\"async\" class=\"wp-image-2525 alignright\" src=\"https:\/\/lagrandeecoledesaffaires.com\/wp-content\/uploads\/2018\/10\/gestion-du-stress.jpg\" sizes=\"auto, (max-width: 398px) 100vw, 398px\" srcset=\"https:\/\/lagrandeecoledesaffaires.com\/wp-content\/uploads\/2018\/10\/gestion-du-stress.jpg 971w, https:\/\/lagrandeecoledesaffaires.com\/wp-content\/uploads\/2018\/10\/gestion-du-stress-300x183.jpg 300w, https:\/\/lagrandeecoledesaffaires.com\/wp-content\/uploads\/2018\/10\/gestion-du-stress-768x469.jpg 768w, https:\/\/lagrandeecoledesaffaires.com\/wp-content\/uploads\/2018\/10\/gestion-du-stress-600x366.jpg 600w, https:\/\/lagrandeecoledesaffaires.com\/wp-content\/uploads\/2018\/10\/gestion-du-stress-570x350.jpg 570w\" alt=\"\" width=\"398\" height=\"243\" \/><\/p>\n<p>LA R\u00c9UNIONITE, UN MAL OMNIPR\u00c9SENT<\/p>\n<p>MIEUX PLANIFIER ET ORGANISER<\/p>\n<p>CONCILIER SA PLANIFICATION AVEC SON RYTHME NATUREL<\/p>\n<p>MA\u00ceTRISER L\u2019ART DE D\u00c9L\u00c9GUER<\/p>\n<p>LES INDICATEURS DE PERFORMANCE EN GESTION DU TEMPS ET DU STRESS<\/p>\n<p><em><strong>R\u00e9sultats d\u00e9stressant assur\u00e9e<\/strong><\/em><\/p>\n<p>Cette formation propose des techniques de gestion du temps, stress et priorit\u00e9s pr\u00e9cises, applicables facilement et imm\u00e9diatement pour \u00e9conomiser du temps. Ce s\u00e9minaire\u00a0en gestion du temps et du stress proposent des solutions pour mieux composer avec\u00a0les diff\u00e9rentes\u00a0priorit\u00e9s auxquelles vous devez faire face chaque jour, ce qui vous permettra de\u00a0consacrer votre temps, vos \u00e9nergies aux t\u00e2ches \u00e0 valeur ajout\u00e9e.<\/p>\n<p>Dans\u00a0le contexte actuelle, qui\u00a0nous oblige \u00e0\u00a0am\u00e9liorer nos rendements, certaines comp\u00e9tences comme la gestion des calendriers,\u00a0la ma\u00eetrise des \u00e9ch\u00e9ances, soient toutes les techniques de gestion du temps, stress et priorit\u00e9s permettant une meilleure planification,\u00a0sont indispensables dans le monde actuel.<\/p>\n<p><strong>Cette formation se donne grand public ou dans votre organisation.<\/strong><\/p>\n<p>Linken 30,000 abonn\u00e9es<\/p>\n<p>La Grande \u00c9cole 40,000 abonn\u00e9es<\/p>\n<p><strong>www.lagrandeecoledesaffaires.com<\/strong><\/p>\n<table id=\"table\" class=\"widefat manage-categories\">\n<tbody>\n<tr class=\"even\">\n<td class=\"post-title page-title column-title\">\n<div class=\"row-actions\"><span class=\"edit\"><a href=\"https:\/\/lagrandeecoledesaffaires.com\/wp-admin\/admin.php?page=event_categories&amp;action=edit&amp;id=13\">Modifier\u00a0<\/a>|\u00a0<\/span><span class=\"delete\"><a class=\"submitdelete\" href=\"https:\/\/lagrandeecoledesaffaires.com\/wp-admin\/admin.php?page=event_categories&amp;action=delete_category&amp;id=13\">Supprimer<\/a><\/span><\/div>\n<\/td>\n<td>\n<div id=\"event_wrapper\">\n<div id=\"event_container_pagination\">\n<div id=\"event_content\" class=\"event_content\">\n<div id=\"event_data-169\" class=\"event_data gestion-du-temps-1486068112 event-data-display event-list-display event-display-boxes ui-widget\">\n<h3 id=\"event_title-169\" class=\"event_title ui-widget-header ui-corner-top\"><a id=\"a_event_title-169\" class=\"a_event_title\" title=\"MONTR\u00c9AL - Formation Gestion du temps et des priorit\u00e9s\" href=\"https:\/\/lagrandeecoledesaffaires.com\/index.php\/calendrier\/?ee=169\">MONTR\u00c9AL &#8211; Formation Gestion du temps, stress et des priorit\u00e9s<\/a><\/h3>\n<div class=\"event-data-display ui-widget-content ui-corner-bottom\">\n<div class=\"event-desc\">\n<p>1 jour de 8 h 30 \u00e0 16 h<\/p>\n<\/div>\n<div class=\"event-meta clearfix\">\n<p id=\"p_event_price-169\" class=\"event_price\"><span class=\"section-title\">Prix :\u00a0<\/span>C$499.00<\/p>\n<p id=\"event_date-169\"><span class=\"section-title\">Date : 7 novembre <\/span>2019 <a id=\"espresso_ical_169\" class=\"espresso_ical_link\" title=\"Import au format iCal\" href=\"https:\/\/lagrandeecoledesaffaires.com\/?iCal=true&amp;current_year=2019&amp;current_month=01&amp;current_day=18&amp;current_time=113356&amp;event_id=169&amp;ee_reg_id=do0t49o948hs796sgb8c22mlp3-5c41ffbcc20d19.03411885&amp;contact_email=info@lagrandeecoledesaffaires.com&amp;start_year=2019&amp;start_month=01&amp;start_day=22&amp;start_time=061300&amp;end_year=2019&amp;end_month=01&amp;end_day=22&amp;end_time=061300&amp;event_summary=MONTR%C3%89AL%20-%20Formation%20Gestion%20du%20temps%20et%20des%20priorit%C3%A9s&amp;ee_reg_url=https:\/\/lagrandeecoledesaffaires.com\/index.php\/calendrier\/?ee=169&amp;site_url=https:\/\/lagrandeecoledesaffaires.com&amp;organization=La%20grande%20%C3%A9cole%20des%20affaires&amp;location=1,%20boulevard%20Ren%C3%A9-L%C3%A9vesque%20est%20Montr%C3%A9al,%20Qu%C3%A9bec%20H2X%203Z5%20Canada\"><img decoding=\"async\" src=\"https:\/\/lagrandeecoledesaffaires.com\/wp-content\/plugins\/event-espresso\/images\/icons\/calendar_link.png\" \/><\/a><\/p>\n<\/div>\n<p id=\"register_link-169\" class=\"register-link-footer\"><a id=\"a_register_link-169\" class=\"a_register_link ui-button ui-button-big ui-priority-primary ui-state-default ui-state-hover ui-state-focus ui-corner-all\" title=\"MONTR\u00c9AL - Formation Gestion du temps et des priorit\u00e9s\" href=\"https:\/\/lagrandeecoledesaffaires.com\/index.php\/calendrier\/?ee=169\">R\u00e9server en ligne<\/a><\/p>\n<\/div>\n<\/div>\n<div id=\"event_data-204\" class=\"event_data gestion-du-temps-1486068112 event-data-display event-list-display event-display-boxes ui-widget\">\n<h3 id=\"event_title-204\" class=\"event_title ui-widget-header ui-corner-top\"><a id=\"a_event_title-204\" class=\"a_event_title\" title=\"QU\u00c9BEC - Formation Gestion du temps et des priori\u00e9t\u00e9s\" href=\"https:\/\/lagrandeecoledesaffaires.com\/index.php\/calendrier\/?ee=204\">QU\u00c9BEC &#8211; Formation Gestion du temps, stress et des priori\u00e9t\u00e9s<\/a><\/h3>\n<div class=\"event-data-display ui-widget-content ui-corner-bottom\">\n<div class=\"event-desc\">\n<p>1 journ\u00e9e de 8 h 30 \u00e0 16 h<\/p>\n<\/div>\n<div class=\"event-meta clearfix\">\n<p id=\"p_event_price-204\" class=\"event_price\"><span class=\"section-title\">Prix :\u00a0<\/span>C$499.00<\/p>\n<p id=\"event_date-204\"><span class=\"section-title\">Date :19 novembre<\/span>\u00a02019 <a id=\"espresso_ical_204\" class=\"espresso_ical_link\" title=\"Import au format iCal\" href=\"https:\/\/lagrandeecoledesaffaires.com\/?iCal=true&amp;current_year=2019&amp;current_month=01&amp;current_day=18&amp;current_time=113356&amp;event_id=204&amp;ee_reg_id=do0t49o948hs796sgb8c22mlp3-5c41ffbcc20d19.03411885&amp;contact_email=info@lagrandeecoledesaffaires.com&amp;start_year=2019&amp;start_month=02&amp;start_day=11&amp;start_time=061600&amp;end_year=2019&amp;end_month=02&amp;end_day=11&amp;end_time=061600&amp;event_summary=QU%C3%89BEC%20-%20Formation%20Gestion%20du%20temps%20et%20des%20priori%C3%A9t%C3%A9s&amp;ee_reg_url=https:\/\/lagrandeecoledesaffaires.com\/index.php\/calendrier\/?ee=204&amp;site_url=https:\/\/lagrandeecoledesaffaires.com&amp;organization=La%20grande%20%C3%A9cole%20des%20affaires&amp;location=3031%20Boulevard%20Laurier%20Ste-Foy,%20Qu%C3%A9bec%20G1V%202M2%20Canada\"><img decoding=\"async\" src=\"https:\/\/lagrandeecoledesaffaires.com\/wp-content\/plugins\/event-espresso\/images\/icons\/calendar_link.png\" \/><\/a><\/p>\n<\/div>\n<p id=\"register_link-204\" class=\"register-link-footer\"><a id=\"a_register_link-204\" class=\"a_register_link ui-button ui-button-big ui-priority-primary ui-state-default ui-state-hover ui-state-focus ui-corner-all\" title=\"QU\u00c9BEC - Formation Gestion du temps et des priori\u00e9t\u00e9s\" href=\"https:\/\/lagrandeecoledesaffaires.com\/index.php\/calendrier\/?ee=204\">R\u00e9server en ligne<\/a><\/p>\n<\/div>\n<\/div>\n<div id=\"event_data-206\" class=\"event_data gestion-du-temps-1486068112 event-data-display event-list-display event-display-boxes ui-widget\">\n<h3 id=\"event_title-206\" class=\"event_title ui-widget-header ui-corner-top\"><a id=\"a_event_title-206\" class=\"a_event_title\" title=\"QU\u00c9BEC - Formation Gestion du temps et des priorit\u00e9s\" href=\"https:\/\/lagrandeecoledesaffaires.com\/index.php\/calendrier\/?ee=206\">QU\u00c9BEC &#8211; Formation Gestion du temps et des priorit\u00e9s<\/a><\/h3>\n<div class=\"event-data-display ui-widget-content ui-corner-bottom\">\n<div class=\"event-desc\">\n<p>1 journ\u00e9e de 8 h 30 \u00e0 16 h<\/p>\n<\/div>\n<div class=\"event-meta clearfix\">\n<p id=\"p_event_price-206\" class=\"event_price\"><span class=\"section-title\">Prix :\u00a0<\/span>C$499.00<\/p>\n<p id=\"event_date-206\"><span class=\"section-title\">Date : 19 novembre<\/span>\u00a02019 <a id=\"espresso_ical_206\" class=\"espresso_ical_link\" title=\"Import au format iCal\" href=\"https:\/\/lagrandeecoledesaffaires.com\/?iCal=true&amp;current_year=2019&amp;current_month=01&amp;current_day=18&amp;current_time=113356&amp;event_id=206&amp;ee_reg_id=do0t49o948hs796sgb8c22mlp3-5c41ffbcc20d19.03411885&amp;contact_email=info@lagrandeecoledesaffaires.com&amp;start_year=2019&amp;start_month=04&amp;start_day=15&amp;start_time=062500&amp;end_year=2019&amp;end_month=04&amp;end_day=15&amp;end_time=062500&amp;event_summary=QU%C3%89BEC%20-%20Formation%20Gestion%20du%20temps%20et%20des%20priorit%C3%A9s&amp;ee_reg_url=https:\/\/lagrandeecoledesaffaires.com\/index.php\/calendrier\/?ee=206&amp;site_url=https:\/\/lagrandeecoledesaffaires.com&amp;organization=La%20grande%20%C3%A9cole%20des%20affaires&amp;location=3031%20Boulevard%20Laurier%20Ste-Foy,%20Qu%C3%A9bec%20G1V%202M2%20Canada\"><img decoding=\"async\" src=\"https:\/\/lagrandeecoledesaffaires.com\/wp-content\/plugins\/event-espresso\/images\/icons\/calendar_link.png\" \/><\/a><\/p>\n<\/div>\n<p id=\"register_link-206\" class=\"register-link-footer\"><a id=\"a_register_link-206\" class=\"a_register_link ui-button ui-button-big ui-priority-primary ui-state-default ui-state-hover ui-state-focus ui-corner-all\" title=\"QU\u00c9BEC - Formation Gestion du temps et des priorit\u00e9s\" href=\"https:\/\/lagrandeecoledesaffaires.com\/index.php\/calendrier\/?ee=206\">R\u00e9server en ligne<\/a><\/p>\n<\/div>\n<\/div>\n<div id=\"event_data-205\" class=\"event_data gestion-du-temps-1486068112 event-data-display event-list-display event-display-boxes ui-widget\">\n<h3 id=\"event_title-205\" class=\"event_title ui-widget-header ui-corner-top\"><a id=\"a_event_title-205\" class=\"a_event_title\" title=\"MONTR\u00c9AL - Formation Gestion du temps et des priorit\u00e9s\" href=\"https:\/\/lagrandeecoledesaffaires.com\/index.php\/calendrier\/?ee=205\">MONTR\u00c9AL &#8211; Formation Gestion du temps, stress et des priorit\u00e9s<\/a><\/h3>\n<div class=\"event-data-display ui-widget-content ui-corner-bottom\">\n<div class=\"event-desc\">\n<p>1 journ\u00e9e de 8 h 30 \u00e0 16 h<\/p>\n<\/div>\n<div class=\"event-meta clearfix\">\n<p id=\"p_event_price-205\" class=\"event_price\"><span class=\"section-title\">Prix :\u00a0<\/span>C$499.00<\/p>\n<p id=\"event_date-205\"><span class=\"section-title\">Date :7 novembre<\/span>\u00a02019 <a id=\"espresso_ical_205\" class=\"espresso_ical_link\" title=\"Import au format iCal\" href=\"https:\/\/lagrandeecoledesaffaires.com\/?iCal=true&amp;current_year=2019&amp;current_month=01&amp;current_day=18&amp;current_time=113356&amp;event_id=205&amp;ee_reg_id=do0t49o948hs796sgb8c22mlp3-5c41ffbcc20d19.03411885&amp;contact_email=info@lagrandeecoledesaffaires.com&amp;start_year=2019&amp;start_month=04&amp;start_day=26&amp;start_time=063700&amp;end_year=2019&amp;end_month=04&amp;end_day=26&amp;end_time=063700&amp;event_summary=MONTR%C3%89AL%20-%20Formation%20Gestion%20du%20temps%20et%20des%20priorit%C3%A9s&amp;ee_reg_url=https:\/\/lagrandeecoledesaffaires.com\/index.php\/calendrier\/?ee=205&amp;site_url=https:\/\/lagrandeecoledesaffaires.com&amp;organization=La%20grande%20%C3%A9cole%20des%20affaires&amp;location=1,%20boulevard%20Ren%C3%A9-L%C3%A9vesque%20est%20Montr%C3%A9al,%20Qu%C3%A9bec%20H2X%203Z5%20Canada\"><img decoding=\"async\" src=\"https:\/\/lagrandeecoledesaffaires.com\/wp-content\/plugins\/event-espresso\/images\/icons\/calendar_link.png\" \/><\/a><\/p>\n<\/div>\n<p id=\"register_link-205\" class=\"register-link-footer\"><a id=\"a_register_link-205\" class=\"a_register_link ui-button ui-button-big ui-priority-primary ui-state-default ui-state-hover ui-state-focus ui-corner-all\" title=\"MONTR\u00c9AL - Formation Gestion du temps et des priorit\u00e9s\" href=\"https:\/\/lagrandeecoledesaffaires.com\/index.php\/calendrier\/?ee=205\">R\u00e9server en ligne<\/a><\/p>\n<\/div>\n<\/div>\n<\/div>\n<\/div>\n<\/div>\n<\/td>\n<\/tr>\n<\/tbody>\n<\/table>\n<\/div>\n<\/div>\n<\/div>\n<\/div>\n<\/div>\n<\/div>\n<\/div>\n<header class=\"entry-header\">\n<h1 class=\"entry-title \">Formation : Leadership de gestion et habilet\u00e9s de direction<\/h1>\n<hr class=\"featurette-divider __before_content\" \/>\n<\/header>\n<div class=\"entry-content\">\n<div class=\"vc_row wpb_row vc_row-fluid\">\n<div class=\"wpb_column vc_column_container vc_col-sm-12\">\n<div class=\"vc_column-inner \">\n<div class=\"wpb_wrapper\">\n<div class=\"wpb_text_column wpb_content_element \">\n<div class=\"wpb_wrapper\">\n<h2><strong>L\u2019\u00c9QUIPE EST LE REFLET DE SON LEADER et LE LEADER CELUI DE SON \u00c9QUIPE.\u00a0 \u00a0 \u00a0 \u00a0 \u00a0 \u00a0 \u00a0 \u00a0 \u00a0\u00a0<img loading=\"lazy\" decoding=\"async\" class=\"wp-image-2995 alignright\" src=\"https:\/\/lagrandeecoledesaffaires.com\/wp-content\/uploads\/2019\/05\/fed-finance-enjeux-retention-personnelmm.jpg\" sizes=\"auto, (max-width: 325px) 100vw, 325px\" srcset=\"https:\/\/lagrandeecoledesaffaires.com\/wp-content\/uploads\/2019\/05\/fed-finance-enjeux-retention-personnelmm.jpg 1000w, https:\/\/lagrandeecoledesaffaires.com\/wp-content\/uploads\/2019\/05\/fed-finance-enjeux-retention-personnelmm-300x200.jpg 300w, https:\/\/lagrandeecoledesaffaires.com\/wp-content\/uploads\/2019\/05\/fed-finance-enjeux-retention-personnelmm-768x512.jpg 768w, https:\/\/lagrandeecoledesaffaires.com\/wp-content\/uploads\/2019\/05\/fed-finance-enjeux-retention-personnelmm-600x400.jpg 600w, https:\/\/lagrandeecoledesaffaires.com\/wp-content\/uploads\/2019\/05\/fed-finance-enjeux-retention-personnelmm-272x182.jpg 272w\" alt=\"\" width=\"325\" height=\"216\" \/><\/strong><\/h2>\n<h2><\/h2>\n<p><em><strong>La r\u00e9tention du personnel et le recrutement demande un leadership et un courage manag\u00e9rial sans faille.<\/strong><\/em><\/p>\n<p><em><strong>Le leader d\u2019influence en action saura d\u00e9velopper et exercer pleinement son leadership. Il est souvent dans une position de gestionnaire et dirigeant. Savoir affirmer son leadership avec tacts, \u00eatre rassembleur tout en \u00e9tant audacieux est un enjeu majeur.<\/strong><\/em><\/p>\n<p><a href=\"http:\/\/www.chad.ca\/fr\/\"><img loading=\"lazy\" decoding=\"async\" id=\"ctl00_x63829de2201a4365a3904788f682d0a3\" class=\"\" src=\"http:\/\/www.chad.ca\/Style%20Library\/Chad.Website\/Images\/chad-logo.png\" alt=\"ChAD.ca\" width=\"136\" height=\"46\" \/><\/a><strong><img loading=\"lazy\" decoding=\"async\" class=\"alignnone wp-image-1221\" src=\"https:\/\/lagrandeecoledesaffaires.com\/wp-content\/uploads\/2017\/01\/logo-emploiqc.png\" alt=\"\" width=\"133\" height=\"62\" \/>7 UFC\u00a0<\/strong><\/p>\n<p><strong>UFC: Unit\u00e9 de formation continue<\/strong><\/p>\n<p><strong><br \/>\nD\u00e9finition Du Leadership:<\/strong>\u00a0Un Ensemble d\u2019aptitudes Inn\u00e9es ou acquises qui conf\u00e8re un\u00a0pouvoir d\u2019influence sur les autres. C\u2019est la possibilit\u00e9 d\u2019amener un Individu ou un groupe \u00e0 agir volontairement dans le sens souhait\u00e9.<\/p>\n<p>Le d\u00e9veloppement des comp\u00e9tences en leadership: un imp\u00e9ratif strat\u00e9gique. Le leadership est en constante \u00e9volution, les leaders d\u2019aujourd\u2019hui doivent s\u2019y ajuster. Le changement vous attend \u00e0 chaque tournant.<\/p>\n<p><strong><em>Vos employ\u00e9s ne quittent pas pour une augmentation de salaire mais une augmentation de la valorisation et de la reconnaissance.<\/em><\/strong><\/p>\n<p>Le savoir change tout.La comp\u00e9titivit\u00e9 d\u2019une soci\u00e9t\u00e9 passe par le savoir qu\u2019elle d\u00e9tient.<\/p>\n<p><strong>Harvard Business Review,le leadership doit s\u2019appuyer sur 3 nouveaux principes: \u00eatre pleinement conscient et favoriser la tranquillit\u00e9 d\u2019esprit, \u00eatre concern\u00e9 et collaborer sur une base de coop\u00e9ration et de confiance, \u00eatre chaleureux et agir avec bont\u00e9 et altruisme. Edition mai 2019<\/strong><\/p>\n<\/div>\n<\/div>\n<\/div>\n<\/div>\n<\/div>\n<\/div>\n<div class=\"vc_row wpb_row vc_row-fluid\">\n<div class=\"wpb_column vc_column_container vc_col-sm-8\">\n<div class=\"vc_column-inner \">\n<div class=\"wpb_wrapper\">\n<div class=\"wpb_text_column wpb_content_element \">\n<div class=\"wpb_wrapper\">\n<h2><\/h2>\n<p>Cette formation en leadership de gestion vous permettra:<\/p>\n<ul>\n<li>Saisir les cl\u00e9s du leadership<\/li>\n<li>Les 12 attitudes essentielles au leader<\/li>\n<li>Communiquer plus efficacement et obtenir les informations essentielles \u00e0 la performance de votre service<\/li>\n<li>Ma\u00eetriser le silence<\/li>\n<li>Le contr\u00f4le des \u00e9motions et du stress<\/li>\n<li>Planifier le travail d\u2019\u00e9quipe<\/li>\n<li>L\u2019\u00e9coute active et la parole active<\/li>\n<li>Pr\u00e9venir ou r\u00e9soudre les conflits ou harc\u00e8lements<\/li>\n<li>G\u00e9rer les personnalit\u00e9s difficiles<\/li>\n<li>Susciter l\u2019adh\u00e9sion \u00e0 vos directives<\/li>\n<li>R\u00e9duire les pertes de temps et de productivit\u00e9 caus\u00e9es par les comportements inappropri\u00e9s au travail<\/li>\n<li>Encourager les efforts et valoriser les\u00a0 r\u00e9sultats de mani\u00e8re \u00e0 les multiplier<\/li>\n<li>\u00c9laborer des moyens peu co\u00fbteux de r\u00e9compenser vos employ\u00e9es<\/li>\n<li>Utiliser un tableau de bord de performance et en faire un outil de motivation<\/li>\n<li>L\u2019\u00e9quipe est le reflet de son leader<\/li>\n<\/ul>\n<p><img loading=\"lazy\" decoding=\"async\" class=\"aligncenter wp-image-2171\" src=\"https:\/\/lagrandeecoledesaffaires.com\/wp-content\/uploads\/2018\/05\/table-projet.jpg\" sizes=\"auto, (max-width: 404px) 100vw, 404px\" srcset=\"https:\/\/lagrandeecoledesaffaires.com\/wp-content\/uploads\/2018\/05\/table-projet.jpg 797w, https:\/\/lagrandeecoledesaffaires.com\/wp-content\/uploads\/2018\/05\/table-projet-300x211.jpg 300w, https:\/\/lagrandeecoledesaffaires.com\/wp-content\/uploads\/2018\/05\/table-projet-768x540.jpg 768w, https:\/\/lagrandeecoledesaffaires.com\/wp-content\/uploads\/2018\/05\/table-projet-600x422.jpg 600w\" alt=\"\" width=\"404\" height=\"284\" \/><\/p>\n<p><strong><em>Courage<\/em><\/strong><\/p>\n<p><strong><em>La vie m\u2019a donn\u00e9 les outils pour (surmonter les obstacles). La fa\u00e7on dont j\u2019ai \u00e9t\u00e9 \u00e9lev\u00e9, ma force int\u00e9rieure et mon courage m\u2019ont permis de continuer mon chemin.<\/em><\/strong><\/p>\n<p><strong><em>C\u00e9line Dion, Journal de Montr\u00e9al, 4 avril 2019<\/em><\/strong><\/p>\n<p><strong>\u00c9tude\u00a0<\/strong><strong>de\u00a0 RBC Mars 2018 sur les pr\u00e9visions en mati\u00e8re d\u2019aptitudes recherch\u00e9es \u00e0 l\u2019\u00e9chelle des professions.\u00a0<\/strong>Parmi les 10 premi\u00e8res sur 35\u00a0: \u00c9coute active, communication sociale, esprit critique, perspicacit\u00e9 sociale, coordination, gestion temps, discernement dans prise de d\u00e9cisions, sens du service, courage et persuasion.<\/p>\n<p>Beaucoup de ces \u00e9l\u00e9ments sont dans la formation que vous visionnez pr\u00e9sentement.<\/p>\n<p><em><strong>La formation en Leadership suivi par nos cadres au Qu\u00e9bec et Ontario est des plus efficaces. Dereck Willfire Vice-Pr\u00e9sident LKQ<\/strong><\/em><\/p>\n<p><strong>Le leadership est une attitude qui s\u2019apprend, se d\u00e9veloppe et qui devient au fil du temps, un mod\u00e8le d\u2019action permanent visant \u00e0 faire une diff\u00e9rence positive sur l\u2019ensemble de son milieu<\/strong><\/p>\n<p>Le stress g\u00e9n\u00e9r\u00e9 par le\u00a0 travail: Pr\u00e8s de 39% des professionnels dorment mal en raison de leur travail. Les Affaires 24 Mars 2018.<\/p>\n<p>Le leadership permet de savoir observer,\u00e9couter,planifier,organiser,s\u2019adapter et de prendre des d\u00e9cisions dans un contexte organisationnel et ainsi gravir plus rapidement les \u00e9chelons et d\u00e9passer les objectifs..<\/p>\n<p>Le leadership d\u00e9pend en grande partie du courage manag\u00e9rial du leader. Leadership et courage ne font qu\u2019un. La volont\u00e9 et la discipline sont essentiels. On ne na\u00eet pas leader, on le devient.<\/p>\n<p><strong>Un bon leader sait ma\u00eetriser le silence, c\u2019est essentiel en communication.<\/strong><\/p>\n<p><strong>Malcolm Young de AC\/DC,\u00a0savait\u00a0ma\u00eetriser le silence\u00a0avec sa guitare, il arr\u00eatait de jouer pendant quelques secondes ce qui en faisait un guitariste reconnaissable. AC\/DC ont vendu 200 millions de disques et CD. Rentable en $$$$ et en reconnaissance. Journal de Montr\u00e9al jeudi le 23 Novembre 2017<\/strong><\/p>\n<p><em><strong>Dans toute entreprise, il n\u2019y\u00a0 a que des probl\u00e8mes d\u2019humains que seuls des humains peuvent r\u00e9gler.<\/strong><\/em><\/p>\n<p><strong>Jean Lamarre, SNC Lavalin, Le Devoir 26 Novembre 2017<\/strong><\/p>\n<p>Formation en Leadership de Gestion: LKQ Avril 2017.\u00a0\u00a0Apr\u00e8s cette formation LKQ, 650 employ\u00e9s au Qu\u00e9bec et 23,000 en Am\u00e9rique du Nord a d\u00e9cid\u00e9 de former son \u00e9quipe de vente (89 repr\u00e9sentants Qu\u00e9bec et Ontario) en L\u2019Art de Promouvoir et tous les cadres en Courage Manag\u00e9rial. Cette formation en leadership a permis aux cadres de mieux exercer leur r\u00f4le. Augmentation des ventes de 9 a 20% selon la succursale. Int\u00e9ressant.<\/p>\n<p>&nbsp;<\/p>\n<p><img loading=\"lazy\" decoding=\"async\" class=\"wp-image-2446 alignleft\" src=\"https:\/\/lagrandeecoledesaffaires.com\/wp-content\/uploads\/2018\/10\/Voile.png\" sizes=\"auto, (max-width: 316px) 100vw, 316px\" srcset=\"https:\/\/lagrandeecoledesaffaires.com\/wp-content\/uploads\/2018\/10\/Voile.png 462w, https:\/\/lagrandeecoledesaffaires.com\/wp-content\/uploads\/2018\/10\/Voile-279x300.png 279w\" alt=\"\" width=\"316\" height=\"340\" \/>La progression du chiffre d\u2019affaire ne d\u00e9pend pas seulement du d\u00e9partement des ventes mais de l\u2019ensemble de tous les d\u00e9partements de l\u2019entreprise. Pour une organisation comme un h\u00f4pital le leadership permet une meilleure gestion et un taux de satisfaction des patients sup\u00e9rieure. Le temps d\u2019attente \u00e0 l\u2019urgence est r\u00e9duit. L\u2019H\u00f4pital de Hawkesbury en est un exemple.<\/p>\n<p>Ce cours en leadership de gestion se donne \u00e0 Montr\u00e9al, Longueuil, Laval, Gatineau, Drummondville, Sherbrooke, Chicoutimi et Qu\u00e9bec. En entreprise nous allons partout au Canada et en Europe.<\/p>\n<p><strong>R\u00e9ussir, c\u2019est obtenir le r\u00e9sultat souhait\u00e9, c\u2019est r\u00e9aliser notre vision et en ressentir une grande satisfaction. Notre r\u00e9ussite d\u00e9pend avant tout de nos attitudes.<\/strong><\/p>\n<p><strong>Tout est dans l\u2019Attitude!<\/strong><\/p>\n<p>&nbsp;<\/p>\n<p>&nbsp;<\/p>\n<p>&nbsp;<\/p>\n<div id=\"event_wrapper\">\n<div id=\"event_container_pagination\">\n<div id=\"event_content\" class=\"event_content\">\n<div id=\"event_data-255\" class=\"event_data leadership-de-gestion-1485965335 event-data-display event-list-display event-display-boxes ui-widget\">\n<h3 id=\"event_title-255\" class=\"event_title ui-widget-header ui-corner-top\"><a id=\"a_event_title-255\" class=\"a_event_title\" title=\"MONTR\u00c9AL - Formation Leadership de gestion\" href=\"https:\/\/lagrandeecoledesaffaires.com\/index.php\/calendrier\/?ee=255\">MONTR\u00c9AL &#8211; Formation Leadership de gestion<\/a><\/h3>\n<div class=\"event-data-display ui-widget-content ui-corner-bottom\">\n<div class=\"event-desc\">\n<p>1 jour de 8 h 30 \u00e0 16 h<\/p>\n<\/div>\n<div class=\"event-meta clearfix\">\n<p id=\"p_event_price-255\" class=\"event_price\"><span class=\"section-title\">Prix :\u00a0<\/span>C$499.00<\/p>\n<p id=\"event_date-255\"><span class=\"section-title\">Date : 23 octobre<\/span>\u00a02019 <a id=\"espresso_ical_255\" class=\"espresso_ical_link\" title=\"Import au format iCal\" href=\"https:\/\/lagrandeecoledesaffaires.com\/?iCal=true&amp;current_year=2019&amp;current_month=08&amp;current_day=11&amp;current_time=112559&amp;event_id=255&amp;ee_reg_id=n8a4nish6r5tausjj08ku9j135-5d5030df8fde12.80313074&amp;contact_email=info@lagrandeecoledesaffaires.com&amp;start_year=2019&amp;start_month=06&amp;start_day=04&amp;start_time=080000&amp;end_year=2019&amp;end_month=06&amp;end_day=04&amp;end_time=170000&amp;event_summary=MONTR%C3%89AL%20-%20Formation%20Leadership%20de%20gestion&amp;ee_reg_url=https:\/\/lagrandeecoledesaffaires.com\/index.php\/calendrier\/?ee=255&amp;site_url=https:\/\/lagrandeecoledesaffaires.com&amp;organization=La%20grande%20%C3%A9cole%20des%20affaires&amp;location=1,%20boulevard%20Ren%C3%A9-L%C3%A9vesque%20est%20Qu%C3%A9bec,%20Qu%C3%A9bec%20H2X%203Z5%20Canada\"><img decoding=\"async\" src=\"https:\/\/lagrandeecoledesaffaires.com\/wp-content\/plugins\/event-espresso\/images\/icons\/calendar_link.png\" \/><\/a><\/p>\n<\/div>\n<p id=\"register_link-255\" class=\"register-link-footer\"><a id=\"a_register_link-255\" class=\"a_register_link ui-button ui-button-big ui-priority-primary ui-state-default ui-state-hover ui-state-focus ui-corner-all\" title=\"MONTR\u00c9AL - Formation Leadership de gestion\" href=\"https:\/\/lagrandeecoledesaffaires.com\/index.php\/calendrier\/?ee=255\">R\u00e9server en ligne<\/a><\/p>\n<\/div>\n<\/div>\n<div id=\"event_data-233\" class=\"event_data leadership-de-gestion-1485965335 event-data-display event-list-display event-display-boxes ui-widget\">\n<h3 id=\"event_title-233\" class=\"event_title ui-widget-header ui-corner-top\"><a id=\"a_event_title-233\" class=\"a_event_title\" title=\"MONTR\u00c9AL - Formation Leadership de gestion\" href=\"https:\/\/lagrandeecoledesaffaires.com\/index.php\/calendrier\/?ee=233\">MONTR\u00c9AL &#8211; Formation Leadership de gestion<\/a><\/h3>\n<div class=\"event-data-display ui-widget-content ui-corner-bottom\">\n<div class=\"event-desc\">\n<p>1 journ\u00e9e de 8 h 30 \u00e0 16 h<\/p>\n<\/div>\n<div class=\"event-meta clearfix\">\n<p id=\"p_event_price-233\" class=\"event_price\"><span class=\"section-title\">Prix :\u00a0<\/span>C$499.00<\/p>\n<p id=\"event_date-233\"><span class=\"section-title\">Date : 23 octobre<\/span>\u00a02019 <a id=\"espresso_ical_233\" class=\"espresso_ical_link\" title=\"Import au format iCal\" href=\"https:\/\/lagrandeecoledesaffaires.com\/?iCal=true&amp;current_year=2019&amp;current_month=08&amp;current_day=11&amp;current_time=112559&amp;event_id=233&amp;ee_reg_id=n8a4nish6r5tausjj08ku9j135-5d5030df8fde12.80313074&amp;contact_email=info@lagrandeecoledesaffaires.com&amp;start_year=2019&amp;start_month=09&amp;start_day=12&amp;start_time=074400&amp;end_year=2019&amp;end_month=09&amp;end_day=12&amp;end_time=074400&amp;event_summary=MONTR%C3%89AL%20-%20Formation%20Leadership%20de%20gestion&amp;ee_reg_url=https:\/\/lagrandeecoledesaffaires.com\/index.php\/calendrier\/?ee=233&amp;site_url=https:\/\/lagrandeecoledesaffaires.com&amp;organization=La%20grande%20%C3%A9cole%20des%20affaires&amp;location=1,%20boulevard%20Ren%C3%A9-L%C3%A9vesque%20est%20Montr%C3%A9al,%20Qu%C3%A9bec%20H2X%203Z5%20Canada\"><img decoding=\"async\" src=\"https:\/\/lagrandeecoledesaffaires.com\/wp-content\/plugins\/event-espresso\/images\/icons\/calendar_link.png\" \/><\/a><\/p>\n<\/div>\n<p id=\"register_link-233\" class=\"register-link-footer\"><a id=\"a_register_link-233\" class=\"a_register_link ui-button ui-button-big ui-priority-primary ui-state-default ui-state-hover ui-state-focus ui-corner-all\" title=\"MONTR\u00c9AL - Formation Leadership de gestion\" href=\"https:\/\/lagrandeecoledesaffaires.com\/index.php\/calendrier\/?ee=233\">R\u00e9server en ligne<\/a><\/p>\n<\/div>\n<\/div>\n<div id=\"event_data-245\" class=\"event_data leadership-de-gestion-1485965335 event-data-display event-list-display event-display-boxes ui-widget\">\n<h3 id=\"event_title-245\" class=\"event_title ui-widget-header ui-corner-top\"><a id=\"a_event_title-245\" class=\"a_event_title\" title=\"QU\u00c9BEC - Formation Leadership de gestion\" href=\"https:\/\/lagrandeecoledesaffaires.com\/index.php\/calendrier\/?ee=245\">QU\u00c9BEC &#8211; Formation Leadership de gestion<\/a><\/h3>\n<div class=\"event-data-display ui-widget-content ui-corner-bottom\">\n<div class=\"event-desc\">\n<p>1 jour de 8 h 30 \u00e0 16 h<\/p>\n<\/div>\n<div class=\"event-meta clearfix\">\n<p id=\"p_event_price-245\" class=\"event_price\"><span class=\"section-title\">Prix :\u00a0<\/span>C$499.00<\/p>\n<p id=\"event_date-245\"><span class=\"section-title\">Date :\u00a0<\/span>29 octobre 2019 <a id=\"espresso_ical_245\" class=\"espresso_ical_link\" title=\"Import au format iCal\" href=\"https:\/\/lagrandeecoledesaffaires.com\/?iCal=true&amp;current_year=2019&amp;current_month=08&amp;current_day=11&amp;current_time=112559&amp;event_id=245&amp;ee_reg_id=n8a4nish6r5tausjj08ku9j135-5d5030df8fde12.80313074&amp;contact_email=info@lagrandeecoledesaffaires.com&amp;start_year=2019&amp;start_month=09&amp;start_day=27&amp;start_time=072200&amp;end_year=2019&amp;end_month=09&amp;end_day=27&amp;end_time=072200&amp;event_summary=QU%C3%89BEC%20-%20Formation%20Leadership%20de%20gestion&amp;ee_reg_url=https:\/\/lagrandeecoledesaffaires.com\/index.php\/calendrier\/?ee=245&amp;site_url=https:\/\/lagrandeecoledesaffaires.com&amp;organization=La%20grande%20%C3%A9cole%20des%20affaires&amp;location=3115,%20Avenue%20des%20H%C3%B4tels%20Qu%C3%A9bec,%20Qu%C3%A9bec%20G1W3Z6%20Canada\"><img decoding=\"async\" src=\"https:\/\/lagrandeecoledesaffaires.com\/wp-content\/plugins\/event-espresso\/images\/icons\/calendar_link.png\" \/><\/a><\/p>\n<\/div>\n<p id=\"register_link-245\" class=\"register-link-footer\"><a id=\"a_register_link-245\" class=\"a_register_link ui-button ui-button-big ui-priority-primary ui-state-default ui-state-hover ui-state-focus ui-corner-all\" title=\"QU\u00c9BEC - Formation Leadership de gestion\" href=\"https:\/\/lagrandeecoledesaffaires.com\/index.php\/calendrier\/?ee=245\">R\u00e9server en ligne<\/a><\/p>\n<\/div>\n<\/div>\n<\/div>\n<\/div>\n<\/div>\n<\/div>\n<\/div>\n<\/div>\n<\/div>\n<\/div>\n<\/div>\n<\/div>\n","protected":false},"excerpt":{"rendered":"<p>L&rsquo;Adjoint\/e d&rsquo;administration et de direction : Travaille d&rsquo;\u00e9quipe et \u00e9l\u00e9ment cl\u00e9 dans l&rsquo;organisation! Communication, diplomatie,\u00a0 leadership, respect, enthousiasme, ouverture, organisation, motivation et cr\u00e9ativit\u00e9 sont des aspects et attitudes qui donnent \u00e0 l\u2019adjointe d\u2019administration et de direction les \u00e9l\u00e9ments cl\u00e9s afin de bien assumer son r\u00f4le cl\u00e9 dans l\u2019\u00e9quipe de cadres ou direction. La prise en&hellip;&nbsp;<\/p>\n","protected":false},"author":2,"featured_media":3267,"comment_status":"open","ping_status":"open","sticky":false,"template":"","format":"standard","meta":{"neve_meta_sidebar":"","neve_meta_container":"","neve_meta_enable_content_width":"","neve_meta_content_width":0,"neve_meta_title_alignment":"","neve_meta_author_avatar":"","neve_post_elements_order":"","neve_meta_disable_header":"","neve_meta_disable_footer":"","neve_meta_disable_title":"","footnotes":""},"categories":[30],"tags":[],"class_list":["post-3265","post","type-post","status-publish","format-standard","has-post-thumbnail","hentry","category-infolettre"],"_links":{"self":[{"href":"https:\/\/lagrandeecoledesaffaires.com\/index.php\/wp-json\/wp\/v2\/posts\/3265","targetHints":{"allow":["GET"]}}],"collection":[{"href":"https:\/\/lagrandeecoledesaffaires.com\/index.php\/wp-json\/wp\/v2\/posts"}],"about":[{"href":"https:\/\/lagrandeecoledesaffaires.com\/index.php\/wp-json\/wp\/v2\/types\/post"}],"author":[{"embeddable":true,"href":"https:\/\/lagrandeecoledesaffaires.com\/index.php\/wp-json\/wp\/v2\/users\/2"}],"replies":[{"embeddable":true,"href":"https:\/\/lagrandeecoledesaffaires.com\/index.php\/wp-json\/wp\/v2\/comments?post=3265"}],"version-history":[{"count":6,"href":"https:\/\/lagrandeecoledesaffaires.com\/index.php\/wp-json\/wp\/v2\/posts\/3265\/revisions"}],"predecessor-version":[{"id":3424,"href":"https:\/\/lagrandeecoledesaffaires.com\/index.php\/wp-json\/wp\/v2\/posts\/3265\/revisions\/3424"}],"wp:featuredmedia":[{"embeddable":true,"href":"https:\/\/lagrandeecoledesaffaires.com\/index.php\/wp-json\/wp\/v2\/media\/3267"}],"wp:attachment":[{"href":"https:\/\/lagrandeecoledesaffaires.com\/index.php\/wp-json\/wp\/v2\/media?parent=3265"}],"wp:term":[{"taxonomy":"category","embeddable":true,"href":"https:\/\/lagrandeecoledesaffaires.com\/index.php\/wp-json\/wp\/v2\/categories?post=3265"},{"taxonomy":"post_tag","embeddable":true,"href":"https:\/\/lagrandeecoledesaffaires.com\/index.php\/wp-json\/wp\/v2\/tags?post=3265"}],"curies":[{"name":"wp","href":"https:\/\/api.w.org\/{rel}","templated":true}]}}