{"id":2835,"date":"2019-02-17T09:07:32","date_gmt":"2019-02-17T14:07:32","guid":{"rendered":"https:\/\/lagrandeecoledesaffaires.com\/?p=2835"},"modified":"2019-04-12T14:48:25","modified_gmt":"2019-04-12T18:48:25","slug":"gerer-son-tempsstress-et-priorites-le-mal-du-siecle-2","status":"publish","type":"post","link":"https:\/\/lagrandeecoledesaffaires.com\/index.php\/gerer-son-tempsstress-et-priorites-le-mal-du-siecle-2\/","title":{"rendered":"La gestion Temps +Stress+Priorit\u00e9s. Un incontournable ?"},"content":{"rendered":"<header class=\"entry-header\">\n<h1 class=\"entry-title \">Formation en Gestion du temps, stress et des priorit\u00e9s<\/h1>\n<hr class=\"featurette-divider __before_content\" \/>\n<\/header>\n<div class=\"entry-content\">\n<div class=\"vc_row wpb_row vc_row-fluid\">\n<div class=\"wpb_column vc_column_container vc_col-sm-12\">\n<div class=\"vc_column-inner \">\n<div class=\"wpb_wrapper\"><\/div>\n<\/div>\n<\/div>\n<\/div>\n<div class=\"vc_row wpb_row vc_row-fluid\">\n<div class=\"wpb_column vc_column_container vc_col-sm-8\">\n<div class=\"vc_column-inner \">\n<div class=\"wpb_wrapper\">\n<div class=\"wpb_text_column wpb_content_element \">\n<div class=\"wpb_wrapper\">\n<p><img loading=\"lazy\" decoding=\"async\" class=\"wp-image-2535 alignleft\" src=\"https:\/\/lagrandeecoledesaffaires.com\/wp-content\/uploads\/2018\/10\/gestion-temps.jpg\" alt=\"\" width=\"375\" height=\"310\" \/><\/p>\n<p>&nbsp;<\/p>\n<p><span style=\"color: #3366ff;\"><strong>Pas le temps de\u00a0 suivre cette formation?<\/strong><\/span><\/p>\n<p>Avez-vous d\u00e9j\u00e0 calcul\u00e9 combien co\u00fbtent,\u00a0 les mauvais\u00a0planning de la gestion des priorit\u00e9s au travail, les retards, les erreurs, la course d\u00e9sordonn\u00e9es, le manque de recul, les priorit\u00e9s mal \u00e9tablies, les oublis et les d\u00e9l\u00e9gations rat\u00e9es? Avez-vous calculer l&rsquo;impact du stress sur le fonctionnement de l&rsquo;entreprise?<\/p>\n<p>Cette formation saura capter votre attention, \u00eatre un axe de communication et de partage d\u2019information via le r\u00e9seautage qui se cr\u00e9e parmi les participants. Une occasion d\u2019apprendre rapidement ce que la vie nous enseigne en plusieurs ann\u00e9es. Vous gagnerez du temps.<\/p>\n<p><span style=\"color: #ff0000;\"><em><strong>Le stress: la maladie du si\u00e8cle selon la majorit\u00e9 des m\u00e9decin. C&rsquo;est le d\u00e9clencheur de plusieurs dysfonctionnement\u00a0 cellulaires qui engendre plusieurs maladies.<\/strong><\/em><\/span><\/p>\n<p>Nos formations Grand Publique ont un maximum de 21 participants.<\/p>\n<p><em><b>Cette formation vous permettra de sauver + ou \u2013\u00a0 21 minutes\u00a0par jour soit 105 minutes par semaine et\u00a0 5250 minutes par ann\u00e9e, soit 87.5 heures \u00e0 35.$ heure = 3062.$ par ann\u00e9e X 5 ans =15,312.$. Vous devez rajouter une diminution du stress et de l\u2019anxi\u00e9t\u00e9 reli\u00e9s au manque de temps et plus de cr\u00e9ativit\u00e9. Int\u00e9ressant<\/b>\u00a0<\/em>! (voir Le Travail source d\u2019insomnie, Journal de Montr\u00e9al 9 Mars 2018)\u00a0<strong>Imaginez cette formation en gestion du temps et priorit\u00e9s \u00e0 12 employ\u00e9s<\/strong><strong>, cela repr\u00e9sente une plus value de 183,750.$<\/strong>\u00a0+ une augmentation de la performance.\u00a0<em><strong>Cette formation jumel\u00e9e \u00e0 la formation Courage Manag\u00e9rial ou Adjointe de Direction ou Leadership de Gestion donne des r\u00e9sultats qui sont percutant.<\/strong><\/em><\/p>\n<p>Et c\u2019est sans compter l\u2019\u00e9nergie gaspill\u00e9e, le stress inutile, les mauvaises d\u00e9cisions et les r\u00e9actions involontaires qui emp\u00eachent une grande majorit\u00e9 de gens d\u2019atteindre leurs v\u00e9ritables objectifs et de faire valoir l\u2019ensemble de leurs comp\u00e9tences.<\/p>\n<p>Notre cr\u00e2ne est constitu\u00e9 du cerveau droit et du cerveau gauche. Ceux-ci sont compl\u00e8tement ind\u00e9pendants et ne se touchent qu\u2019\u00e0 la base dans le cortex qui lui re\u00e7oit les donn\u00e9es de chaque cerveau et r\u00e9agit soit instinctivement ou r\u00e9fl\u00e9chie selon l\u2019analyse que nous faisons des donn\u00e9es.<\/p>\n<p>Chacun de nous utilisons une partie de notre cerveau plus que l\u2019autre. Rien de grave, sinon qu\u2019en ignorant notre pr\u00e9f\u00e9rence, nous nous privons d\u2019informations cruciales sur nous m\u00eame et la fa\u00e7on de g\u00e9rer les aspects temps, stress et priorit\u00e9s. Cela va demander un changement dans les habitudes et de notre zone de confort.<\/p>\n<p><em><strong>Le savoir change tout. La comp\u00e9titivit\u00e9 de votre organisation passe par le savoir qu\u2019elle d\u00e9tient.<\/strong><\/em><\/p>\n<p><em><strong>Concr\u00e9tisez vos objectifs et montez les \u00e9chelons<\/strong><\/em><\/p>\n<p>Le stress g\u00e9n\u00e9r\u00e9 par le\u00a0 travail: Pr\u00e8s de 39% des professionnels dorment mal en raison de leur travail. Les Affaires 24 Mars 2018<\/p>\n<p>Devant une situation de grand stress qui perdure, celle-ci peut en venir \u00e0 compromettre notre sant\u00e9 physique et psychologique. Le stress peut engendrer de l\u2019irritabilit\u00e9, de l\u2019anxi\u00e9t\u00e9, de la col\u00e8re, de la tristesse, des maux de t\u00eate, des maux de dos et autres. \u00c0 plus long terme, de la difficult\u00e9 \u00e0 s\u2019endormir, se concentrer, de l\u2019\u00e9puisement et des troubles de l\u2019humeur.<\/p>\n<p>&nbsp;<\/p>\n<p><strong>Cette formation en Gestion du Temps, du Stress et Priorit\u00e9s vous permettra de :\u00a0 \u00a0 \u00a0 \u00a0 \u00a0 \u00a0 \u00a0 \u00a0 \u00a0 \u00a0 \u00a0 \u00a0<img loading=\"lazy\" decoding=\"async\" class=\"wp-image-2539 alignright\" src=\"https:\/\/lagrandeecoledesaffaires.com\/wp-content\/uploads\/2018\/10\/dame-temps-1024x710.png\" sizes=\"auto, (max-width: 409px) 100vw, 409px\" srcset=\"https:\/\/lagrandeecoledesaffaires.com\/wp-content\/uploads\/2018\/10\/dame-temps-1024x710.png 1024w, https:\/\/lagrandeecoledesaffaires.com\/wp-content\/uploads\/2018\/10\/dame-temps-300x208.png 300w, https:\/\/lagrandeecoledesaffaires.com\/wp-content\/uploads\/2018\/10\/dame-temps-768x532.png 768w, https:\/\/lagrandeecoledesaffaires.com\/wp-content\/uploads\/2018\/10\/dame-temps-600x416.png 600w, https:\/\/lagrandeecoledesaffaires.com\/wp-content\/uploads\/2018\/10\/dame-temps.png 1482w\" alt=\"\" width=\"409\" height=\"284\" \/><\/strong><\/p>\n<p>LES LOIS DE LA GESTION DU TEMPS ET DU STRESS<\/p>\n<p>LE STRESS EN MILIEU DE TRAVAIL ET SES CAUSES<\/p>\n<p>LES CONS\u00c9QUENCES DU STRESS<\/p>\n<p>COMMENT MIEUX G\u00c9RER SON STRESS<\/p>\n<p>LE CAPITAL TEMPS \u00c9NERGIE<\/p>\n<p>LA R\u00c9TENTION DU PERSONNEL AM\u00c9LIOR\u00c9E<\/p>\n<p>AGIR EN FONCTION DES V\u00c9RITABLES PRIORIT\u00c9S<\/p>\n<p>LA CHASSE AUX MONSTRES CHRONOPHAGES<\/p>\n<p>TEST CERVEAU DROIT OU CERVEAU GAUCHE ET UTILISATION PERSONNALIS\u00c9E<\/p>\n<p>LES ATTITUDES CHRONOPHAGES<\/p>\n<p>LES HABITUDES ET R\u00c9FLEXES RAVAGEURS<\/p>\n<p>LE GRAND D\u00c9FI: SAVOIR DIRE NON<\/p>\n<p>LE FOUILLIS: UN OBSTACLE MAJEUR \u00c0 \u00c9LIMINER<img loading=\"lazy\" decoding=\"async\" class=\"wp-image-2525 alignright\" src=\"https:\/\/lagrandeecoledesaffaires.com\/wp-content\/uploads\/2018\/10\/gestion-du-stress.jpg\" sizes=\"auto, (max-width: 398px) 100vw, 398px\" srcset=\"https:\/\/lagrandeecoledesaffaires.com\/wp-content\/uploads\/2018\/10\/gestion-du-stress.jpg 971w, https:\/\/lagrandeecoledesaffaires.com\/wp-content\/uploads\/2018\/10\/gestion-du-stress-300x183.jpg 300w, https:\/\/lagrandeecoledesaffaires.com\/wp-content\/uploads\/2018\/10\/gestion-du-stress-768x469.jpg 768w, https:\/\/lagrandeecoledesaffaires.com\/wp-content\/uploads\/2018\/10\/gestion-du-stress-600x366.jpg 600w, https:\/\/lagrandeecoledesaffaires.com\/wp-content\/uploads\/2018\/10\/gestion-du-stress-570x350.jpg 570w\" alt=\"\" width=\"398\" height=\"243\" \/><\/p>\n<p>LA R\u00c9UNIONITE, UN MAL OMNIPR\u00c9SENT<\/p>\n<p>MIEUX PLANIFIER ET ORGANISER<\/p>\n<p>CONCILIER SA PLANIFICATION AVEC SON RYTHME NATUREL<\/p>\n<p>MA\u00ceTRISER L\u2019ART DE D\u00c9L\u00c9GUER<\/p>\n<p>LES INDICATEURS DE PERFORMANCE EN GESTION DU TEMPS ET DU STRESS<\/p>\n<p><em><strong>R\u00e9sultats d\u00e9stressant assur\u00e9e<\/strong><\/em><\/p>\n<p>Cette formation propose des techniques de gestion du temps, stress et priorit\u00e9s pr\u00e9cises, applicables facilement et imm\u00e9diatement pour \u00e9conomiser du temps. Ce s\u00e9minaire\u00a0en gestion du temps et du stress proposent des solutions pour mieux composer avec\u00a0les diff\u00e9rentes\u00a0priorit\u00e9s auxquelles vous devez faire face chaque jour, ce qui vous permettra de\u00a0consacrer votre temps, vos \u00e9nergies aux t\u00e2ches \u00e0 valeur ajout\u00e9e.<\/p>\n<p>Dans\u00a0le contexte actuelle, qui\u00a0nous oblige \u00e0\u00a0am\u00e9liorer nos rendements, certaines comp\u00e9tences comme la gestion des calendriers,\u00a0la ma\u00eetrise des \u00e9ch\u00e9ances, soient toutes les techniques de gestion du temps, stress et priorit\u00e9s permettant une meilleure planification,\u00a0sont indispensables dans le monde actuel.<\/p>\n<p><strong>Cette formation se donne grand public ou dans votre organisation.<\/strong><\/p>\n<p>Linken 30,000 abonn\u00e9es<\/p>\n<p>La Grande \u00c9cole 41,000 abonn\u00e9es<\/p>\n<p><strong>www.lagrandeecoledesaffaires.com<\/strong><\/p>\n<table id=\"table\" class=\"widefat manage-categories\" style=\"height: 1155px;\" width=\"749\">\n<tbody>\n<tr class=\"even\">\n<td class=\"post-title page-title column-title\">\n<div class=\"row-actions\"><span class=\"edit\"><a href=\"https:\/\/lagrandeecoledesaffaires.com\/wp-admin\/admin.php?page=event_categories&amp;action=edit&amp;id=13\">odifier\u00a0<\/a>|\u00a0<\/span><span class=\"delete\"><a class=\"submitdelete\" href=\"https:\/\/lagrandeecoledesaffaires.com\/wp-admin\/admin.php?page=event_categories&amp;action=delete_category&amp;id=13\">Supprimer<\/a><\/span><\/div>\n<\/td>\n<td>\n<div id=\"event_wrapper\">\n<div id=\"event_container_pagination\">\n<div id=\"event_content\" class=\"event_content\">\n<div id=\"event_data-169\" class=\"event_data gestion-du-temps-1486068112 event-data-display event-list-display event-display-boxes ui-widget\">\n<h3 id=\"event_title-169\" class=\"event_title ui-widget-header ui-corner-top\"><a id=\"a_event_title-169\" class=\"a_event_title\" title=\"MONTR\u00c9AL - Formation Gestion du temps et des priorit\u00e9s\" href=\"https:\/\/lagrandeecoledesaffaires.com\/index.php\/calendrier\/?ee=169\">MONTR\u00c9AL &#8211; Formation Gestion du temps, stress et des priorit\u00e9s<\/a><\/h3>\n<div class=\"event-data-display ui-widget-content ui-corner-bottom\">\n<div class=\"event-desc\">\n<p>1 jour de 8 h 30 \u00e0 16 h<\/p>\n<\/div>\n<div class=\"event-meta clearfix\">\n<p id=\"p_event_price-169\" class=\"event_price\"><span class=\"section-title\">Prix :\u00a0<\/span>C$499.00<\/p>\n<p id=\"event_date-169\"><span class=\"section-title\">Date :\u00a0<\/span>26 avril 2019\u00a0<a id=\"espresso_ical_169\" class=\"espresso_ical_link\" title=\"Import au format iCal\" href=\"https:\/\/lagrandeecoledesaffaires.com\/?iCal=true&amp;current_year=2019&amp;current_month=01&amp;current_day=18&amp;current_time=113356&amp;event_id=169&amp;ee_reg_id=do0t49o948hs796sgb8c22mlp3-5c41ffbcc20d19.03411885&amp;contact_email=info@lagrandeecoledesaffaires.com&amp;start_year=2019&amp;start_month=01&amp;start_day=22&amp;start_time=061300&amp;end_year=2019&amp;end_month=01&amp;end_day=22&amp;end_time=061300&amp;event_summary=MONTR%C3%89AL%20-%20Formation%20Gestion%20du%20temps%20et%20des%20priorit%C3%A9s&amp;ee_reg_url=https:\/\/lagrandeecoledesaffaires.com\/index.php\/calendrier\/?ee=169&amp;site_url=https:\/\/lagrandeecoledesaffaires.com&amp;organization=La%20grande%20%C3%A9cole%20des%20affaires&amp;location=1,%20boulevard%20Ren%C3%A9-L%C3%A9vesque%20est%20Montr%C3%A9al,%20Qu%C3%A9bec%20H2X%203Z5%20Canada\"><img decoding=\"async\" src=\"https:\/\/lagrandeecoledesaffaires.com\/wp-content\/plugins\/event-espresso\/images\/icons\/calendar_link.png\" \/><\/a><\/p>\n<\/div>\n<p id=\"register_link-169\" class=\"register-link-footer\"><a id=\"a_register_link-169\" class=\"a_register_link ui-button ui-button-big ui-priority-primary ui-state-default ui-state-hover ui-state-focus ui-corner-all\" title=\"MONTR\u00c9AL - Formation Gestion du temps et des priorit\u00e9s\" href=\"https:\/\/lagrandeecoledesaffaires.com\/index.php\/calendrier\/?ee=169\">R\u00e9server en ligne<\/a><\/p>\n<\/div>\n<\/div>\n<div id=\"event_data-204\" class=\"event_data gestion-du-temps-1486068112 event-data-display event-list-display event-display-boxes ui-widget\">\n<h3 id=\"event_title-204\" class=\"event_title ui-widget-header ui-corner-top\"><a id=\"a_event_title-204\" class=\"a_event_title\" title=\"QU\u00c9BEC - Formation Gestion du temps et des priori\u00e9t\u00e9s\" href=\"https:\/\/lagrandeecoledesaffaires.com\/index.php\/calendrier\/?ee=204\">QU\u00c9BEC &#8211; Formation Gestion du temps, stress et des priori\u00e9t\u00e9s<\/a><\/h3>\n<div class=\"event-data-display ui-widget-content ui-corner-bottom\">\n<div class=\"event-desc\">\n<p>1 journ\u00e9e de 8 h 30 \u00e0 16 h<\/p>\n<\/div>\n<div class=\"event-meta clearfix\">\n<p id=\"p_event_price-204\" class=\"event_price\"><span class=\"section-title\">Prix :\u00a0<\/span>C$499.00<\/p>\n<p id=\"event_date-204\"><span class=\"section-title\">Date : 20 juin<\/span>\u00a02019\u00a0<a id=\"espresso_ical_204\" class=\"espresso_ical_link\" title=\"Import au format iCal\" href=\"https:\/\/lagrandeecoledesaffaires.com\/?iCal=true&amp;current_year=2019&amp;current_month=01&amp;current_day=18&amp;current_time=113356&amp;event_id=204&amp;ee_reg_id=do0t49o948hs796sgb8c22mlp3-5c41ffbcc20d19.03411885&amp;contact_email=info@lagrandeecoledesaffaires.com&amp;start_year=2019&amp;start_month=02&amp;start_day=11&amp;start_time=061600&amp;end_year=2019&amp;end_month=02&amp;end_day=11&amp;end_time=061600&amp;event_summary=QU%C3%89BEC%20-%20Formation%20Gestion%20du%20temps%20et%20des%20priori%C3%A9t%C3%A9s&amp;ee_reg_url=https:\/\/lagrandeecoledesaffaires.com\/index.php\/calendrier\/?ee=204&amp;site_url=https:\/\/lagrandeecoledesaffaires.com&amp;organization=La%20grande%20%C3%A9cole%20des%20affaires&amp;location=3031%20Boulevard%20Laurier%20Ste-Foy,%20Qu%C3%A9bec%20G1V%202M2%20Canada\"><img decoding=\"async\" src=\"https:\/\/lagrandeecoledesaffaires.com\/wp-content\/plugins\/event-espresso\/images\/icons\/calendar_link.png\" \/><\/a><\/p>\n<\/div>\n<p id=\"register_link-204\" class=\"register-link-footer\"><a id=\"a_register_link-204\" class=\"a_register_link ui-button ui-button-big ui-priority-primary ui-state-default ui-state-hover ui-state-focus ui-corner-all\" title=\"QU\u00c9BEC - Formation Gestion du temps et des priori\u00e9t\u00e9s\" href=\"https:\/\/lagrandeecoledesaffaires.com\/index.php\/calendrier\/?ee=204\">R\u00e9server en ligne<\/a><\/p>\n<\/div>\n<\/div>\n<div id=\"event_data-206\" class=\"event_data gestion-du-temps-1486068112 event-data-display event-list-display event-display-boxes ui-widget\">\n<h3 id=\"event_title-206\" class=\"event_title ui-widget-header ui-corner-top\"><a id=\"a_event_title-206\" class=\"a_event_title\" title=\"QU\u00c9BEC - Formation Gestion du temps et des priorit\u00e9s\" href=\"https:\/\/lagrandeecoledesaffaires.com\/index.php\/calendrier\/?ee=206\">QU\u00c9BEC &#8211; Formation Gestion du temps et des priorit\u00e9s<\/a><\/h3>\n<div class=\"event-data-display ui-widget-content ui-corner-bottom\">\n<div class=\"event-desc\">\n<p>1 journ\u00e9e de 8 h 30 \u00e0 16 h<\/p>\n<\/div>\n<div class=\"event-meta clearfix\">\n<p id=\"p_event_price-206\" class=\"event_price\"><span class=\"section-title\">Prix :\u00a0<\/span>C$499.00<\/p>\n<p id=\"event_date-206\"><span class=\"section-title\">Date : 20 juin<\/span>\u00a02019\u00a0<a id=\"espresso_ical_206\" class=\"espresso_ical_link\" title=\"Import au format iCal\" href=\"https:\/\/lagrandeecoledesaffaires.com\/?iCal=true&amp;current_year=2019&amp;current_month=01&amp;current_day=18&amp;current_time=113356&amp;event_id=206&amp;ee_reg_id=do0t49o948hs796sgb8c22mlp3-5c41ffbcc20d19.03411885&amp;contact_email=info@lagrandeecoledesaffaires.com&amp;start_year=2019&amp;start_month=04&amp;start_day=15&amp;start_time=062500&amp;end_year=2019&amp;end_month=04&amp;end_day=15&amp;end_time=062500&amp;event_summary=QU%C3%89BEC%20-%20Formation%20Gestion%20du%20temps%20et%20des%20priorit%C3%A9s&amp;ee_reg_url=https:\/\/lagrandeecoledesaffaires.com\/index.php\/calendrier\/?ee=206&amp;site_url=https:\/\/lagrandeecoledesaffaires.com&amp;organization=La%20grande%20%C3%A9cole%20des%20affaires&amp;location=3031%20Boulevard%20Laurier%20Ste-Foy,%20Qu%C3%A9bec%20G1V%202M2%20Canada\"><img decoding=\"async\" src=\"https:\/\/lagrandeecoledesaffaires.com\/wp-content\/plugins\/event-espresso\/images\/icons\/calendar_link.png\" \/><\/a><\/p>\n<\/div>\n<p id=\"register_link-206\" class=\"register-link-footer\"><a id=\"a_register_link-206\" class=\"a_register_link ui-button ui-button-big ui-priority-primary ui-state-default ui-state-hover ui-state-focus ui-corner-all\" title=\"QU\u00c9BEC - Formation Gestion du temps et des priorit\u00e9s\" href=\"https:\/\/lagrandeecoledesaffaires.com\/index.php\/calendrier\/?ee=206\">R\u00e9server en ligne<\/a><\/p>\n<\/div>\n<\/div>\n<div id=\"event_data-205\" class=\"event_data gestion-du-temps-1486068112 event-data-display event-list-display event-display-boxes ui-widget\">\n<h3 id=\"event_title-205\" class=\"event_title ui-widget-header ui-corner-top\"><a id=\"a_event_title-205\" class=\"a_event_title\" title=\"MONTR\u00c9AL - Formation Gestion du temps et des priorit\u00e9s\" href=\"https:\/\/lagrandeecoledesaffaires.com\/index.php\/calendrier\/?ee=205\">MONTR\u00c9AL &#8211; Formation Gestion du temps, stress et des priorit\u00e9s<\/a><\/h3>\n<div class=\"event-data-display ui-widget-content ui-corner-bottom\">\n<div class=\"event-desc\">\n<p>1 journ\u00e9e de 8 h 30 \u00e0 16 h<\/p>\n<\/div>\n<div class=\"event-meta clearfix\">\n<p id=\"p_event_price-205\" class=\"event_price\"><span class=\"section-title\">Prix :\u00a0<\/span>C$499.00<\/p>\n<p id=\"event_date-205\"><span class=\"section-title\">Date :\u00a0<\/span>26 avril 2019\u00a0<a id=\"espresso_ical_205\" class=\"espresso_ical_link\" title=\"Import au format iCal\" href=\"https:\/\/lagrandeecoledesaffaires.com\/?iCal=true&amp;current_year=2019&amp;current_month=01&amp;current_day=18&amp;current_time=113356&amp;event_id=205&amp;ee_reg_id=do0t49o948hs796sgb8c22mlp3-5c41ffbcc20d19.03411885&amp;contact_email=info@lagrandeecoledesaffaires.com&amp;start_year=2019&amp;start_month=04&amp;start_day=26&amp;start_time=063700&amp;end_year=2019&amp;end_month=04&amp;end_day=26&amp;end_time=063700&amp;event_summary=MONTR%C3%89AL%20-%20Formation%20Gestion%20du%20temps%20et%20des%20priorit%C3%A9s&amp;ee_reg_url=https:\/\/lagrandeecoledesaffaires.com\/index.php\/calendrier\/?ee=205&amp;site_url=https:\/\/lagrandeecoledesaffaires.com&amp;organization=La%20grande%20%C3%A9cole%20des%20affaires&amp;location=1,%20boulevard%20Ren%C3%A9-L%C3%A9vesque%20est%20Montr%C3%A9al,%20Qu%C3%A9bec%20H2X%203Z5%20Canada\"><img decoding=\"async\" src=\"https:\/\/lagrandeecoledesaffaires.com\/wp-content\/plugins\/event-espresso\/images\/icons\/calendar_link.png\" \/><\/a><\/p>\n<\/div>\n<p id=\"register_link-205\" class=\"register-link-footer\"><a id=\"a_register_link-205\" class=\"a_register_link ui-button ui-button-big ui-priority-primary ui-state-default ui-state-hover ui-state-focus ui-corner-all\" title=\"MONTR\u00c9AL - Formation Gestion du temps et des priorit\u00e9s\" href=\"https:\/\/lagrandeecoledesaffaires.com\/index.php\/calendrier\/?ee=205\">R\u00e9server en ligne<\/a><\/p>\n<\/div>\n<\/div>\n<\/div>\n<\/div>\n<\/div>\n<\/td>\n<\/tr>\n<\/tbody>\n<\/table>\n<\/div>\n<\/div>\n<\/div>\n<\/div>\n<\/div>\n<\/div>\n<\/div>\n","protected":false},"excerpt":{"rendered":"<p>Formation en Gestion du temps, stress et des priorit\u00e9s &nbsp; Pas le temps de\u00a0 suivre cette formation? Avez-vous d\u00e9j\u00e0 calcul\u00e9 combien co\u00fbtent,\u00a0 les mauvais\u00a0planning de la gestion des priorit\u00e9s au travail, les retards, les erreurs, la course d\u00e9sordonn\u00e9es, le manque de recul, les priorit\u00e9s mal \u00e9tablies, les oublis et les d\u00e9l\u00e9gations rat\u00e9es? Avez-vous calculer l&rsquo;impact&hellip;&nbsp;<\/p>\n","protected":false},"author":2,"featured_media":2831,"comment_status":"open","ping_status":"open","sticky":false,"template":"","format":"standard","meta":{"neve_meta_sidebar":"","neve_meta_container":"","neve_meta_enable_content_width":"","neve_meta_content_width":0,"neve_meta_title_alignment":"","neve_meta_author_avatar":"","neve_post_elements_order":"","neve_meta_disable_header":"","neve_meta_disable_footer":"","neve_meta_disable_title":"","footnotes":""},"categories":[30],"tags":[],"class_list":["post-2835","post","type-post","status-publish","format-standard","has-post-thumbnail","hentry","category-infolettre"],"_links":{"self":[{"href":"https:\/\/lagrandeecoledesaffaires.com\/index.php\/wp-json\/wp\/v2\/posts\/2835","targetHints":{"allow":["GET"]}}],"collection":[{"href":"https:\/\/lagrandeecoledesaffaires.com\/index.php\/wp-json\/wp\/v2\/posts"}],"about":[{"href":"https:\/\/lagrandeecoledesaffaires.com\/index.php\/wp-json\/wp\/v2\/types\/post"}],"author":[{"embeddable":true,"href":"https:\/\/lagrandeecoledesaffaires.com\/index.php\/wp-json\/wp\/v2\/users\/2"}],"replies":[{"embeddable":true,"href":"https:\/\/lagrandeecoledesaffaires.com\/index.php\/wp-json\/wp\/v2\/comments?post=2835"}],"version-history":[{"count":7,"href":"https:\/\/lagrandeecoledesaffaires.com\/index.php\/wp-json\/wp\/v2\/posts\/2835\/revisions"}],"predecessor-version":[{"id":2957,"href":"https:\/\/lagrandeecoledesaffaires.com\/index.php\/wp-json\/wp\/v2\/posts\/2835\/revisions\/2957"}],"wp:featuredmedia":[{"embeddable":true,"href":"https:\/\/lagrandeecoledesaffaires.com\/index.php\/wp-json\/wp\/v2\/media\/2831"}],"wp:attachment":[{"href":"https:\/\/lagrandeecoledesaffaires.com\/index.php\/wp-json\/wp\/v2\/media?parent=2835"}],"wp:term":[{"taxonomy":"category","embeddable":true,"href":"https:\/\/lagrandeecoledesaffaires.com\/index.php\/wp-json\/wp\/v2\/categories?post=2835"},{"taxonomy":"post_tag","embeddable":true,"href":"https:\/\/lagrandeecoledesaffaires.com\/index.php\/wp-json\/wp\/v2\/tags?post=2835"}],"curies":[{"name":"wp","href":"https:\/\/api.w.org\/{rel}","templated":true}]}}