{"id":2721,"date":"2018-12-12T17:58:36","date_gmt":"2018-12-12T22:58:36","guid":{"rendered":"https:\/\/lagrandeecoledesaffaires.com\/?p=2721"},"modified":"2018-12-13T07:53:34","modified_gmt":"2018-12-13T12:53:34","slug":"adjointe-diplomate-une-partie-de-votre-reusite-2","status":"publish","type":"post","link":"https:\/\/lagrandeecoledesaffaires.com\/index.php\/adjointe-diplomate-une-partie-de-votre-reusite-2\/","title":{"rendered":"L&rsquo;Adjoint\/e d&rsquo;administration et direction : Travailler en \u00e9quipe!"},"content":{"rendered":"<p><strong>L&rsquo;Adjoint\/e d&rsquo;administration et de direction : Travailler en \u00e9quipe !<\/strong><\/p>\n<p>Communication, diplomatie,\u00a0 leadership, respect, enthousiasme, ouverture, organisation, motivation et cr\u00e9ativit\u00e9 sont des aspects et attitudes qui donnent \u00e0 l\u2019adjointe d\u2019administration et de direction les \u00e9l\u00e9ments cl\u00e9s afin de bien assumer son r\u00f4le cl\u00e9 dans l\u2019\u00e9quipe de cadres ou direction.<\/p>\n<p>La prise en charge de certains volets de la gestion pour lib\u00e9rer les d\u00e9cideurs de pr\u00e9occupations quotidiennes, les laissant ainsi se consacrer \u00e0 des processus de plus en plus complexes et exigeants, dict\u00e9s par les fluctuations \u00e9conomiques, la comp\u00e9titivit\u00e9 et les nouvelles r\u00e8gles de plus en plus astreignantes et complexes.<\/p>\n<p><strong>LA STRAT\u00c9GIE \u00c0 APPLIQUER<\/strong>\u00a0:<\/p>\n<ul>\n<li>Planifier, organiser, d\u00e9cider et vous \u00eates un rouage important de l\u2019organisation<\/li>\n<li>Repr\u00e9senter et positionner\u00a0: communiquer la recherche d\u2019excellence en exer\u00e7ant un leadership<\/li>\n<li>Planification r\u00e9aliste et vision claire des objectifs \u00e0 atteindre<\/li>\n<li>\u00c9tablir des liens essentiels avec les personnes cl\u00e9s<\/li>\n<li>Interagir de mani\u00e8re strat\u00e9gique<\/li>\n<li>Participer au processus d\u2019\u00e9volution des affaires<\/li>\n<li>Maximiser l\u2019efficacit\u00e9 (\u00eatre un agent de changement)<\/li>\n<li>G\u00e9rer l\u2019information strat\u00e9gique sous toutes ses formes<\/li>\n<li>D\u00e9finition claire du mandat et des attentes du sup\u00e9rieur imm\u00e9diat<\/li>\n<li>Pour quel type de leader travaillez-vous?<\/li>\n<li>Test personnalit\u00e9, sens cognitif, influence et communication confidentielle .<\/li>\n<li>Processus de communication<\/li>\n<li>Les d\u00e9fis, priorit\u00e9s et objectifs des d\u00e9cideurs<\/li>\n<li>Mise en place des changements<\/li>\n<\/ul>\n<p>Cette journ\u00e9e de formation en grand public ou dans votre entreprise vise \u00e0 transmettre des principes de gestion qui permettra aux adjointes de mieux seconder le processus d\u00e9cisionnel et de devenir ainsi la plus pr\u00e9cieuse collaboratrice de son sup\u00e9rieur. Un travail d\u2019\u00e9quipe dans un climat de respect mutuel.<\/p>\n<p>Venez avec votre coll\u00e8gue ou votre sup\u00e9rieur hi\u00e9rarchique.<\/p>\n<p><em><strong>D\u00e9sirer est essentiel \u00e0 la motivation, mais c&rsquo;est la d\u00e9termination et l&rsquo;engagement total \u00e0 atteindre son but- viser l&rsquo;excellence- qui assurent le succ\u00e8s.\u00a0 <\/strong><\/em><strong>Mario Andretti<\/strong><\/p>\n<p><span style=\"color: #ff0000;\"><strong>Nous sommes en p\u00e9riode promotionnelle pour le temps des F\u00eates. Un rabais de 100.$ pour toutes les inscriptions faites avant le 21 d\u00e9cembre 2018.<\/strong><\/span><\/p>\n<p><span style=\"color: #000000;\">Raymond Guy Par\u00e9<\/span><\/p>\n<p>Linken 30,000 abonn\u00e9s<\/p>\n<p>La Grande \u00c9cole 46,000 abonn\u00e9s<\/p>\n<p>info@lagrandeecoledesaffaires.com<\/p>\n<p><strong>FORMATIONS SUGG\u00c9R\u00c9ES<\/strong><\/p>\n<p><strong>Adjoint\/es d\u2019administration et de direction<\/strong><\/p>\n<p><strong>Montr\u00e9al\u00a0:\u00a0 23 Janvier ou 9 Avril 2019\u00a0 Qu\u00e9bec\u00a0:\u00a0 30 janvier ou 16 avril<\/strong><\/p>\n<p><strong>Gestion du temps\u00a0<\/strong><\/p>\n<p><strong>\u00a0Montr\u00e9al\u00a0 22 janvier ou 26 avril 2019, Qu\u00e9bec 19 F\u00e9vrier ou 15 avril\u00a0 \u00a0 \u00a0 \u00a0 \u00a0 \u00a0 \u00a0 \u00a0<\/strong><\/p>\n<p><strong>Leadership de Gestion<\/strong><\/p>\n<p><strong>Montr\u00e9al 21 janvier 2019 , Qu\u00e9bec 18 mars<\/strong><\/p>\n<p>Choisissez 3 formations et obtenez 10% d&rsquo;escompte, 5 obtenez 15% .<\/p>\n<p><strong>La formation dans votre entreprise permet une adaptation \u00e0 votre processus de gestion interne. Les groupes varie de 10 \u00e0 21 participants\/tes.<\/strong><\/p>\n<p><strong>www.lagrandeecoledesaffaires.com<\/strong><\/p>\n<p>&nbsp;<\/p>\n<p>&nbsp;<\/p>\n","protected":false},"excerpt":{"rendered":"<p>L&rsquo;Adjoint\/e d&rsquo;administration et de direction : Travailler en \u00e9quipe ! Communication, diplomatie,\u00a0 leadership, respect, enthousiasme, ouverture, organisation, motivation et cr\u00e9ativit\u00e9 sont des aspects et attitudes qui donnent \u00e0 l\u2019adjointe d\u2019administration et de direction les \u00e9l\u00e9ments cl\u00e9s afin de bien assumer son r\u00f4le cl\u00e9 dans l\u2019\u00e9quipe de cadres ou direction. La prise en charge de certains&hellip;&nbsp;<\/p>\n","protected":false},"author":2,"featured_media":2717,"comment_status":"open","ping_status":"open","sticky":false,"template":"","format":"standard","meta":{"neve_meta_sidebar":"","neve_meta_container":"","neve_meta_enable_content_width":"","neve_meta_content_width":0,"neve_meta_title_alignment":"","neve_meta_author_avatar":"","neve_post_elements_order":"","neve_meta_disable_header":"","neve_meta_disable_footer":"","neve_meta_disable_title":"","footnotes":""},"categories":[30],"tags":[],"class_list":["post-2721","post","type-post","status-publish","format-standard","has-post-thumbnail","hentry","category-infolettre"],"_links":{"self":[{"href":"https:\/\/lagrandeecoledesaffaires.com\/index.php\/wp-json\/wp\/v2\/posts\/2721","targetHints":{"allow":["GET"]}}],"collection":[{"href":"https:\/\/lagrandeecoledesaffaires.com\/index.php\/wp-json\/wp\/v2\/posts"}],"about":[{"href":"https:\/\/lagrandeecoledesaffaires.com\/index.php\/wp-json\/wp\/v2\/types\/post"}],"author":[{"embeddable":true,"href":"https:\/\/lagrandeecoledesaffaires.com\/index.php\/wp-json\/wp\/v2\/users\/2"}],"replies":[{"embeddable":true,"href":"https:\/\/lagrandeecoledesaffaires.com\/index.php\/wp-json\/wp\/v2\/comments?post=2721"}],"version-history":[{"count":3,"href":"https:\/\/lagrandeecoledesaffaires.com\/index.php\/wp-json\/wp\/v2\/posts\/2721\/revisions"}],"predecessor-version":[{"id":2724,"href":"https:\/\/lagrandeecoledesaffaires.com\/index.php\/wp-json\/wp\/v2\/posts\/2721\/revisions\/2724"}],"wp:featuredmedia":[{"embeddable":true,"href":"https:\/\/lagrandeecoledesaffaires.com\/index.php\/wp-json\/wp\/v2\/media\/2717"}],"wp:attachment":[{"href":"https:\/\/lagrandeecoledesaffaires.com\/index.php\/wp-json\/wp\/v2\/media?parent=2721"}],"wp:term":[{"taxonomy":"category","embeddable":true,"href":"https:\/\/lagrandeecoledesaffaires.com\/index.php\/wp-json\/wp\/v2\/categories?post=2721"},{"taxonomy":"post_tag","embeddable":true,"href":"https:\/\/lagrandeecoledesaffaires.com\/index.php\/wp-json\/wp\/v2\/tags?post=2721"}],"curies":[{"name":"wp","href":"https:\/\/api.w.org\/{rel}","templated":true}]}}