{"id":2303,"date":"2018-06-03T10:27:49","date_gmt":"2018-06-03T14:27:49","guid":{"rendered":"https:\/\/lagrandeecoledesaffaires.com\/?p=2303"},"modified":"2018-11-22T12:34:14","modified_gmt":"2018-11-22T17:34:14","slug":"courage-managerial-quel-en-est-votre-perception","status":"publish","type":"post","link":"https:\/\/lagrandeecoledesaffaires.com\/index.php\/courage-managerial-quel-en-est-votre-perception\/","title":{"rendered":"Courage Manag\u00e9rial=Perform Plus"},"content":{"rendered":"<p><strong>Courage Manag\u00e9rial = <em>Perform Plus<\/em><\/strong><\/p>\n<p><em><strong>Le courage est-il inn\u00e9e ou il s\u2019apprend et se d\u00e9veloppe?<\/strong><\/em> Les swaps team (arm\u00e9e, police, pompiers) sont form\u00e9s pour \u00eatre courageux dans un contexte de connaissance des actions \u00e0 entreprendre et de la r\u00e9ussite escompt\u00e9e.<\/p>\n<p>Le courage de d\u00e9cider de prendre des d\u00e9cisions difficiles<\/p>\n<p>Le courage d\u2019assumer sa d\u00e9cision<\/p>\n<p>Le courage d\u2019\u00eatre dans l\u2019action<\/p>\n<p>Le courage de v\u00e9hiculer la responsabilisation<\/p>\n<p>Le courage de supporter la haute direction dans leur prise de d\u00e9cision<\/p>\n<p>Le courage d\u2019\u00eatre<\/p>\n<p>Le courage de v\u00e9hiculer l\u2019assumassions des actes de ses employ\u00e9s sous sa supervision<\/p>\n<p>Le courage de d\u00e9l\u00e9guer et de superviser cette d\u00e9l\u00e9gation<\/p>\n<p>Le courage de\u00a0 poser les bonnes questions<\/p>\n<p>Le courage d\u2019\u00e9couter les r\u00e9ponses en laissant son interlocuteur aller au bout de son id\u00e9e<\/p>\n<p>Le courage d&rsquo;\u00eatre soi-m\u00eame, heureux et respect\u00e9. Ajoutez du <em>Perform Plus<\/em> dans votre vie. Cela augmentera votre qualit\u00e9 de vie au travail et a la maison.<\/p>\n<p><strong><em>Cette formation Courage Manag\u00e9rial se donne adapt\u00e9e dans votre organisation. Jumel\u00e9e avec la formation Leadership de gestion et Gestion du temps vous serez surpris des r\u00e9sultats que vous obtiendrez avec votre \u00e9quipe.<\/em><\/strong><\/p>\n<p><strong><em>Dates Formations Grand Public<\/em><\/strong><\/p>\n<p><strong>\u00a0Courage Manag\u00e9rial:<\/strong> Montr\u00e9al 22 f\u00e9vrier &amp; Qu\u00e9bec 19 mars<\/p>\n<p><strong>Leadership de gestion<\/strong>: Montr\u00e9al 21 janvier &amp; Qu\u00e9bec 22 mars<\/p>\n<p><strong>Gestion du temps:<\/strong> Montr\u00e9al 22 janvier &amp; Qu\u00e9bec 29 janvier<\/p>\n<p><strong>www.lagrandeecoledesaffaires.com<\/strong><\/p>\n<p>Formation : Le courage manag\u00e9rial<\/p>\n<p><strong>D\u00e9finition du mot Courage:<\/strong>\u00a0Ma capacit\u00e9 \u00e0 m\u2019affirmer, \u00e0 entreprendre quelque chose de nouveau, de significatif pour moi, en d\u00e9pit des risques, des dangers et des limites qui m\u2019habitent et m\u2019entourent.<\/p>\n<p><strong>D\u00e9finition du courage manag\u00e9rial:<\/strong>\u00a0Ma capacit\u00e9 de me mettre en mouvement vers quelque chose qui ne m\u2019est pas naturel \u00e0 priori et qui comporte des risques personnels et organisationnels.<\/p>\n<p>&nbsp;<\/p>\n<p>Ce cours en Courage Manag\u00e9rial est un outil essentiel afin de faciliter la prise de d\u00e9cision, et ce en am\u00e9liorant vos qualit\u00e9s de gestionnaire. La pire chose pour un leader est de ne pas prendre des d\u00e9cisions rapidement et de les reporter.<\/p>\n<p><strong><em>Vos employ\u00e9s ne quittent pas pour une augmentation de salaire mais une augmentation de la reconnaissance et de la valorisation.<\/em><\/strong><\/p>\n<p><strong><em>Formation dans votre entreprise, un investissement dans vos cadres qui donnera des r\u00e9sultats imm\u00e9diats<\/em><\/strong><\/p>\n<p><strong><em>Demain c\u2019est aujourd\u2019hui<\/em><\/strong><\/p>\n<p>La grande \u00c9cole des Affaires<\/p>\n<p>www.lagrandeecoledesaffaires.com<\/p>\n","protected":false},"excerpt":{"rendered":"<p>Courage Manag\u00e9rial = Perform Plus Le courage est-il inn\u00e9e ou il s\u2019apprend et se d\u00e9veloppe? Les swaps team (arm\u00e9e, police, pompiers) sont form\u00e9s pour \u00eatre courageux dans un contexte de connaissance des actions \u00e0 entreprendre et de la r\u00e9ussite escompt\u00e9e. Le courage de d\u00e9cider de prendre des d\u00e9cisions difficiles Le courage d\u2019assumer sa d\u00e9cision Le&hellip;&nbsp;<\/p>\n","protected":false},"author":2,"featured_media":2159,"comment_status":"open","ping_status":"open","sticky":false,"template":"","format":"standard","meta":{"neve_meta_sidebar":"","neve_meta_container":"","neve_meta_enable_content_width":"","neve_meta_content_width":0,"neve_meta_title_alignment":"","neve_meta_author_avatar":"","neve_post_elements_order":"","neve_meta_disable_header":"","neve_meta_disable_footer":"","neve_meta_disable_title":"","footnotes":""},"categories":[30],"tags":[],"class_list":["post-2303","post","type-post","status-publish","format-standard","has-post-thumbnail","hentry","category-infolettre"],"_links":{"self":[{"href":"https:\/\/lagrandeecoledesaffaires.com\/index.php\/wp-json\/wp\/v2\/posts\/2303","targetHints":{"allow":["GET"]}}],"collection":[{"href":"https:\/\/lagrandeecoledesaffaires.com\/index.php\/wp-json\/wp\/v2\/posts"}],"about":[{"href":"https:\/\/lagrandeecoledesaffaires.com\/index.php\/wp-json\/wp\/v2\/types\/post"}],"author":[{"embeddable":true,"href":"https:\/\/lagrandeecoledesaffaires.com\/index.php\/wp-json\/wp\/v2\/users\/2"}],"replies":[{"embeddable":true,"href":"https:\/\/lagrandeecoledesaffaires.com\/index.php\/wp-json\/wp\/v2\/comments?post=2303"}],"version-history":[{"count":3,"href":"https:\/\/lagrandeecoledesaffaires.com\/index.php\/wp-json\/wp\/v2\/posts\/2303\/revisions"}],"predecessor-version":[{"id":2638,"href":"https:\/\/lagrandeecoledesaffaires.com\/index.php\/wp-json\/wp\/v2\/posts\/2303\/revisions\/2638"}],"wp:featuredmedia":[{"embeddable":true,"href":"https:\/\/lagrandeecoledesaffaires.com\/index.php\/wp-json\/wp\/v2\/media\/2159"}],"wp:attachment":[{"href":"https:\/\/lagrandeecoledesaffaires.com\/index.php\/wp-json\/wp\/v2\/media?parent=2303"}],"wp:term":[{"taxonomy":"category","embeddable":true,"href":"https:\/\/lagrandeecoledesaffaires.com\/index.php\/wp-json\/wp\/v2\/categories?post=2303"},{"taxonomy":"post_tag","embeddable":true,"href":"https:\/\/lagrandeecoledesaffaires.com\/index.php\/wp-json\/wp\/v2\/tags?post=2303"}],"curies":[{"name":"wp","href":"https:\/\/api.w.org\/{rel}","templated":true}]}}