{"id":1479,"date":"2017-09-20T13:17:51","date_gmt":"2017-09-20T17:17:51","guid":{"rendered":"https:\/\/lagrandeecoledesaffaires.com\/?p=1479"},"modified":"2017-11-10T14:39:23","modified_gmt":"2017-11-10T19:39:23","slug":"le-courage-managerial-le-courage-de-prendre-des-decisions","status":"publish","type":"post","link":"https:\/\/lagrandeecoledesaffaires.com\/index.php\/le-courage-managerial-le-courage-de-prendre-des-decisions\/","title":{"rendered":"Le Courage Manag\u00e9rial, le courage de prendre des d\u00e9cisions"},"content":{"rendered":"<p><strong>Le Courage Manag\u00e9rial, le courage de prendre des d\u00e9cisions.<\/strong><\/p>\n<p><strong>D\u00e9finition du Courage<\/strong>\u00a0: Ma capacit\u00e9 \u00e0 m\u2019affirmer, \u00e0 entreprendre quelque chose de nouveau et de significatif pour moi, en d\u00e9pit des risques, des dangers et des limites qui m\u2019habitent et m\u2019entourent.<\/p>\n<p><strong>D\u00e9finition du Courage Manag\u00e9rial<\/strong>\u00a0: Ma capacit\u00e9 de me mettre en mouvement vers quelque chose qui ne m\u2019est pas naturel a priori et qui comprend des risques personnels et organisationnels.<\/p>\n<p><strong>6 signes qu\u2019un gestionnaire manque de courage manag\u00e9rial<\/strong><\/p>\n<ul>\n<li>Ne prend pas de positions fermes<\/li>\n<li>N\u2019aborde pas les probl\u00e8mes de front<\/li>\n<li>\u00c9vite les conflits<\/li>\n<li>H\u00e9site \u00e0 trancher vis-\u00e0-vis de son personnel<\/li>\n<li>Ne sait pas comment annoncer une d\u00e9cision difficile<\/li>\n<li>N\u2019ose pas dire tout ce qui doit \u00eatre dit<\/li>\n<\/ul>\n<p><strong>Les leviers du courage<\/strong><\/p>\n<ul>\n<li>Ma morale personnelle. Ce qui est juste pour moi, et pour les autres<\/li>\n<li>La conscience de soi. La peur permet au courage d\u2019\u00eatre<\/li>\n<li>Optimiser et activer ses ressources internes<\/li>\n<li>S\u2019\u00e9valuer justement<\/li>\n<\/ul>\n<p>Le courage manag\u00e9rial est aussi la volont\u00e9 de pers\u00e9v\u00e9rer au quotidien, d\u2019accepter les critiques et de ne pas se laisser aller \u00e0 la facilit\u00e9. Ce n\u2019est pas une mince affaire et demande une grande maitrise et analyse de soi et un contr\u00f4le de ses \u00e9motions.<\/p>\n<p>Bon courage<\/p>\n<p>Raymond Guy Par\u00e9\u00a0 \u00a0 \u00a0 \u00a0Linken<\/p>\n<p><a href=\"mailto:Raymondg.par\u00e9@lagrandeecoledesaffaires.com\">Raymondg.par\u00e9@lagrandeecoledesaffaires.com<\/a><\/p>\n<p><a href=\"https:\/\/lagrandeecoledesaffaires.com\">www.lagrandeecoledesaffaires.com<\/a><\/p>\n<div id=\"ember1151\" class=\"ember-view\">\n<div class=\"reader-article-content\">\n<p><strong>Suggestions de formations\u00a0:<\/strong><\/p>\n<p><strong>Art de n\u00e9gocier Montr\u00e9al 7&amp;8 D\u00e9cembre, Qu\u00e9bec 20 &amp; 21 F\u00e9vrier<\/strong><\/p>\n<p><strong>Courage Manag\u00e9rial Montr\u00e9al 13 D\u00e9cembre, Qu\u00e9bec 6 F\u00e9vrier<\/strong><\/p>\n<p><strong>Leadership de Gestion Montr\u00e9al 1 F\u00e9vrier 2018 Qu\u00e9bec 7 F\u00e9vrier<\/strong><\/p>\n<p><strong>\u00a0Gestion du Changement, 30 &amp; 31 Janvier Montr\u00e9al,Qu\u00e9bec 8 &amp; 9 F\u00e9vrier<\/strong><\/p>\n<p>Gestion de Projet 26 Janvier Montr\u00e9al et 20 Mars Qu\u00e9bec<\/p>\n<p><strong>Adjointes Administration&amp;Direction Montr\u00e9al 6 D\u00e9cembre Qu\u00e9bec 19 F\u00e9vrier<\/strong><\/p>\n<p><strong>Gestion du temps Montr\u00e9al 14 D\u00e9cembre<\/strong><\/p>\n<p><strong>Votre partenaire\u00a0connaissance\/ croissance depuis 25 ans. 25,000 personnes form\u00e9es en n\u00e9gociation.<\/strong><\/p>\n<\/div>\n<\/div>\n<div class=\"reader-flag-content__wrapper mb4 clear-both\" data-ember-action=\"\" data-ember-action-1152=\"1152\">\u00a0O<strong>u dans votre entreprise, adapt\u00e9e \u00e0 votre besoin actuel.<\/strong><\/div>\n<p><strong>\u00a0Conf\u00e9rences ou lac \u00e0 l\u2019\u00e9paule.Coaching<\/strong><\/p>\n","protected":false},"excerpt":{"rendered":"<p>Le Courage Manag\u00e9rial, le courage de prendre des d\u00e9cisions. D\u00e9finition du Courage\u00a0: Ma capacit\u00e9 \u00e0 m\u2019affirmer, \u00e0 entreprendre quelque chose de nouveau et de significatif pour moi, en d\u00e9pit des risques, des dangers et des limites qui m\u2019habitent et m\u2019entourent. D\u00e9finition du Courage Manag\u00e9rial\u00a0: Ma capacit\u00e9 de me mettre en mouvement vers quelque chose qui&hellip;&nbsp;<\/p>\n","protected":false},"author":2,"featured_media":0,"comment_status":"open","ping_status":"open","sticky":false,"template":"","format":"standard","meta":{"neve_meta_sidebar":"","neve_meta_container":"","neve_meta_enable_content_width":"","neve_meta_content_width":0,"neve_meta_title_alignment":"","neve_meta_author_avatar":"","neve_post_elements_order":"","neve_meta_disable_header":"","neve_meta_disable_footer":"","neve_meta_disable_title":"","footnotes":""},"categories":[30,1],"tags":[],"class_list":["post-1479","post","type-post","status-publish","format-standard","hentry","category-infolettre","category-non-classe"],"_links":{"self":[{"href":"https:\/\/lagrandeecoledesaffaires.com\/index.php\/wp-json\/wp\/v2\/posts\/1479","targetHints":{"allow":["GET"]}}],"collection":[{"href":"https:\/\/lagrandeecoledesaffaires.com\/index.php\/wp-json\/wp\/v2\/posts"}],"about":[{"href":"https:\/\/lagrandeecoledesaffaires.com\/index.php\/wp-json\/wp\/v2\/types\/post"}],"author":[{"embeddable":true,"href":"https:\/\/lagrandeecoledesaffaires.com\/index.php\/wp-json\/wp\/v2\/users\/2"}],"replies":[{"embeddable":true,"href":"https:\/\/lagrandeecoledesaffaires.com\/index.php\/wp-json\/wp\/v2\/comments?post=1479"}],"version-history":[{"count":5,"href":"https:\/\/lagrandeecoledesaffaires.com\/index.php\/wp-json\/wp\/v2\/posts\/1479\/revisions"}],"predecessor-version":[{"id":1626,"href":"https:\/\/lagrandeecoledesaffaires.com\/index.php\/wp-json\/wp\/v2\/posts\/1479\/revisions\/1626"}],"wp:attachment":[{"href":"https:\/\/lagrandeecoledesaffaires.com\/index.php\/wp-json\/wp\/v2\/media?parent=1479"}],"wp:term":[{"taxonomy":"category","embeddable":true,"href":"https:\/\/lagrandeecoledesaffaires.com\/index.php\/wp-json\/wp\/v2\/categories?post=1479"},{"taxonomy":"post_tag","embeddable":true,"href":"https:\/\/lagrandeecoledesaffaires.com\/index.php\/wp-json\/wp\/v2\/tags?post=1479"}],"curies":[{"name":"wp","href":"https:\/\/api.w.org\/{rel}","templated":true}]}}