{"id":11021,"date":"2026-08-27T08:22:10","date_gmt":"2026-08-27T12:22:10","guid":{"rendered":"https:\/\/lagrandeecoledesaffaires.com\/?p=11021"},"modified":"2026-08-27T08:22:10","modified_gmt":"2026-08-27T12:22:10","slug":"gestion-dinfluence-dimpact","status":"publish","type":"post","link":"https:\/\/lagrandeecoledesaffaires.com\/index.php\/gestion-dinfluence-dimpact\/","title":{"rendered":"Gestion d&rsquo;influence  &#038; d&rsquo;impact"},"content":{"rendered":"<h3><img loading=\"lazy\" decoding=\"async\" class=\"wp-image-11022 alignleft\" src=\"https:\/\/lagrandeecoledesaffaires.com\/wp-content\/uploads\/2026\/08\/gestion-dinfluence-2026--300x200.png\" alt=\"\" width=\"488\" height=\"325\" srcset=\"https:\/\/lagrandeecoledesaffaires.com\/wp-content\/uploads\/2026\/08\/gestion-dinfluence-2026--300x200.png 300w, https:\/\/lagrandeecoledesaffaires.com\/wp-content\/uploads\/2026\/08\/gestion-dinfluence-2026--1024x683.png 1024w, https:\/\/lagrandeecoledesaffaires.com\/wp-content\/uploads\/2026\/08\/gestion-dinfluence-2026--768x512.png 768w, https:\/\/lagrandeecoledesaffaires.com\/wp-content\/uploads\/2026\/08\/gestion-dinfluence-2026--930x620.png 930w, https:\/\/lagrandeecoledesaffaires.com\/wp-content\/uploads\/2026\/08\/gestion-dinfluence-2026--1320x880.png 1320w, https:\/\/lagrandeecoledesaffaires.com\/wp-content\/uploads\/2026\/08\/gestion-dinfluence-2026--272x182.png 272w, https:\/\/lagrandeecoledesaffaires.com\/wp-content\/uploads\/2026\/08\/gestion-dinfluence-2026-.png 1536w\" sizes=\"auto, (max-width: 488px) 100vw, 488px\" \/><\/h3>\n<h2>D\u00e9veloppez votre capacit\u00e9 \u00e0 mobiliser, convaincre et faire avancer les personnes, les projets et les d\u00e9cisions sans avoir uniquement\u00a0 l&rsquo;autorit\u00e9 ou le pouvoir hi\u00e9rarchique. C&rsquo;est savoir cr\u00e9er suffisamment de confiance, de cr\u00e9dibilit\u00e9 et d&rsquo;adh\u00e9sion pour amener les autres \u00e0 \u00e9couter, comprendre, collaborer et agir<\/h2>\n<h3 class=\"isSelectedEnd\">Dans un environnement o\u00f9 les d\u00e9fis sont nombreux, savoir <strong>influencer avec justesse<\/strong> devient une comp\u00e9tence essentielle.<\/h3>\n<h3>La formation <strong>Gestion d\u2019influence d\u2019impact<\/strong> vous invite \u00e0 d\u00e9velopper une influence positive, consciente et strat\u00e9gique afin de mieux communiquer, rallier les autres et faire avancer vos id\u00e9es avec assurance.<\/h3>\n<h3 class=\"isSelectedEnd\">Cette formation intensive de\u00a0La Grande \u00c9cole des Affaires\u00a0est con\u00e7ue pour aider les gestionnaires, responsables et dirigeants \u00e0 d\u00e9velopper une influence \u00e0 la fois\u00a0strat\u00e9gique, humaine et efficace. Elle permet de conjuguer\u00a0savoir-\u00eatre et savoir-faire\u00a0afin de mieux communiquer, g\u00e9rer les situations d\u00e9licates, exercer son autorit\u00e9 avec justesse et obtenir l\u2019adh\u00e9sion sans confrontation inutile.<\/h3>\n<p class=\"isSelectedEnd\">En d\u00e9veloppant votre\u00a0<strong>\u00e9coute active, votre assertivit\u00e9, votre diplomatie et votre capacit\u00e9 \u00e0 poser les bonnes questions<\/strong>, vous apprendrez \u00e0 mieux comprendre vos interlocuteurs, \u00e0 adapter votre approche et \u00e0 cr\u00e9er les conditions favorables \u00e0 la collaboration.<\/p>\n<p class=\"isSelectedEnd\">Cette journ\u00e9e pratique vous donnera des outils concrets pour\u00a0<strong>influencer sans imposer, dire non avec assurance, g\u00e9rer les d\u00e9saccords, responsabiliser les \u00e9quipes et mobiliser autour d\u2019objectifs communs<\/strong>. Ax\u00e9e sur la vision, la strat\u00e9gie et l&rsquo;esprit d&rsquo;\u00e9quipe.<\/p>\n<p class=\"isSelectedEnd\">Vous d\u00e9couvrirez notamment comment utiliser\u00a0<strong>les quatre leviers de l\u2019influence<\/strong>\u00a0pour renforcer la confiance, am\u00e9liorer les relations, favoriser la responsabilisation et faire progresser les r\u00e9sultats.<\/p>\n<h2>\u00c0 la fin de cette formation, vous serez capable de :<\/h2>\n<ul data-spread=\"false\">\n<li><b>Renforcement du Leadership Personnel\u00a0<\/b><\/li>\n<li><b>Prise de D\u00e9cision Strat\u00e9gique<\/b><\/li>\n<li><b>Am\u00e9lioration de la Coh\u00e9sion d&rsquo;\u00c9quipe<\/b><\/li>\n<li><b>Meilleure Gestion de la Pression<\/b><\/li>\n<li><b>Culture d&rsquo;Entreprise Innovante<\/b><\/li>\n<li><b>Flexibilit\u00e9 des Modalit\u00e9s<\/b><\/li>\n<\/ul>\n<h3><span style=\"color: #000080;\"><em>Profitez d\u2019une formation disponible en\u00a0<b>webinaire interactif<\/b>\u00a0(matin et apr\u00e8s-midi) ou en\u00a0<b>pr\u00e9sentiel<\/b>\u00a0au sein de votre organisation, et ce, m\u00eame les fins de semaine.<\/em><\/span><\/h3>\n<p><strong>La Grande \u00c9cole des Affaires<\/strong> est votre partenaire de confiance depuis\u00a0<b>32 ans<\/b>\u00a0dans le d\u00e9veloppement des comp\u00e9tences manag\u00e9riales. Notre expertise garantit une formation immersive et concr\u00e8te, reconnue par\u00a0<b>Emploi Qu\u00e9bec<\/b>\u00a0et les\u00a0<b>Ordres professionnels<\/b>\u00a0pour l&rsquo;obtention d&rsquo;unit\u00e9s de formation continue (UFC). En choisissant notre programme, vous investissez dans un savoir-faire certifi\u00e9 qui aura un impact direct et mesurable sur l&rsquo;agilit\u00e9, la productivit\u00e9 et la r\u00e9tention des talents au sein de votre organisation.<\/p>\n<p>www.lagrandeecoledesaffaires.com &#8211; info@lagrandeecoledesaffaires.com 450 335-1775<\/p>\n<p>Prochaine formation en webinaire: 21 septembre 2026 de 9 h \u00e0 11 h 30 et de 13 h \u00e0 15 h 30<\/p>\n","protected":false},"excerpt":{"rendered":"<p>D\u00e9veloppez votre capacit\u00e9 \u00e0 mobiliser, convaincre et faire avancer les personnes, les projets et les d\u00e9cisions sans avoir uniquement\u00a0 l&rsquo;autorit\u00e9 ou le pouvoir hi\u00e9rarchique. C&rsquo;est savoir cr\u00e9er suffisamment de confiance, de cr\u00e9dibilit\u00e9 et d&rsquo;adh\u00e9sion pour amener les autres \u00e0 \u00e9couter, comprendre, collaborer et agir Dans un environnement o\u00f9 les d\u00e9fis sont nombreux, savoir influencer avec&hellip;&nbsp;<\/p>\n","protected":false},"author":2,"featured_media":10622,"comment_status":"open","ping_status":"open","sticky":false,"template":"","format":"standard","meta":{"neve_meta_sidebar":"","neve_meta_container":"","neve_meta_enable_content_width":"off","neve_meta_content_width":70,"neve_meta_title_alignment":"","neve_meta_author_avatar":"","neve_post_elements_order":"","neve_meta_disable_header":"","neve_meta_disable_footer":"","neve_meta_disable_title":"","footnotes":""},"categories":[30],"tags":[],"class_list":["post-11021","post","type-post","status-publish","format-standard","has-post-thumbnail","hentry","category-infolettre"],"_links":{"self":[{"href":"https:\/\/lagrandeecoledesaffaires.com\/index.php\/wp-json\/wp\/v2\/posts\/11021","targetHints":{"allow":["GET"]}}],"collection":[{"href":"https:\/\/lagrandeecoledesaffaires.com\/index.php\/wp-json\/wp\/v2\/posts"}],"about":[{"href":"https:\/\/lagrandeecoledesaffaires.com\/index.php\/wp-json\/wp\/v2\/types\/post"}],"author":[{"embeddable":true,"href":"https:\/\/lagrandeecoledesaffaires.com\/index.php\/wp-json\/wp\/v2\/users\/2"}],"replies":[{"embeddable":true,"href":"https:\/\/lagrandeecoledesaffaires.com\/index.php\/wp-json\/wp\/v2\/comments?post=11021"}],"version-history":[{"count":3,"href":"https:\/\/lagrandeecoledesaffaires.com\/index.php\/wp-json\/wp\/v2\/posts\/11021\/revisions"}],"predecessor-version":[{"id":11026,"href":"https:\/\/lagrandeecoledesaffaires.com\/index.php\/wp-json\/wp\/v2\/posts\/11021\/revisions\/11026"}],"wp:featuredmedia":[{"embeddable":true,"href":"https:\/\/lagrandeecoledesaffaires.com\/index.php\/wp-json\/wp\/v2\/media\/10622"}],"wp:attachment":[{"href":"https:\/\/lagrandeecoledesaffaires.com\/index.php\/wp-json\/wp\/v2\/media?parent=11021"}],"wp:term":[{"taxonomy":"category","embeddable":true,"href":"https:\/\/lagrandeecoledesaffaires.com\/index.php\/wp-json\/wp\/v2\/categories?post=11021"},{"taxonomy":"post_tag","embeddable":true,"href":"https:\/\/lagrandeecoledesaffaires.com\/index.php\/wp-json\/wp\/v2\/tags?post=11021"}],"curies":[{"name":"wp","href":"https:\/\/api.w.org\/{rel}","templated":true}]}}