{"id":10958,"date":"2026-08-11T11:43:52","date_gmt":"2026-08-11T15:43:52","guid":{"rendered":"https:\/\/lagrandeecoledesaffaires.com\/?p=10958"},"modified":"2026-08-11T11:43:52","modified_gmt":"2026-08-11T15:43:52","slug":"passer-de-lautorite-par-ladhesion-et-la-gestion-dinfluence","status":"publish","type":"post","link":"https:\/\/lagrandeecoledesaffaires.com\/index.php\/passer-de-lautorite-par-ladhesion-et-la-gestion-dinfluence\/","title":{"rendered":"PASSER DE L&rsquo;AUTORIT\u00c9 PAR L&rsquo;ADH\u00c9SION ET LA GESTION D&rsquo;INFLUENCE"},"content":{"rendered":"<h3><img loading=\"lazy\" decoding=\"async\" class=\"wp-image-10959 alignleft\" src=\"https:\/\/lagrandeecoledesaffaires.com\/wp-content\/uploads\/2026\/08\/Courage-leaders-1-300x170-1.jpg\" alt=\"\" width=\"356\" height=\"202\" \/><\/h3>\n<h2><strong>GESTION D&rsquo;INFLUENCE<\/strong><\/h2>\n<h3>D\u00e9veloppez votre capacit\u00e9 \u00e0 mobiliser, convaincre et faire avancer les autres sans imposer.<\/h3>\n<p class=\"isSelectedEnd\">Dans un environnement professionnel en constante acc\u00e9l\u00e9ration et incertitude, <strong>la capacit\u00e9 d\u2019influencer positivement est devenue une comp\u00e9tence essentielle<\/strong> pour mobiliser les \u00e9quipes, faciliter les d\u00e9cisions et g\u00e9n\u00e9rer des r\u00e9sultats durables.<\/p>\n<p>Cette formation intensive de <strong>La Grande \u00c9cole des Affaires<\/strong> est con\u00e7ue pour aider les gestionnaires et dirigeants \u00e0 d\u00e9velopper une influence \u00e0 la fois <strong>strat\u00e9gique, humaine et efficace<\/strong>. Elle permet de conjuguer <strong>savoir-\u00eatre et savoir-faire<\/strong> afin de mieux communiquer, g\u00e9rer les situations d\u00e9licates, exercer son autorit\u00e9 avec justesse et obtenir l\u2019adh\u00e9sion sans confrontation inutile.<\/p>\n<p>En d\u00e9veloppant votre <strong>\u00e9coute active, votre assertivit\u00e9, votre diplomatie et votre capacit\u00e9 \u00e0 poser les bonnes questions<\/strong>, vous apprendrez \u00e0 mieux comprendre vos interlocuteurs, \u00e0 adapter votre approche et \u00e0 cr\u00e9er les conditions favorables \u00e0 la collaboration.<\/p>\n<p>Cette journ\u00e9e pratique vous donnera des outils concrets pour <strong>influencer sans imposer, dire non avec assurance, g\u00e9rer les d\u00e9saccords, responsabiliser les \u00e9quipes et mobiliser autour d\u2019objectifs communs<\/strong>.<\/p>\n<h3>L\u2019objectif : passer de l\u2019autorit\u00e9 \u00e0 l\u2019adh\u00e9sion.<\/h3>\n<p>D\u00e9veloppez une influence qui vous permet de cr\u00e9er une culture du <strong>\u00ab JE \u00bb et du \u00ab NOUS+ \u00bb<\/strong>, o\u00f9 chacun contribue davantage, communique mieux et participe activement \u00e0 la performance collective.<\/p>\n<h3>La Grande \u00c9cole des Affaires est au service de la communaut\u00e9 depuis d\u00e9j\u00e0 32 ans.<\/h3>\n<p><strong>Prochaine formation en Web: 21 septembre 2026 ou le 25 novembre 2026.<\/strong><\/p>\n<p><span style=\"color: #000080;\">www.lagrandeecoledesaffaires.com<\/span>\u00a0 \u00a0<span style=\"color: #000080;\">aidenegociation.com<\/span><\/p>\n<p><img loading=\"lazy\" decoding=\"async\" class=\" wp-image-10949 aligncenter\" src=\"https:\/\/lagrandeecoledesaffaires.com\/wp-content\/uploads\/2026\/08\/Leaders-4-300x200-1.jpg\" alt=\"\" width=\"345\" height=\"230\" srcset=\"https:\/\/lagrandeecoledesaffaires.com\/wp-content\/uploads\/2026\/08\/Leaders-4-300x200-1.jpg 300w, https:\/\/lagrandeecoledesaffaires.com\/wp-content\/uploads\/2026\/08\/Leaders-4-300x200-1-272x182.jpg 272w\" sizes=\"auto, (max-width: 345px) 100vw, 345px\" \/><\/p>\n<p>&nbsp;<\/p>\n","protected":false},"excerpt":{"rendered":"<p>GESTION D&rsquo;INFLUENCE D\u00e9veloppez votre capacit\u00e9 \u00e0 mobiliser, convaincre et faire avancer les autres sans imposer. Dans un environnement professionnel en constante acc\u00e9l\u00e9ration et incertitude, la capacit\u00e9 d\u2019influencer positivement est devenue une comp\u00e9tence essentielle pour mobiliser les \u00e9quipes, faciliter les d\u00e9cisions et g\u00e9n\u00e9rer des r\u00e9sultats durables. Cette formation intensive de La Grande \u00c9cole des Affaires est&hellip;&nbsp;<\/p>\n","protected":false},"author":2,"featured_media":10709,"comment_status":"open","ping_status":"open","sticky":false,"template":"","format":"standard","meta":{"neve_meta_sidebar":"","neve_meta_container":"","neve_meta_enable_content_width":"off","neve_meta_content_width":70,"neve_meta_title_alignment":"","neve_meta_author_avatar":"","neve_post_elements_order":"","neve_meta_disable_header":"","neve_meta_disable_footer":"","neve_meta_disable_title":"","footnotes":""},"categories":[30],"tags":[],"class_list":["post-10958","post","type-post","status-publish","format-standard","has-post-thumbnail","hentry","category-infolettre"],"_links":{"self":[{"href":"https:\/\/lagrandeecoledesaffaires.com\/index.php\/wp-json\/wp\/v2\/posts\/10958","targetHints":{"allow":["GET"]}}],"collection":[{"href":"https:\/\/lagrandeecoledesaffaires.com\/index.php\/wp-json\/wp\/v2\/posts"}],"about":[{"href":"https:\/\/lagrandeecoledesaffaires.com\/index.php\/wp-json\/wp\/v2\/types\/post"}],"author":[{"embeddable":true,"href":"https:\/\/lagrandeecoledesaffaires.com\/index.php\/wp-json\/wp\/v2\/users\/2"}],"replies":[{"embeddable":true,"href":"https:\/\/lagrandeecoledesaffaires.com\/index.php\/wp-json\/wp\/v2\/comments?post=10958"}],"version-history":[{"count":2,"href":"https:\/\/lagrandeecoledesaffaires.com\/index.php\/wp-json\/wp\/v2\/posts\/10958\/revisions"}],"predecessor-version":[{"id":10961,"href":"https:\/\/lagrandeecoledesaffaires.com\/index.php\/wp-json\/wp\/v2\/posts\/10958\/revisions\/10961"}],"wp:featuredmedia":[{"embeddable":true,"href":"https:\/\/lagrandeecoledesaffaires.com\/index.php\/wp-json\/wp\/v2\/media\/10709"}],"wp:attachment":[{"href":"https:\/\/lagrandeecoledesaffaires.com\/index.php\/wp-json\/wp\/v2\/media?parent=10958"}],"wp:term":[{"taxonomy":"category","embeddable":true,"href":"https:\/\/lagrandeecoledesaffaires.com\/index.php\/wp-json\/wp\/v2\/categories?post=10958"},{"taxonomy":"post_tag","embeddable":true,"href":"https:\/\/lagrandeecoledesaffaires.com\/index.php\/wp-json\/wp\/v2\/tags?post=10958"}],"curies":[{"name":"wp","href":"https:\/\/api.w.org\/{rel}","templated":true}]}}